{"id":1186,"date":"2025-12-01T04:50:59","date_gmt":"2025-12-01T04:50:59","guid":{"rendered":"https:\/\/fashubash.com\/fr\/?p=1186"},"modified":"2025-12-01T22:03:10","modified_gmt":"2025-12-01T22:03:10","slug":"theo-fernandez-fortune","status":"publish","type":"post","link":"https:\/\/fashubash.com\/fr\/theo-fernandez-fortune\/","title":{"rendered":"Th\u00e9o Fernandez Fortune : Ce que r\u00e9v\u00e8le sa valeur nette 2025"},"content":{"rendered":"<p data-start=\"275\" data-end=\"767\">Th\u00e9o Fernandez est n\u00e9 le <strong data-start=\"300\" data-end=\"332\">18 septembre 1998 \u00e0 Toulouse<\/strong>, dans le sud-ouest de la France. Il a grandi dans une famille de classe moyenne et a pass\u00e9 son enfance \u00e0 Toulouse. Vers l\u2019\u00e2ge de cinq ans, ses parents se s\u00e9parent : il part alors vivre avec sa m\u00e8re en r\u00e9gion parisienne, tandis que son p\u00e8re, <strong data-start=\"574\" data-end=\"593\">Roman Fernandez<\/strong>, reste \u00e0 Toulouse. Ainsi, son enfance se partage entre Toulouse et Paris : il vit aupr\u00e8s de sa m\u00e8re tout en conservant un lien fort avec sa ville natale, o\u00f9 r\u00e9side son p\u00e8re.<\/p>\n<p data-start=\"769\" data-end=\"1531\">D\u00e8s son plus jeune \u00e2ge, Fernandez manifeste un vif int\u00e9r\u00eat pour le cin\u00e9ma et le jeu d\u2019acteur. Il raconte qu\u2019\u00e0 seulement trois ou quatre ans, il disait d\u00e9j\u00e0 qu\u2019il \u00ab <strong data-start=\"933\" data-end=\"960\">voulait \u00eatre sur un DVD<\/strong> \u00bb, autrement dit appara\u00eetre dans des films. Parmi ses premi\u00e8res inspirations figure le film culte <em data-start=\"1059\" data-end=\"1084\">Phantom of the Paradise<\/em> de Brian De Palma, qu\u2019il d\u00e9couvre enfant et qui le fascine. Ce film \u00e9veille chez lui l\u2019envie de \u00ab <strong data-start=\"1183\" data-end=\"1216\">faire comme l\u2019homme \u00e0 l\u2019\u00e9cran<\/strong> \u00bb, c\u2019est-\u00e0-dire devenir acteur. Encourag\u00e9 par sa m\u00e8re, il commence \u00e0 suivre des cours de th\u00e9\u00e2tre vers six ans. Celle-ci pensait d\u2019abord que cette passion ne durerait pas, mais apr\u00e8s avoir constat\u00e9 combien son fils s\u2019\u00e9panouissait sur sc\u00e8ne, elle accepte qu\u2019il poursuive cette voie artistique d\u00e8s son plus jeune \u00e2ge.<\/p>\n<p data-start=\"1533\" data-end=\"2149\">Fernandez suit sa scolarit\u00e9 en France tout en menant simultan\u00e9ment des activit\u00e9s d\u2019acteur enfant. Il fr\u00e9quente l\u2019\u00e9cole normalement jusqu\u2019au d\u00e9but de l\u2019adolescence, mais vers l\u2019\u00e2ge de seize ans, les exigences de sa carri\u00e8re rendent difficile la poursuite d\u2019un cursus traditionnel. Il termine finalement sa formation secondaire en candidat libre, obtenant son <strong data-start=\"1891\" data-end=\"1907\">baccalaur\u00e9at<\/strong> apr\u00e8s avoir r\u00e9ussi l\u2019examen lors de sa seconde tentative. Cette r\u00e9ussite lui permet d\u2019obtenir un dipl\u00f4me officiel tout en poursuivant sa trajectoire de jeune acteur, sans lien direct \u00e0 ce stade avec la suite de sa carri\u00e8re cin\u00e9matographique.<\/p>\n<blockquote class=\"instagram-media\" style=\"background: #FFF; border: 0; border-radius: 3px; box-shadow: 0 0 1px 0 rgba(0,0,0,0.5),0 1px 10px 0 rgba(0,0,0,0.15); margin: 1px; max-width: 540px; min-width: 326px; padding: 0; width: calc(100% - 2px);\" data-instgrm-permalink=\"https:\/\/www.instagram.com\/p\/DQuFPxviGeN\/?utm_source=ig_embed&amp;utm_campaign=loading\" data-instgrm-version=\"14\">\n<div style=\"padding: 16px;\">\n<p>&nbsp;<\/p>\n<div style=\"display: flex; flex-direction: row; align-items: center;\">\n<div style=\"background-color: #f4f4f4; border-radius: 50%; flex-grow: 0; height: 40px; margin-right: 14px; width: 40px;\"><\/div>\n<div style=\"display: flex; flex-direction: column; flex-grow: 1; justify-content: center;\">\n<div style=\"background-color: #f4f4f4; border-radius: 4px; flex-grow: 0; height: 14px; margin-bottom: 6px; width: 100px;\"><\/div>\n<div style=\"background-color: #f4f4f4; border-radius: 4px; flex-grow: 0; height: 14px; width: 60px;\"><\/div>\n<\/div>\n<\/div>\n<div style=\"padding: 19% 0;\"><\/div>\n<div style=\"display: block; height: 50px; margin: 0 auto 12px; width: 50px;\"><\/div>\n<div style=\"padding-top: 8px;\">\n<div style=\"color: #3897f0; font-family: Arial,sans-serif; font-size: 14px; font-style: normal; font-weight: 550; line-height: 18px;\">View this post on Instagram<\/div>\n<\/div>\n<div style=\"padding: 12.5% 0;\"><\/div>\n<div style=\"display: flex; flex-direction: row; margin-bottom: 14px; align-items: center;\">\n<div>\n<div style=\"background-color: #f4f4f4; border-radius: 50%; height: 12.5px; width: 12.5px; transform: translateX(0px) translateY(7px);\"><\/div>\n<div style=\"background-color: #f4f4f4; height: 12.5px; transform: rotate(-45deg) translateX(3px) translateY(1px); width: 12.5px; flex-grow: 0; margin-right: 14px; margin-left: 2px;\"><\/div>\n<div style=\"background-color: #f4f4f4; border-radius: 50%; height: 12.5px; width: 12.5px; transform: translateX(9px) translateY(-18px);\"><\/div>\n<\/div>\n<div style=\"margin-left: 8px;\">\n<div style=\"background-color: #f4f4f4; border-radius: 50%; flex-grow: 0; height: 20px; width: 20px;\"><\/div>\n<div style=\"width: 0; height: 0; border-top: 2px solid transparent; border-left: 6px solid #f4f4f4; border-bottom: 2px solid transparent; transform: translateX(16px) translateY(-4px) rotate(30deg);\"><\/div>\n<\/div>\n<div style=\"margin-left: auto;\">\n<div style=\"width: 0px; border-top: 8px solid #F4F4F4; border-right: 8px solid transparent; transform: translateY(16px);\"><\/div>\n<div style=\"background-color: #f4f4f4; flex-grow: 0; height: 12px; width: 16px; transform: translateY(-4px);\"><\/div>\n<div style=\"width: 0; height: 0; border-top: 8px solid #F4F4F4; border-left: 8px solid transparent; transform: translateY(-4px) translateX(8px);\"><\/div>\n<\/div>\n<\/div>\n<div style=\"display: flex; flex-direction: column; flex-grow: 1; justify-content: center; margin-bottom: 24px;\">\n<div style=\"background-color: #f4f4f4; border-radius: 4px; flex-grow: 0; height: 14px; margin-bottom: 6px; width: 224px;\"><\/div>\n<div style=\"background-color: #f4f4f4; border-radius: 4px; flex-grow: 0; height: 14px; width: 144px;\"><\/div>\n<\/div>\n<p>&nbsp;<\/p>\n<p style=\"color: #c9c8cd; font-family: Arial,sans-serif; font-size: 14px; line-height: 17px; margin-bottom: 0; margin-top: 8px; overflow: hidden; padding: 8px 0 7px; text-align: center; text-overflow: ellipsis; white-space: nowrap;\"><a style=\"color: #c9c8cd; font-family: Arial,sans-serif; font-size: 14px; font-style: normal; font-weight: normal; line-height: 17px; text-decoration: none;\" href=\"https:\/\/www.instagram.com\/p\/DQuFPxviGeN\/?utm_source=ig_embed&amp;utm_campaign=loading\" target=\"_blank\" rel=\"noopener\">A post shared by Festival du Film de Come\u0301die (@fifcl)<\/a><\/p>\n<\/div>\n<\/blockquote>\n<p><script async src=\"\/\/www.instagram.com\/embed.js\"><\/script><\/p>\n<table>\n<thead>\n<tr>\n<th><strong>Fait<\/strong><\/th>\n<th><strong>D\u00e9tails<\/strong><\/th>\n<\/tr>\n<\/thead>\n<tbody>\n<tr>\n<td>1. Nom complet<\/td>\n<td>Th\u00e9o Fernandez<\/td>\n<\/tr>\n<tr>\n<td>2. Date de naissance<\/td>\n<td>18 septembre 1998<\/td>\n<\/tr>\n<tr>\n<td>3. Lieu de naissance<\/td>\n<td>Toulouse, France<\/td>\n<\/tr>\n<tr>\n<td>4. Fortune (Valeur nette)<\/td>\n<td>Estim\u00e9e \u00e0 3 millions de dollars en 2025<\/td>\n<\/tr>\n<tr>\n<td>5. D\u00e9placement dans l\u2019enfance<\/td>\n<td>A d\u00e9m\u00e9nag\u00e9 en r\u00e9gion parisienne apr\u00e8s la s\u00e9paration de ses parents<\/td>\n<\/tr>\n<tr>\n<td>6. D\u00e9but du th\u00e9\u00e2tre<\/td>\n<td>A commenc\u00e9 les cours de th\u00e9\u00e2tre \u00e0 l\u2019\u00e2ge de 6 ans<\/td>\n<\/tr>\n<tr>\n<td>7. Premier r\u00f4le au cin\u00e9ma<\/td>\n<td><em>Le Village des ombres<\/em> (2010) \u00e0 l\u2019\u00e2ge de 9 ans<\/td>\n<\/tr>\n<tr>\n<td>8. R\u00f4le r\u00e9v\u00e9lateur<\/td>\n<td>Donald \u201cCoin-Coin\u201d Tuche dans <em>Les Tuche<\/em> (2011)<\/td>\n<\/tr>\n<tr>\n<td>9. Parcours scolaire<\/td>\n<td>A obtenu son baccalaur\u00e9at en candidat libre<\/td>\n<\/tr>\n<tr>\n<td>10. R\u00f4le principal \u00e0 la t\u00e9l\u00e9vision<\/td>\n<td>Lucas \u201cLux\u201d Landin dans <em>Stalk<\/em> (2020\u2013)<\/td>\n<\/tr>\n<tr>\n<td>11. Projet entrepreneurial<\/td>\n<td>Co-fondateur de <em>AnyOne<\/em>, une \u00e9cole de jeu en ligne, en 2023<\/td>\n<\/tr>\n<\/tbody>\n<\/table>\n<h2 data-start=\"2156\" data-end=\"2182\">D\u00e9buts de carri\u00e8re<\/h2>\n<p data-start=\"2184\" data-end=\"3006\">Th\u00e9o Fernandez commence \u00e0 jouer tr\u00e8s t\u00f4t, posant les bases de sa future carri\u00e8re. Ses cours de th\u00e9\u00e2tre d\u00e8s l\u2019\u00e2ge de six ans l\u2019am\u00e8nent rapidement \u00e0 auditionner pour des r\u00f4les alors qu\u2019il est encore en primaire. \u00c0 neuf ans, il fait ses d\u00e9buts \u00e0 l\u2019\u00e9cran dans le film d\u2019horreur fran\u00e7ais <strong data-start=\"2467\" data-end=\"2492\">Le Village des ombres<\/strong> (2010), o\u00f9 il obtient un r\u00f4le secondaire, sa premi\u00e8re apparition dans un long m\u00e9trage. La m\u00eame p\u00e9riode, il joue \u00e9galement dans un t\u00e9l\u00e9film, acqu\u00e9rant ainsi une premi\u00e8re exp\u00e9rience devant la cam\u00e9ra. \u00c0 douze ans, il conna\u00eet son v\u00e9ritable tournant lorsqu\u2019il est choisi pour incarner <strong data-start=\"2773\" data-end=\"2801\">Donald \u201cCoin-Coin\u201d Tuche<\/strong> dans la com\u00e9die <em data-start=\"2818\" data-end=\"2829\">Les Tuche<\/em> (2011), un r\u00f4le qui le fera rapidement conna\u00eetre du grand public. Le succ\u00e8s du film lui ouvre les portes du cin\u00e9ma fran\u00e7ais et lance officiellement sa carri\u00e8re professionnelle.<\/p>\n<h3 data-start=\"3013\" data-end=\"3059\">\u00c9volution de carri\u00e8re et r\u00f4les majeurs<\/h3>\n<p data-start=\"3061\" data-end=\"3587\">Apr\u00e8s ses d\u00e9buts prometteurs, Fernandez \u00e9largit progressivement son registre en encha\u00eenant des r\u00f4les vari\u00e9s au cin\u00e9ma comme \u00e0 la t\u00e9l\u00e9vision. Il reprend son personnage f\u00e9tiche Donald Tuche dans <strong data-start=\"3254\" data-end=\"3289\">Les Tuche 2 : Le R\u00eave am\u00e9ricain<\/strong> (2016), <strong data-start=\"3298\" data-end=\"3347\">Les Tuche 3 : Libert\u00e9, \u00c9galit\u00e9, Fraternituche<\/strong> (2018) et <strong data-start=\"3358\" data-end=\"3373\">Les Tuche 4<\/strong> (2021). Interpr\u00e9ter le benjamin de la famille Tuche sur plusieurs films lui permet de grandir en m\u00eame temps que son personnage et de passer naturellement du statut d\u2019enfant acteur \u00e0 celui de jeune adulte confirm\u00e9.<\/p>\n<p data-start=\"3589\" data-end=\"4353\">Entre ces com\u00e9dies populaires, Fernandez varie les genres pour d\u00e9montrer sa polyvalence. Il joue un r\u00f4le principal dans le film d\u2019horreur <strong data-start=\"3727\" data-end=\"3747\">Among the Living<\/strong> (2014), incarne un adolescent dans le drame initiatique <strong data-start=\"3804\" data-end=\"3838\">Trois souvenirs de ma jeunesse<\/strong> (<em data-start=\"3840\" data-end=\"3856\">My Golden Days<\/em>, 2015) d\u2019Arnaud Desplechin, et rejoint la distribution de la com\u00e9die sportive <strong data-start=\"3935\" data-end=\"3952\">La Dream Team<\/strong> (2016). En 2017, il interpr\u00e8te un jeune en difficult\u00e9 dans le drame social <strong data-start=\"4028\" data-end=\"4052\">De toutes mes forces<\/strong>. En 2018, il obtient un r\u00f4le phare en incarnant le personnage principal dans <strong data-start=\"4130\" data-end=\"4148\">Gaston Lagaffe<\/strong>, adaptation en prises de vues r\u00e9elles de la c\u00e9l\u00e8bre BD belge. En pr\u00eatant ses traits \u00e0 Gaston, antih\u00e9ros maladroit et attachant, il confirme ses talents pour la com\u00e9die physique et les personnages d\u00e9cal\u00e9s.<\/p>\n<p data-start=\"4355\" data-end=\"4782\">Parall\u00e8lement \u00e0 sa carri\u00e8re cin\u00e9matographique, Fernandez s\u2019impose \u00e9galement \u00e0 la t\u00e9l\u00e9vision. Apr\u00e8s plusieurs t\u00e9l\u00e9films, il d\u00e9croche des r\u00f4les r\u00e9currents dans des s\u00e9ries remarqu\u00e9es. En 2017, il incarne un adolescent au c\u0153ur de l\u2019intrigue familiale d\u00e9cal\u00e9e de la s\u00e9rie <strong data-start=\"4622\" data-end=\"4639\">Irresponsable<\/strong>. En 2019, il participe \u00e0 la mini-s\u00e9rie historique <strong data-start=\"4690\" data-end=\"4716\">Le Bazar de la Charit\u00e9<\/strong>, connue \u00e0 l\u2019international sous le titre <em data-start=\"4757\" data-end=\"4781\">The Bonfire of Destiny<\/em>.<\/p>\n<p data-start=\"4784\" data-end=\"5374\">Son r\u00f4le t\u00e9l\u00e9visuel le plus marquant arrive en 2020 avec la s\u00e9rie techno-thriller <strong data-start=\"4866\" data-end=\"4875\">Stalk<\/strong>. Il y interpr\u00e8te <strong data-start=\"4893\" data-end=\"4915\">Lucas \u201cLux\u201d Landin<\/strong>, un \u00e9tudiant brillant mais isol\u00e9 en ing\u00e9nierie informatique, qui se met \u00e0 espionner ill\u00e9galement ses camarades. Ce r\u00f4le principal, port\u00e9 sur plusieurs saisons d\u2019une plateforme nationale, lui permet d\u2019explorer une complexit\u00e9 psychologique nouvelle et d\u2019affirmer ses capacit\u00e9s dramatiques. Gr\u00e2ce \u00e0 ces personnages vari\u00e9s dans des genres diff\u00e9rents, Fernandez s\u2019impose comme un acteur polyvalent, \u00e0 l\u2019aise dans la com\u00e9die, l\u2019horreur, le drame comme le thriller.<\/p>\n<blockquote class=\"instagram-media\" style=\"background: #FFF; border: 0; border-radius: 3px; box-shadow: 0 0 1px 0 rgba(0,0,0,0.5),0 1px 10px 0 rgba(0,0,0,0.15); margin: 1px; max-width: 540px; min-width: 326px; padding: 0; width: calc(100% - 2px);\" data-instgrm-permalink=\"https:\/\/www.instagram.com\/p\/DO8-tEYDITU\/?utm_source=ig_embed&amp;utm_campaign=loading\" data-instgrm-version=\"14\">\n<div style=\"padding: 16px;\">\n<p>&nbsp;<\/p>\n<div style=\"display: flex; flex-direction: row; align-items: center;\">\n<div style=\"background-color: #f4f4f4; border-radius: 50%; flex-grow: 0; height: 40px; margin-right: 14px; width: 40px;\"><\/div>\n<div style=\"display: flex; flex-direction: column; flex-grow: 1; justify-content: center;\">\n<div style=\"background-color: #f4f4f4; border-radius: 4px; flex-grow: 0; height: 14px; margin-bottom: 6px; width: 100px;\"><\/div>\n<div style=\"background-color: #f4f4f4; border-radius: 4px; flex-grow: 0; height: 14px; width: 60px;\"><\/div>\n<\/div>\n<\/div>\n<div style=\"padding: 19% 0;\"><\/div>\n<div style=\"display: block; height: 50px; margin: 0 auto 12px; width: 50px;\"><\/div>\n<div style=\"padding-top: 8px;\">\n<div style=\"color: #3897f0; font-family: Arial,sans-serif; font-size: 14px; font-style: normal; font-weight: 550; line-height: 18px;\">View this post on Instagram<\/div>\n<\/div>\n<div style=\"padding: 12.5% 0;\"><\/div>\n<div style=\"display: flex; flex-direction: row; margin-bottom: 14px; align-items: center;\">\n<div>\n<div style=\"background-color: #f4f4f4; border-radius: 50%; height: 12.5px; width: 12.5px; transform: translateX(0px) translateY(7px);\"><\/div>\n<div style=\"background-color: #f4f4f4; height: 12.5px; transform: rotate(-45deg) translateX(3px) translateY(1px); width: 12.5px; flex-grow: 0; margin-right: 14px; margin-left: 2px;\"><\/div>\n<div style=\"background-color: #f4f4f4; border-radius: 50%; height: 12.5px; width: 12.5px; transform: translateX(9px) translateY(-18px);\"><\/div>\n<\/div>\n<div style=\"margin-left: 8px;\">\n<div style=\"background-color: #f4f4f4; border-radius: 50%; flex-grow: 0; height: 20px; width: 20px;\"><\/div>\n<div style=\"width: 0; height: 0; border-top: 2px solid transparent; border-left: 6px solid #f4f4f4; border-bottom: 2px solid transparent; transform: translateX(16px) translateY(-4px) rotate(30deg);\"><\/div>\n<\/div>\n<div style=\"margin-left: auto;\">\n<div style=\"width: 0px; border-top: 8px solid #F4F4F4; border-right: 8px solid transparent; transform: translateY(16px);\"><\/div>\n<div style=\"background-color: #f4f4f4; flex-grow: 0; height: 12px; width: 16px; transform: translateY(-4px);\"><\/div>\n<div style=\"width: 0; height: 0; border-top: 8px solid #F4F4F4; border-left: 8px solid transparent; transform: translateY(-4px) translateX(8px);\"><\/div>\n<\/div>\n<\/div>\n<div style=\"display: flex; flex-direction: column; flex-grow: 1; justify-content: center; margin-bottom: 24px;\">\n<div style=\"background-color: #f4f4f4; border-radius: 4px; flex-grow: 0; height: 14px; margin-bottom: 6px; width: 224px;\"><\/div>\n<div style=\"background-color: #f4f4f4; border-radius: 4px; flex-grow: 0; height: 14px; width: 144px;\"><\/div>\n<\/div>\n<p>&nbsp;<\/p>\n<p style=\"color: #c9c8cd; font-family: Arial,sans-serif; font-size: 14px; line-height: 17px; margin-bottom: 0; margin-top: 8px; overflow: hidden; padding: 8px 0 7px; text-align: center; text-overflow: ellipsis; white-space: nowrap;\"><a style=\"color: #c9c8cd; font-family: Arial,sans-serif; font-size: 14px; font-style: normal; font-weight: normal; line-height: 17px; text-decoration: none;\" href=\"https:\/\/www.instagram.com\/p\/DO8-tEYDITU\/?utm_source=ig_embed&amp;utm_campaign=loading\" target=\"_blank\" rel=\"noopener\">A post shared by Th\u00e9o Fernandez (@_theofernandez)<\/a><\/p>\n<\/div>\n<\/blockquote>\n<p><script async src=\"\/\/www.instagram.com\/embed.js\"><\/script><\/p>\n<h3 data-start=\"5381\" data-end=\"5410\">R\u00e9alisations majeures<\/h3>\n<p data-start=\"5412\" data-end=\"5869\">Tout au long de sa carri\u00e8re, Th\u00e9o Fernandez conna\u00eet un succ\u00e8s notable et une reconnaissance grandissante, malgr\u00e9 son jeune \u00e2ge. L\u2019un des piliers de ses accomplissements demeure la popularit\u00e9 constante de la saga <strong data-start=\"5624\" data-end=\"5637\">Les Tuche<\/strong>, devenue l\u2019une des franchises comiques les plus populaires de France. Le second volet, <em data-start=\"5725\" data-end=\"5758\">Les Tuche 2 : Le R\u00eave am\u00e9ricain<\/em> (2016), attire plus de <strong data-start=\"5782\" data-end=\"5813\">4,6 millions de spectateurs<\/strong>, devenant ainsi le film fran\u00e7ais le plus vu de l\u2019ann\u00e9e.<\/p>\n<p data-start=\"5871\" data-end=\"6356\">Sa contribution en tant que membre essentiel de cette franchise lui apporte non seulement une base solide de fans, mais aussi une place importante dans la culture populaire fran\u00e7aise. Par ailleurs, Fernandez obtient plusieurs distinctions. En 2019, il re\u00e7oit le prix du <strong data-start=\"6141\" data-end=\"6166\">Jeune Espoir Masculin<\/strong> au Festival de la Fiction TV de La Rochelle pour son r\u00f4le dans <em data-start=\"6230\" data-end=\"6237\">Stalk<\/em>, r\u00e9compense qui marque son passage du statut d\u2019enfant star \u00e0 celui d\u2019acteur confirm\u00e9 dot\u00e9 d\u2019un r\u00e9el talent dramatique.<\/p>\n<p data-start=\"6358\" data-end=\"6945\">\u00c0 27 ans, il cumule d\u00e9j\u00e0 plus de <strong data-start=\"6391\" data-end=\"6432\">25 r\u00f4les au cin\u00e9ma et \u00e0 la t\u00e9l\u00e9vision<\/strong>, un parcours impressionnant qui t\u00e9moigne de son exp\u00e9rience et de sa volont\u00e9 de relever des d\u00e9fis artistiques ambitieux. Sa r\u00e9putation croissante lui permet \u00e9galement d\u2019acc\u00e9der \u00e0 des fonctions nouvelles : en 2025, il est nomm\u00e9 <strong data-start=\"6659\" data-end=\"6693\">Pr\u00e9sident du Jury Long M\u00e9trage<\/strong> du FIJA International Film Festival, un r\u00f4le qui illustre le respect dont il jouit d\u00e9sormais dans le milieu. \u00c0 travers ces succ\u00e8s, Fernandez combine popularit\u00e9 et cr\u00e9dibilit\u00e9 professionnelle, s\u2019imposant comme l\u2019un des talents majeurs de sa g\u00e9n\u00e9ration.<\/p>\n<blockquote class=\"instagram-media\" style=\"background: #FFF; border: 0; border-radius: 3px; box-shadow: 0 0 1px 0 rgba(0,0,0,0.5),0 1px 10px 0 rgba(0,0,0,0.15); margin: 1px; max-width: 540px; min-width: 326px; padding: 0; width: calc(100% - 2px);\" data-instgrm-permalink=\"https:\/\/www.instagram.com\/p\/DNN7LtsIIgB\/?utm_source=ig_embed&amp;utm_campaign=loading\" data-instgrm-version=\"14\">\n<div style=\"padding: 16px;\">\n<p>&nbsp;<\/p>\n<div style=\"display: flex; flex-direction: row; align-items: center;\">\n<div style=\"background-color: #f4f4f4; border-radius: 50%; flex-grow: 0; height: 40px; margin-right: 14px; width: 40px;\"><\/div>\n<div style=\"display: flex; flex-direction: column; flex-grow: 1; justify-content: center;\">\n<div style=\"background-color: #f4f4f4; border-radius: 4px; flex-grow: 0; height: 14px; margin-bottom: 6px; width: 100px;\"><\/div>\n<div style=\"background-color: #f4f4f4; border-radius: 4px; flex-grow: 0; height: 14px; width: 60px;\"><\/div>\n<\/div>\n<\/div>\n<div style=\"padding: 19% 0;\"><\/div>\n<div style=\"display: block; height: 50px; margin: 0 auto 12px; width: 50px;\"><\/div>\n<div style=\"padding-top: 8px;\">\n<div style=\"color: #3897f0; font-family: Arial,sans-serif; font-size: 14px; font-style: normal; font-weight: 550; line-height: 18px;\">View this post on Instagram<\/div>\n<\/div>\n<div style=\"padding: 12.5% 0;\"><\/div>\n<div style=\"display: flex; flex-direction: row; margin-bottom: 14px; align-items: center;\">\n<div>\n<div style=\"background-color: #f4f4f4; border-radius: 50%; height: 12.5px; width: 12.5px; transform: translateX(0px) translateY(7px);\"><\/div>\n<div style=\"background-color: #f4f4f4; height: 12.5px; transform: rotate(-45deg) translateX(3px) translateY(1px); width: 12.5px; flex-grow: 0; margin-right: 14px; margin-left: 2px;\"><\/div>\n<div style=\"background-color: #f4f4f4; border-radius: 50%; height: 12.5px; width: 12.5px; transform: translateX(9px) translateY(-18px);\"><\/div>\n<\/div>\n<div style=\"margin-left: 8px;\">\n<div style=\"background-color: #f4f4f4; border-radius: 50%; flex-grow: 0; height: 20px; width: 20px;\"><\/div>\n<div style=\"width: 0; height: 0; border-top: 2px solid transparent; border-left: 6px solid #f4f4f4; border-bottom: 2px solid transparent; transform: translateX(16px) translateY(-4px) rotate(30deg);\"><\/div>\n<\/div>\n<div style=\"margin-left: auto;\">\n<div style=\"width: 0px; border-top: 8px solid #F4F4F4; border-right: 8px solid transparent; transform: translateY(16px);\"><\/div>\n<div style=\"background-color: #f4f4f4; flex-grow: 0; height: 12px; width: 16px; transform: translateY(-4px);\"><\/div>\n<div style=\"width: 0; height: 0; border-top: 8px solid #F4F4F4; border-left: 8px solid transparent; transform: translateY(-4px) translateX(8px);\"><\/div>\n<\/div>\n<\/div>\n<div style=\"display: flex; flex-direction: column; flex-grow: 1; justify-content: center; margin-bottom: 24px;\">\n<div style=\"background-color: #f4f4f4; border-radius: 4px; flex-grow: 0; height: 14px; margin-bottom: 6px; width: 224px;\"><\/div>\n<div style=\"background-color: #f4f4f4; border-radius: 4px; flex-grow: 0; height: 14px; width: 144px;\"><\/div>\n<\/div>\n<p>&nbsp;<\/p>\n<p style=\"color: #c9c8cd; font-family: Arial,sans-serif; font-size: 14px; line-height: 17px; margin-bottom: 0; margin-top: 8px; overflow: hidden; padding: 8px 0 7px; text-align: center; text-overflow: ellipsis; white-space: nowrap;\"><a style=\"color: #c9c8cd; font-family: Arial,sans-serif; font-size: 14px; font-style: normal; font-weight: normal; line-height: 17px; text-decoration: none;\" href=\"https:\/\/www.instagram.com\/p\/DNN7LtsIIgB\/?utm_source=ig_embed&amp;utm_campaign=loading\" target=\"_blank\" rel=\"noopener\">A post shared by Th\u00e9o Fernandez (@_theofernandez)<\/a><\/p>\n<\/div>\n<\/blockquote>\n<p><script async src=\"\/\/www.instagram.com\/embed.js\"><\/script><\/p>\n<h3 data-start=\"6952\" data-end=\"6982\">D\u00e9veloppements r\u00e9cents<\/h3>\n<p data-start=\"6984\" data-end=\"7341\">Ces derni\u00e8res ann\u00e9es, Th\u00e9o Fernandez continue d\u2019avancer dans sa carri\u00e8re tout en explorant de nouveaux domaines de l\u2019industrie du divertissement. C\u00f4t\u00e9 cin\u00e9ma, il reste fid\u00e8le au r\u00f4le qui l\u2019a fait conna\u00eetre : il est annonc\u00e9 pour reprendre une nouvelle fois le personnage de Donald Tuche dans <strong data-start=\"7275\" data-end=\"7297\">God Save the Tuche<\/strong> (2025), cinqui\u00e8me opus de la saga \u00e0 succ\u00e8s.<\/p>\n<p data-start=\"7343\" data-end=\"7682\">Il s\u2019adapte \u00e9galement aux formats modernes en participant \u00e0 des s\u00e9ries destin\u00e9es aux plateformes num\u00e9riques. En 2022, il appara\u00eet dans le drama myst\u00e8re de Netflix <strong data-start=\"7506\" data-end=\"7527\">Les 7 Vies de L\u00e9a<\/strong>, ainsi que dans la com\u00e9die d\u2019aventure <strong data-start=\"7566\" data-end=\"7585\">Darknet-sur-Mer<\/strong> sur Amazon Prime, maintenant ainsi un profil t\u00e9l\u00e9visuel ancr\u00e9 dans les tendances contemporaines.<\/p>\n<p data-start=\"7684\" data-end=\"8247\">En parall\u00e8le, Fernandez s\u2019investit dans des projets entrepreneuriaux et p\u00e9dagogiques qui marquent une nouvelle \u00e9tape dans sa carri\u00e8re. En avril 2023, il cofonde <strong data-start=\"7845\" data-end=\"7855\">AnyOne<\/strong>, une \u00e9cole de jeu en ligne et soci\u00e9t\u00e9 de production ayant pour ambition de rendre l\u2019apprentissage des arts du spectacle plus accessible. Gr\u00e2ce \u00e0 cette initiative, il contribue au lancement d\u2019une plateforme digitale et d\u2019une application mobile mettant en relation les jeunes com\u00e9diens avec des castings et un accompagnement \u00e0 distance, illustrant sa volont\u00e9 de d\u00e9mocratiser l\u2019acc\u00e8s au m\u00e9tier.<\/p>\n<p data-start=\"8249\" data-end=\"8754\">En 2025, il \u00e9tend encore ses engagements hors \u00e9cran en pr\u00e9sidant le jury d\u2019un festival international de cin\u00e9ma, r\u00f4le qui lui permet de partager son regard d\u2019acteur exp\u00e9riment\u00e9. Ces d\u00e9veloppements r\u00e9cents montrent l\u2019\u00e9volution de Fernandez, pass\u00e9 du statut d\u2019acteur \u00e0 celui de professionnel polyvalent : il continue de jouer dans des productions marquantes tout en \u0153uvrant en coulisses pour accompagner la nouvelle g\u00e9n\u00e9ration, confirmant son engagement et son influence croissante dans le milieu artistique.<\/p>\n<h2 data-start=\"8761\" data-end=\"8794\">Fortune de Th\u00e9o Fernandez<\/h2>\n<p data-start=\"8796\" data-end=\"9383\">En 2025, la fortune estim\u00e9e de Th\u00e9o Fernandez s\u2019\u00e9l\u00e8ve \u00e0 <strong data-start=\"8852\" data-end=\"8877\">3 millions de dollars<\/strong>, selon les chiffres couramment cit\u00e9s dans les m\u00e9dias sp\u00e9cialis\u00e9s. Cette richesse provient principalement de sa carri\u00e8re r\u00e9guli\u00e8re au cin\u00e9ma et \u00e0 la t\u00e9l\u00e9vision, notamment gr\u00e2ce \u00e0 son r\u00f4le r\u00e9current dans la franchise <strong data-start=\"9093\" data-end=\"9106\">Les Tuche<\/strong> et \u00e0 d\u2019autres projets audiovisuels. Ses revenus sont \u00e9galement soutenus par ses activit\u00e9s entrepreneuriales, notamment son \u00e9cole AnyOne et son application d\u00e9di\u00e9e au casting et \u00e0 la formation, qui lui permettent d\u2019\u00e9largir ses sources de revenus au-del\u00e0 du seul m\u00e9tier d\u2019acteur.<\/p>\n","protected":false},"excerpt":{"rendered":"<p>Th\u00e9o Fernandez est n\u00e9 le 18 septembre 1998 \u00e0 Toulouse, dans le sud-ouest de la France. Il a grandi dans une famille de classe moyenne et a pass\u00e9 son enfance \u00e0 Toulouse. Vers l\u2019\u00e2ge de cinq ans, ses parents se s\u00e9parent : il part alors vivre avec sa m\u00e8re en r\u00e9gion parisienne, tandis que son &hellip;<\/p>\n","protected":false},"author":4,"featured_media":1197,"comment_status":"open","ping_status":"open","sticky":false,"template":"","format":"standard","meta":{"footnotes":""},"categories":[27],"tags":[],"class_list":["post-1186","post","type-post","status-publish","format-standard","has-post-thumbnail","hentry","category-acteurs"],"yoast_head":"<!-- This site is optimized with the Yoast SEO plugin v27.2 - https:\/\/yoast.com\/product\/yoast-seo-wordpress\/ -->\n<title>Th\u00e9o Fernandez Fortune : Ce que r\u00e9v\u00e8le sa valeur nette 2025<\/title>\n<meta name=\"description\" content=\"Th\u00e9o Fernandez Fortune in 2025 d\u00e9taille ses revenus du cin\u00e9ma, du streaming et d\u2019AnyOne, ainsi que les \u00e9l\u00e9ments guidant son \u00e9valuation.\" \/>\n<meta name=\"robots\" content=\"index, follow, max-snippet:-1, max-image-preview:large, max-video-preview:-1\" \/>\n<link rel=\"canonical\" href=\"https:\/\/fashubash.com\/fr\/theo-fernandez-fortune\/\" \/>\n<meta property=\"og:locale\" content=\"fr_FR\" \/>\n<meta property=\"og:type\" content=\"article\" \/>\n<meta property=\"og:title\" content=\"Th\u00e9o Fernandez Fortune : Ce que r\u00e9v\u00e8le sa valeur nette 2025\" \/>\n<meta property=\"og:description\" content=\"Th\u00e9o Fernandez Fortune in 2025 d\u00e9taille ses revenus du cin\u00e9ma, du streaming et d\u2019AnyOne, ainsi que les \u00e9l\u00e9ments guidant son \u00e9valuation.\" \/>\n<meta property=\"og:url\" content=\"https:\/\/fashubash.com\/fr\/theo-fernandez-fortune\/\" \/>\n<meta property=\"og:site_name\" content=\"FashuBash\" \/>\n<meta property=\"article:published_time\" content=\"2025-12-01T04:50:59+00:00\" \/>\n<meta property=\"article:modified_time\" content=\"2025-12-01T22:03:10+00:00\" \/>\n<meta property=\"og:image\" content=\"https:\/\/fashubash.com\/fr\/wp-content\/uploads\/2025\/08\/La-Fortune-de-Theo-Fernandez-en-2025.jpg\" \/>\n\t<meta property=\"og:image:width\" content=\"1440\" \/>\n\t<meta property=\"og:image:height\" content=\"1818\" \/>\n\t<meta property=\"og:image:type\" content=\"image\/jpeg\" \/>\n<meta name=\"author\" content=\"Alex C\" \/>\n<meta name=\"twitter:card\" content=\"summary_large_image\" \/>\n<meta name=\"twitter:label1\" content=\"\u00c9crit par\" \/>\n\t<meta name=\"twitter:data1\" content=\"Alex C\" \/>\n\t<meta name=\"twitter:label2\" content=\"Dur\u00e9e de lecture estim\u00e9e\" \/>\n\t<meta name=\"twitter:data2\" content=\"8 minutes\" \/>\n<script type=\"application\/ld+json\" class=\"yoast-schema-graph\">{\"@context\":\"https:\/\/schema.org\",\"@graph\":[{\"@type\":\"Article\",\"@id\":\"https:\/\/fashubash.com\/fr\/theo-fernandez-fortune\/#article\",\"isPartOf\":{\"@id\":\"https:\/\/fashubash.com\/fr\/theo-fernandez-fortune\/\"},\"author\":{\"name\":\"Alex C\",\"@id\":\"https:\/\/fashubash.com\/fr\/#\/schema\/person\/8ff2ec71248c40fea373970020877682\"},\"headline\":\"Th\u00e9o Fernandez Fortune : Ce que r\u00e9v\u00e8le sa valeur nette 2025\",\"datePublished\":\"2025-12-01T04:50:59+00:00\",\"dateModified\":\"2025-12-01T22:03:10+00:00\",\"mainEntityOfPage\":{\"@id\":\"https:\/\/fashubash.com\/fr\/theo-fernandez-fortune\/\"},\"wordCount\":1790,\"commentCount\":0,\"image\":{\"@id\":\"https:\/\/fashubash.com\/fr\/theo-fernandez-fortune\/#primaryimage\"},\"thumbnailUrl\":\"https:\/\/fashubash.com\/fr\/wp-content\/uploads\/2025\/08\/La-Fortune-de-Theo-Fernandez-en-2025.jpg\",\"articleSection\":[\"Acteurs\"],\"inLanguage\":\"fr-FR\",\"potentialAction\":[{\"@type\":\"CommentAction\",\"name\":\"Comment\",\"target\":[\"https:\/\/fashubash.com\/fr\/theo-fernandez-fortune\/#respond\"]}]},{\"@type\":\"WebPage\",\"@id\":\"https:\/\/fashubash.com\/fr\/theo-fernandez-fortune\/\",\"url\":\"https:\/\/fashubash.com\/fr\/theo-fernandez-fortune\/\",\"name\":\"Th\u00e9o Fernandez Fortune : Ce que r\u00e9v\u00e8le sa valeur nette 2025\",\"isPartOf\":{\"@id\":\"https:\/\/fashubash.com\/fr\/#website\"},\"primaryImageOfPage\":{\"@id\":\"https:\/\/fashubash.com\/fr\/theo-fernandez-fortune\/#primaryimage\"},\"image\":{\"@id\":\"https:\/\/fashubash.com\/fr\/theo-fernandez-fortune\/#primaryimage\"},\"thumbnailUrl\":\"https:\/\/fashubash.com\/fr\/wp-content\/uploads\/2025\/08\/La-Fortune-de-Theo-Fernandez-en-2025.jpg\",\"datePublished\":\"2025-12-01T04:50:59+00:00\",\"dateModified\":\"2025-12-01T22:03:10+00:00\",\"author\":{\"@id\":\"https:\/\/fashubash.com\/fr\/#\/schema\/person\/8ff2ec71248c40fea373970020877682\"},\"description\":\"Th\u00e9o Fernandez Fortune in 2025 d\u00e9taille ses revenus du cin\u00e9ma, du streaming et d\u2019AnyOne, ainsi que les \u00e9l\u00e9ments guidant son \u00e9valuation.\",\"breadcrumb\":{\"@id\":\"https:\/\/fashubash.com\/fr\/theo-fernandez-fortune\/#breadcrumb\"},\"inLanguage\":\"fr-FR\",\"potentialAction\":[{\"@type\":\"ReadAction\",\"target\":[\"https:\/\/fashubash.com\/fr\/theo-fernandez-fortune\/\"]}]},{\"@type\":\"ImageObject\",\"inLanguage\":\"fr-FR\",\"@id\":\"https:\/\/fashubash.com\/fr\/theo-fernandez-fortune\/#primaryimage\",\"url\":\"https:\/\/fashubash.com\/fr\/wp-content\/uploads\/2025\/08\/La-Fortune-de-Theo-Fernandez-en-2025.jpg\",\"contentUrl\":\"https:\/\/fashubash.com\/fr\/wp-content\/uploads\/2025\/08\/La-Fortune-de-Theo-Fernandez-en-2025.jpg\",\"width\":1440,\"height\":1818,\"caption\":\"Th\u00e9o Fernandez Fortune\"},{\"@type\":\"BreadcrumbList\",\"@id\":\"https:\/\/fashubash.com\/fr\/theo-fernandez-fortune\/#breadcrumb\",\"itemListElement\":[{\"@type\":\"ListItem\",\"position\":1,\"name\":\"Accueil\",\"item\":\"https:\/\/fashubash.com\/fr\/\"},{\"@type\":\"ListItem\",\"position\":2,\"name\":\"Th\u00e9o Fernandez Fortune : Ce que r\u00e9v\u00e8le sa valeur nette 2025\"}]},{\"@type\":\"WebSite\",\"@id\":\"https:\/\/fashubash.com\/fr\/#website\",\"url\":\"https:\/\/fashubash.com\/fr\/\",\"name\":\"FashuBash\",\"description\":\"Estime Fortune\",\"potentialAction\":[{\"@type\":\"SearchAction\",\"target\":{\"@type\":\"EntryPoint\",\"urlTemplate\":\"https:\/\/fashubash.com\/fr\/?s={search_term_string}\"},\"query-input\":{\"@type\":\"PropertyValueSpecification\",\"valueRequired\":true,\"valueName\":\"search_term_string\"}}],\"inLanguage\":\"fr-FR\"},{\"@type\":\"Person\",\"@id\":\"https:\/\/fashubash.com\/fr\/#\/schema\/person\/8ff2ec71248c40fea373970020877682\",\"name\":\"Alex C\",\"image\":{\"@type\":\"ImageObject\",\"inLanguage\":\"fr-FR\",\"@id\":\"https:\/\/secure.gravatar.com\/avatar\/4171ee932dff73cb47d6416e67667dcab1f489bd31739fbb405732d7d700ea3d?s=96&d=mm&r=g\",\"url\":\"https:\/\/secure.gravatar.com\/avatar\/4171ee932dff73cb47d6416e67667dcab1f489bd31739fbb405732d7d700ea3d?s=96&d=mm&r=g\",\"contentUrl\":\"https:\/\/secure.gravatar.com\/avatar\/4171ee932dff73cb47d6416e67667dcab1f489bd31739fbb405732d7d700ea3d?s=96&d=mm&r=g\",\"caption\":\"Alex C\"},\"sameAs\":[\"https:\/\/fashubash.com\/fr\/\"],\"url\":\"https:\/\/fashubash.com\/fr\/author\/alexander-c22\/\"}]}<\/script>\n<!-- \/ Yoast SEO plugin. -->","yoast_head_json":{"title":"Th\u00e9o Fernandez Fortune : Ce que r\u00e9v\u00e8le sa valeur nette 2025","description":"Th\u00e9o Fernandez Fortune in 2025 d\u00e9taille ses revenus du cin\u00e9ma, du streaming et d\u2019AnyOne, ainsi que les \u00e9l\u00e9ments guidant son \u00e9valuation.","robots":{"index":"index","follow":"follow","max-snippet":"max-snippet:-1","max-image-preview":"max-image-preview:large","max-video-preview":"max-video-preview:-1"},"canonical":"https:\/\/fashubash.com\/fr\/theo-fernandez-fortune\/","og_locale":"fr_FR","og_type":"article","og_title":"Th\u00e9o Fernandez Fortune : Ce que r\u00e9v\u00e8le sa valeur nette 2025","og_description":"Th\u00e9o Fernandez Fortune in 2025 d\u00e9taille ses revenus du cin\u00e9ma, du streaming et d\u2019AnyOne, ainsi que les \u00e9l\u00e9ments guidant son \u00e9valuation.","og_url":"https:\/\/fashubash.com\/fr\/theo-fernandez-fortune\/","og_site_name":"FashuBash","article_published_time":"2025-12-01T04:50:59+00:00","article_modified_time":"2025-12-01T22:03:10+00:00","og_image":[{"width":1440,"height":1818,"url":"https:\/\/fashubash.com\/fr\/wp-content\/uploads\/2025\/08\/La-Fortune-de-Theo-Fernandez-en-2025.jpg","type":"image\/jpeg"}],"author":"Alex C","twitter_card":"summary_large_image","twitter_misc":{"\u00c9crit par":"Alex C","Dur\u00e9e de lecture estim\u00e9e":"8 minutes"},"schema":{"@context":"https:\/\/schema.org","@graph":[{"@type":"Article","@id":"https:\/\/fashubash.com\/fr\/theo-fernandez-fortune\/#article","isPartOf":{"@id":"https:\/\/fashubash.com\/fr\/theo-fernandez-fortune\/"},"author":{"name":"Alex C","@id":"https:\/\/fashubash.com\/fr\/#\/schema\/person\/8ff2ec71248c40fea373970020877682"},"headline":"Th\u00e9o Fernandez Fortune : Ce que r\u00e9v\u00e8le sa valeur nette 2025","datePublished":"2025-12-01T04:50:59+00:00","dateModified":"2025-12-01T22:03:10+00:00","mainEntityOfPage":{"@id":"https:\/\/fashubash.com\/fr\/theo-fernandez-fortune\/"},"wordCount":1790,"commentCount":0,"image":{"@id":"https:\/\/fashubash.com\/fr\/theo-fernandez-fortune\/#primaryimage"},"thumbnailUrl":"https:\/\/fashubash.com\/fr\/wp-content\/uploads\/2025\/08\/La-Fortune-de-Theo-Fernandez-en-2025.jpg","articleSection":["Acteurs"],"inLanguage":"fr-FR","potentialAction":[{"@type":"CommentAction","name":"Comment","target":["https:\/\/fashubash.com\/fr\/theo-fernandez-fortune\/#respond"]}]},{"@type":"WebPage","@id":"https:\/\/fashubash.com\/fr\/theo-fernandez-fortune\/","url":"https:\/\/fashubash.com\/fr\/theo-fernandez-fortune\/","name":"Th\u00e9o Fernandez Fortune : Ce que r\u00e9v\u00e8le sa valeur nette 2025","isPartOf":{"@id":"https:\/\/fashubash.com\/fr\/#website"},"primaryImageOfPage":{"@id":"https:\/\/fashubash.com\/fr\/theo-fernandez-fortune\/#primaryimage"},"image":{"@id":"https:\/\/fashubash.com\/fr\/theo-fernandez-fortune\/#primaryimage"},"thumbnailUrl":"https:\/\/fashubash.com\/fr\/wp-content\/uploads\/2025\/08\/La-Fortune-de-Theo-Fernandez-en-2025.jpg","datePublished":"2025-12-01T04:50:59+00:00","dateModified":"2025-12-01T22:03:10+00:00","author":{"@id":"https:\/\/fashubash.com\/fr\/#\/schema\/person\/8ff2ec71248c40fea373970020877682"},"description":"Th\u00e9o Fernandez Fortune in 2025 d\u00e9taille ses revenus du cin\u00e9ma, du streaming et d\u2019AnyOne, ainsi que les \u00e9l\u00e9ments guidant son \u00e9valuation.","breadcrumb":{"@id":"https:\/\/fashubash.com\/fr\/theo-fernandez-fortune\/#breadcrumb"},"inLanguage":"fr-FR","potentialAction":[{"@type":"ReadAction","target":["https:\/\/fashubash.com\/fr\/theo-fernandez-fortune\/"]}]},{"@type":"ImageObject","inLanguage":"fr-FR","@id":"https:\/\/fashubash.com\/fr\/theo-fernandez-fortune\/#primaryimage","url":"https:\/\/fashubash.com\/fr\/wp-content\/uploads\/2025\/08\/La-Fortune-de-Theo-Fernandez-en-2025.jpg","contentUrl":"https:\/\/fashubash.com\/fr\/wp-content\/uploads\/2025\/08\/La-Fortune-de-Theo-Fernandez-en-2025.jpg","width":1440,"height":1818,"caption":"Th\u00e9o Fernandez Fortune"},{"@type":"BreadcrumbList","@id":"https:\/\/fashubash.com\/fr\/theo-fernandez-fortune\/#breadcrumb","itemListElement":[{"@type":"ListItem","position":1,"name":"Accueil","item":"https:\/\/fashubash.com\/fr\/"},{"@type":"ListItem","position":2,"name":"Th\u00e9o Fernandez Fortune : Ce que r\u00e9v\u00e8le sa valeur nette 2025"}]},{"@type":"WebSite","@id":"https:\/\/fashubash.com\/fr\/#website","url":"https:\/\/fashubash.com\/fr\/","name":"FashuBash","description":"Estime Fortune","potentialAction":[{"@type":"SearchAction","target":{"@type":"EntryPoint","urlTemplate":"https:\/\/fashubash.com\/fr\/?s={search_term_string}"},"query-input":{"@type":"PropertyValueSpecification","valueRequired":true,"valueName":"search_term_string"}}],"inLanguage":"fr-FR"},{"@type":"Person","@id":"https:\/\/fashubash.com\/fr\/#\/schema\/person\/8ff2ec71248c40fea373970020877682","name":"Alex C","image":{"@type":"ImageObject","inLanguage":"fr-FR","@id":"https:\/\/secure.gravatar.com\/avatar\/4171ee932dff73cb47d6416e67667dcab1f489bd31739fbb405732d7d700ea3d?s=96&d=mm&r=g","url":"https:\/\/secure.gravatar.com\/avatar\/4171ee932dff73cb47d6416e67667dcab1f489bd31739fbb405732d7d700ea3d?s=96&d=mm&r=g","contentUrl":"https:\/\/secure.gravatar.com\/avatar\/4171ee932dff73cb47d6416e67667dcab1f489bd31739fbb405732d7d700ea3d?s=96&d=mm&r=g","caption":"Alex C"},"sameAs":["https:\/\/fashubash.com\/fr\/"],"url":"https:\/\/fashubash.com\/fr\/author\/alexander-c22\/"}]}},"_links":{"self":[{"href":"https:\/\/fashubash.com\/fr\/wp-json\/wp\/v2\/posts\/1186","targetHints":{"allow":["GET"]}}],"collection":[{"href":"https:\/\/fashubash.com\/fr\/wp-json\/wp\/v2\/posts"}],"about":[{"href":"https:\/\/fashubash.com\/fr\/wp-json\/wp\/v2\/types\/post"}],"author":[{"embeddable":true,"href":"https:\/\/fashubash.com\/fr\/wp-json\/wp\/v2\/users\/4"}],"replies":[{"embeddable":true,"href":"https:\/\/fashubash.com\/fr\/wp-json\/wp\/v2\/comments?post=1186"}],"version-history":[{"count":4,"href":"https:\/\/fashubash.com\/fr\/wp-json\/wp\/v2\/posts\/1186\/revisions"}],"predecessor-version":[{"id":2421,"href":"https:\/\/fashubash.com\/fr\/wp-json\/wp\/v2\/posts\/1186\/revisions\/2421"}],"wp:featuredmedia":[{"embeddable":true,"href":"https:\/\/fashubash.com\/fr\/wp-json\/wp\/v2\/media\/1197"}],"wp:attachment":[{"href":"https:\/\/fashubash.com\/fr\/wp-json\/wp\/v2\/media?parent=1186"}],"wp:term":[{"taxonomy":"category","embeddable":true,"href":"https:\/\/fashubash.com\/fr\/wp-json\/wp\/v2\/categories?post=1186"},{"taxonomy":"post_tag","embeddable":true,"href":"https:\/\/fashubash.com\/fr\/wp-json\/wp\/v2\/tags?post=1186"}],"curies":[{"name":"wp","href":"https:\/\/api.w.org\/{rel}","templated":true}]}}