{"id":1760,"date":"2025-11-16T11:43:48","date_gmt":"2025-11-16T11:43:48","guid":{"rendered":"https:\/\/fashubash.com\/fr\/?p=1760"},"modified":"2025-11-16T11:43:48","modified_gmt":"2025-11-16T11:43:48","slug":"mathieu-gallet-fortune","status":"publish","type":"post","link":"https:\/\/fashubash.com\/fr\/mathieu-gallet-fortune\/","title":{"rendered":"Mathieu Gallet Fortune : Ce qui fa\u00e7onne sa valeur nette 2025"},"content":{"rendered":"<p data-start=\"222\" data-end=\"1047\">De la direction du premier r\u00e9seau radiophonique de France \u00e0 l\u2019ambition de cr\u00e9er un \u201cNetflix du podcast\u201d, Mathieu Gallet a toujours vis\u00e9 l\u2019innovation. N\u00e9 en 1977 \u00e0 Villeneuve-sur-Lot, il a gravi les \u00e9chelons du secteur m\u00e9diatique et du service public, devenant pr\u00e9sident de l\u2019Institut national de l\u2019audiovisuel (INA) en 2010 avant de prendre la t\u00eate de Radio France en 2014.<\/p>\n<p data-start=\"222\" data-end=\"1047\">Apr\u00e8s son d\u00e9part de Radio France en 2018, il a fond\u00e9 Majelan, une plateforme de podcasts lanc\u00e9e en 2019 avec de grandes ambitions pour transformer l\u2019audio. Depuis, Gallet poursuit son r\u00f4le de leader dans les m\u00e9dias, occupant notamment le poste de pr\u00e9sident du conseil de surveillance des <em data-start=\"886\" data-end=\"893\">\u00c9chos<\/em> d\u00e9but 2024 et accompagnant le d\u00e9veloppement de Terre &amp; Fils Media, une soci\u00e9t\u00e9 de production d\u00e9di\u00e9e aux th\u00e9matiques de la nature et de l\u2019environnement.<\/p>\n<h2 data-start=\"1054\" data-end=\"1069\">Jeunesse<\/h2>\n<p data-start=\"1071\" data-end=\"1411\">Mathieu Gallet est n\u00e9 le 8 janvier 1977 \u00e0 Villeneuve-sur-Lot, une ville du sud-ouest de la France. Il a grandi dans un milieu familial modeste. Son p\u00e8re travaillait dans la vente, tandis que sa m\u00e8re \u00e9tait employ\u00e9e dans les services postaux. Cette enfance simple a marqu\u00e9 ses premi\u00e8res ann\u00e9es avant qu\u2019il ne poursuive des \u00e9tudes sup\u00e9rieures.<\/p>\n<p data-start=\"1413\" data-end=\"1731\">Pour sa scolarit\u00e9, il a fr\u00e9quent\u00e9 le lyc\u00e9e Georges-Leygues \u00e0 Villeneuve-sur-Lot. Apr\u00e8s le baccalaur\u00e9at, il a effectu\u00e9 une ann\u00e9e en <strong data-start=\"1544\" data-end=\"1558\">hypokh\u00e2gne<\/strong>, une classe pr\u00e9paratoire fran\u00e7aise destin\u00e9e \u00e0 pr\u00e9parer les \u00e9tudiants aux grandes \u00e9coles. Cette \u00e9tape a jou\u00e9 un r\u00f4le essentiel dans la construction de ses bases acad\u00e9miques.<\/p>\n<p data-start=\"1733\" data-end=\"2019\">En 1999, Mathieu Gallet a achev\u00e9 ses \u00e9tudes \u00e0 l\u2019Institut d\u2019\u00e9tudes politiques de Bordeaux, \u00e9galement connu sous le nom de <strong data-start=\"1854\" data-end=\"1878\">Sciences Po Bordeaux<\/strong>. L\u2019ann\u00e9e suivante, en 2000, il a obtenu un <strong data-start=\"1922\" data-end=\"1975\">DEA en analyse \u00e9conomique des d\u00e9cisions publiques<\/strong> \u00e0 l\u2019Universit\u00e9 Panth\u00e9on-Sorbonne (Paris I).<\/p>\n<h3 data-start=\"2026\" data-end=\"2041\">Carri\u00e8re<\/h3>\n<p data-start=\"2043\" data-end=\"2560\">Mathieu Gallet a d\u00e9but\u00e9 son parcours professionnel dans le secteur priv\u00e9 vers 1999. Il a d\u2019abord travaill\u00e9 comme <strong data-start=\"2156\" data-end=\"2220\">assistant du directeur marketing et promotion internationale<\/strong> chez le label de musique classique Erato Disques. Peu apr\u00e8s, en 2000, il a rejoint Path\u00e9 o\u00f9 il s\u2019occupait de l\u2019administration des ventes internationales. L\u2019ann\u00e9e suivante, il a int\u00e9gr\u00e9 Canal+, commen\u00e7ant comme <strong data-start=\"2431\" data-end=\"2456\">contr\u00f4leur de gestion<\/strong> au sein de StudioCanal puis, de 2004 \u00e0 2006, travaillant sur les relations institutionnelles du groupe.<\/p>\n<p data-start=\"2562\" data-end=\"3012\">En 2006, Gallet s\u2019est tourn\u00e9 vers le service public en devenant <strong data-start=\"2626\" data-end=\"2704\">conseiller technique charg\u00e9 de l\u2019audiovisuel et des nouvelles technologies<\/strong> au minist\u00e8re de l\u2019Industrie aupr\u00e8s de Fran\u00e7ois Loos. De 2007 \u00e0 2009, il a occup\u00e9 le poste de conseiller technique pour l\u2019audiovisuel et les m\u00e9dias au minist\u00e8re de la Culture sous Christine Albanel, puis a \u00e9t\u00e9 <strong data-start=\"2914\" data-end=\"2946\">directeur adjoint de cabinet<\/strong> du ministre de la Culture Fr\u00e9d\u00e9ric Mitterrand entre 2009 et 2010.<\/p>\n<p data-start=\"3014\" data-end=\"3384\">Ses responsabilit\u00e9s de direction se sont poursuivies : de 2010 \u00e0 2014, il a \u00e9t\u00e9 <strong data-start=\"3094\" data-end=\"3171\">pr\u00e9sident-directeur g\u00e9n\u00e9ral de l\u2019Institut national de l\u2019audiovisuel (INA)<\/strong>, organisme charg\u00e9 de la pr\u00e9servation du patrimoine audiovisuel fran\u00e7ais. Ensuite, en 2014, il est devenu <strong data-start=\"3277\" data-end=\"3306\">pr\u00e9sident de Radio France<\/strong>, le groupe public radiophonique fran\u00e7ais, poste qu\u2019il a occup\u00e9 jusqu\u2019en 2018.<\/p>\n<p data-start=\"3386\" data-end=\"3694\">D\u00e9but 2018, Gallet a \u00e9t\u00e9 r\u00e9voqu\u00e9 de son poste \u00e0 Radio France apr\u00e8s qu\u2019une juridiction l\u2019a reconnu coupable de favoritisme concernant des contrats attribu\u00e9s lorsqu\u2019il \u00e9tait \u00e0 l\u2019INA. Il a re\u00e7u une peine d\u2019un an de prison avec sursis ainsi qu\u2019une amende de 20 000 \u20ac. Sa r\u00e9vocation a pris effet le 1er mars 2018.<\/p>\n<p data-start=\"3696\" data-end=\"4118\">Apr\u00e8s son d\u00e9part du service public, il a cofond\u00e9 en 2019 <strong data-start=\"3753\" data-end=\"3764\">Majelan<\/strong>, une plateforme de podcasts et de contenus audio sur abonnement. En juin 2019, Majelan a officiellement \u00e9t\u00e9 lanc\u00e9e. Plus tard, d\u00e9but 2024, Gallet a \u00e9t\u00e9 nomm\u00e9 <strong data-start=\"3923\" data-end=\"3963\">pr\u00e9sident du conseil de surveillance<\/strong> du quotidien \u00e9conomique fran\u00e7ais <em data-start=\"3997\" data-end=\"4008\">Les \u00c9chos<\/em>, et il a \u00e9galement exerc\u00e9 les fonctions de <strong data-start=\"4052\" data-end=\"4093\">pr\u00e9sident du conseil d\u2019administration<\/strong> de Sciences Po Bordeaux.<\/p>\n<h2>Fortune de Mathieu Gallet<\/h2>\n<p data-start=\"4159\" data-end=\"4462\">En 2025, la fortune estim\u00e9e de Mathieu Gallet s\u2019\u00e9l\u00e8ve \u00e0 <strong data-start=\"4215\" data-end=\"4251\">environ 7,75 millions de dollars<\/strong>. Ce montant provient de sa longue carri\u00e8re dans le service public et la direction des m\u00e9dias, incluant ses postes \u00e0 l\u2019INA, \u00e0 Radio France, ainsi que son r\u00f4le de cofondateur de la plateforme de podcasts Majelan.<\/p>\n","protected":false},"excerpt":{"rendered":"<p>De la direction du premier r\u00e9seau radiophonique de France \u00e0 l\u2019ambition de cr\u00e9er un \u201cNetflix du podcast\u201d, Mathieu Gallet a toujours vis\u00e9 l\u2019innovation. N\u00e9 en 1977 \u00e0 Villeneuve-sur-Lot, il a gravi les \u00e9chelons du secteur m\u00e9diatique et du service public, devenant pr\u00e9sident de l\u2019Institut national de l\u2019audiovisuel (INA) en 2010 avant de prendre la t\u00eate &hellip;<\/p>\n","protected":false},"author":4,"featured_media":2169,"comment_status":"open","ping_status":"open","sticky":false,"template":"","format":"standard","meta":{"footnotes":""},"categories":[25],"tags":[],"class_list":["post-1760","post","type-post","status-publish","format-standard","has-post-thumbnail","hentry","category-pdg"],"yoast_head":"<!-- This site is optimized with the Yoast SEO plugin v27.2 - https:\/\/yoast.com\/product\/yoast-seo-wordpress\/ -->\n<title>Mathieu Gallet Fortune : Ce qui fa\u00e7onne sa valeur nette 2025<\/title>\n<meta name=\"description\" content=\"Analyse de la fortune de Mathieu Gallet en 2025, influenc\u00e9e par sa carri\u00e8re m\u00e9diatique, Majelan et ses r\u00e9cents postes de direction.\" \/>\n<meta name=\"robots\" content=\"index, follow, max-snippet:-1, max-image-preview:large, max-video-preview:-1\" \/>\n<link rel=\"canonical\" href=\"https:\/\/fashubash.com\/fr\/mathieu-gallet-fortune\/\" \/>\n<meta property=\"og:locale\" content=\"fr_FR\" \/>\n<meta property=\"og:type\" content=\"article\" \/>\n<meta property=\"og:title\" content=\"Mathieu Gallet Fortune : Ce qui fa\u00e7onne sa valeur nette 2025\" \/>\n<meta property=\"og:description\" content=\"Analyse de la fortune de Mathieu Gallet en 2025, influenc\u00e9e par sa carri\u00e8re m\u00e9diatique, Majelan et ses r\u00e9cents postes de direction.\" \/>\n<meta property=\"og:url\" content=\"https:\/\/fashubash.com\/fr\/mathieu-gallet-fortune\/\" \/>\n<meta property=\"og:site_name\" content=\"FashuBash\" \/>\n<meta property=\"article:published_time\" content=\"2025-11-16T11:43:48+00:00\" \/>\n<meta property=\"og:image\" content=\"https:\/\/fashubash.com\/fr\/wp-content\/uploads\/2025\/11\/Mathieu-Gallet-Fortune-Ce-qui-faconne-sa-valeur-nette-2025-scaled.webp\" \/>\n\t<meta property=\"og:image:width\" content=\"1707\" \/>\n\t<meta property=\"og:image:height\" content=\"2560\" \/>\n\t<meta property=\"og:image:type\" content=\"image\/webp\" \/>\n<meta name=\"author\" content=\"Alex C\" \/>\n<meta name=\"twitter:card\" content=\"summary_large_image\" \/>\n<meta name=\"twitter:label1\" content=\"\u00c9crit par\" \/>\n\t<meta name=\"twitter:data1\" content=\"Alex C\" \/>\n\t<meta name=\"twitter:label2\" content=\"Dur\u00e9e de lecture estim\u00e9e\" \/>\n\t<meta name=\"twitter:data2\" content=\"4 minutes\" \/>\n<script type=\"application\/ld+json\" class=\"yoast-schema-graph\">{\"@context\":\"https:\/\/schema.org\",\"@graph\":[{\"@type\":\"Article\",\"@id\":\"https:\/\/fashubash.com\/fr\/mathieu-gallet-fortune\/#article\",\"isPartOf\":{\"@id\":\"https:\/\/fashubash.com\/fr\/mathieu-gallet-fortune\/\"},\"author\":{\"name\":\"Alex C\",\"@id\":\"https:\/\/fashubash.com\/fr\/#\/schema\/person\/8ff2ec71248c40fea373970020877682\"},\"headline\":\"Mathieu Gallet Fortune : Ce qui fa\u00e7onne sa valeur nette 2025\",\"datePublished\":\"2025-11-16T11:43:48+00:00\",\"mainEntityOfPage\":{\"@id\":\"https:\/\/fashubash.com\/fr\/mathieu-gallet-fortune\/\"},\"wordCount\":726,\"commentCount\":0,\"image\":{\"@id\":\"https:\/\/fashubash.com\/fr\/mathieu-gallet-fortune\/#primaryimage\"},\"thumbnailUrl\":\"https:\/\/fashubash.com\/fr\/wp-content\/uploads\/2025\/11\/Mathieu-Gallet-Fortune-Ce-qui-faconne-sa-valeur-nette-2025-scaled.webp\",\"articleSection\":[\"PDG\"],\"inLanguage\":\"fr-FR\",\"potentialAction\":[{\"@type\":\"CommentAction\",\"name\":\"Comment\",\"target\":[\"https:\/\/fashubash.com\/fr\/mathieu-gallet-fortune\/#respond\"]}]},{\"@type\":\"WebPage\",\"@id\":\"https:\/\/fashubash.com\/fr\/mathieu-gallet-fortune\/\",\"url\":\"https:\/\/fashubash.com\/fr\/mathieu-gallet-fortune\/\",\"name\":\"Mathieu Gallet Fortune : Ce qui fa\u00e7onne sa valeur nette 2025\",\"isPartOf\":{\"@id\":\"https:\/\/fashubash.com\/fr\/#website\"},\"primaryImageOfPage\":{\"@id\":\"https:\/\/fashubash.com\/fr\/mathieu-gallet-fortune\/#primaryimage\"},\"image\":{\"@id\":\"https:\/\/fashubash.com\/fr\/mathieu-gallet-fortune\/#primaryimage\"},\"thumbnailUrl\":\"https:\/\/fashubash.com\/fr\/wp-content\/uploads\/2025\/11\/Mathieu-Gallet-Fortune-Ce-qui-faconne-sa-valeur-nette-2025-scaled.webp\",\"datePublished\":\"2025-11-16T11:43:48+00:00\",\"author\":{\"@id\":\"https:\/\/fashubash.com\/fr\/#\/schema\/person\/8ff2ec71248c40fea373970020877682\"},\"description\":\"Analyse de la fortune de Mathieu Gallet en 2025, influenc\u00e9e par sa carri\u00e8re m\u00e9diatique, Majelan et ses r\u00e9cents postes de direction.\",\"breadcrumb\":{\"@id\":\"https:\/\/fashubash.com\/fr\/mathieu-gallet-fortune\/#breadcrumb\"},\"inLanguage\":\"fr-FR\",\"potentialAction\":[{\"@type\":\"ReadAction\",\"target\":[\"https:\/\/fashubash.com\/fr\/mathieu-gallet-fortune\/\"]}]},{\"@type\":\"ImageObject\",\"inLanguage\":\"fr-FR\",\"@id\":\"https:\/\/fashubash.com\/fr\/mathieu-gallet-fortune\/#primaryimage\",\"url\":\"https:\/\/fashubash.com\/fr\/wp-content\/uploads\/2025\/11\/Mathieu-Gallet-Fortune-Ce-qui-faconne-sa-valeur-nette-2025-scaled.webp\",\"contentUrl\":\"https:\/\/fashubash.com\/fr\/wp-content\/uploads\/2025\/11\/Mathieu-Gallet-Fortune-Ce-qui-faconne-sa-valeur-nette-2025-scaled.webp\",\"width\":1707,\"height\":2560,\"caption\":\"Mathieu Gallet Fortune\"},{\"@type\":\"BreadcrumbList\",\"@id\":\"https:\/\/fashubash.com\/fr\/mathieu-gallet-fortune\/#breadcrumb\",\"itemListElement\":[{\"@type\":\"ListItem\",\"position\":1,\"name\":\"Accueil\",\"item\":\"https:\/\/fashubash.com\/fr\/\"},{\"@type\":\"ListItem\",\"position\":2,\"name\":\"Mathieu Gallet Fortune : Ce qui fa\u00e7onne sa valeur nette 2025\"}]},{\"@type\":\"WebSite\",\"@id\":\"https:\/\/fashubash.com\/fr\/#website\",\"url\":\"https:\/\/fashubash.com\/fr\/\",\"name\":\"FashuBash\",\"description\":\"Estime Fortune\",\"potentialAction\":[{\"@type\":\"SearchAction\",\"target\":{\"@type\":\"EntryPoint\",\"urlTemplate\":\"https:\/\/fashubash.com\/fr\/?s={search_term_string}\"},\"query-input\":{\"@type\":\"PropertyValueSpecification\",\"valueRequired\":true,\"valueName\":\"search_term_string\"}}],\"inLanguage\":\"fr-FR\"},{\"@type\":\"Person\",\"@id\":\"https:\/\/fashubash.com\/fr\/#\/schema\/person\/8ff2ec71248c40fea373970020877682\",\"name\":\"Alex C\",\"image\":{\"@type\":\"ImageObject\",\"inLanguage\":\"fr-FR\",\"@id\":\"https:\/\/secure.gravatar.com\/avatar\/4171ee932dff73cb47d6416e67667dcab1f489bd31739fbb405732d7d700ea3d?s=96&d=mm&r=g\",\"url\":\"https:\/\/secure.gravatar.com\/avatar\/4171ee932dff73cb47d6416e67667dcab1f489bd31739fbb405732d7d700ea3d?s=96&d=mm&r=g\",\"contentUrl\":\"https:\/\/secure.gravatar.com\/avatar\/4171ee932dff73cb47d6416e67667dcab1f489bd31739fbb405732d7d700ea3d?s=96&d=mm&r=g\",\"caption\":\"Alex C\"},\"sameAs\":[\"https:\/\/fashubash.com\/fr\/\"],\"url\":\"https:\/\/fashubash.com\/fr\/author\/alexander-c22\/\"}]}<\/script>\n<!-- \/ Yoast SEO plugin. -->","yoast_head_json":{"title":"Mathieu Gallet Fortune : Ce qui fa\u00e7onne sa valeur nette 2025","description":"Analyse de la fortune de Mathieu Gallet en 2025, influenc\u00e9e par sa carri\u00e8re m\u00e9diatique, Majelan et ses r\u00e9cents postes de direction.","robots":{"index":"index","follow":"follow","max-snippet":"max-snippet:-1","max-image-preview":"max-image-preview:large","max-video-preview":"max-video-preview:-1"},"canonical":"https:\/\/fashubash.com\/fr\/mathieu-gallet-fortune\/","og_locale":"fr_FR","og_type":"article","og_title":"Mathieu Gallet Fortune : Ce qui fa\u00e7onne sa valeur nette 2025","og_description":"Analyse de la fortune de Mathieu Gallet en 2025, influenc\u00e9e par sa carri\u00e8re m\u00e9diatique, Majelan et ses r\u00e9cents postes de direction.","og_url":"https:\/\/fashubash.com\/fr\/mathieu-gallet-fortune\/","og_site_name":"FashuBash","article_published_time":"2025-11-16T11:43:48+00:00","og_image":[{"width":1707,"height":2560,"url":"https:\/\/fashubash.com\/fr\/wp-content\/uploads\/2025\/11\/Mathieu-Gallet-Fortune-Ce-qui-faconne-sa-valeur-nette-2025-scaled.webp","type":"image\/webp"}],"author":"Alex C","twitter_card":"summary_large_image","twitter_misc":{"\u00c9crit par":"Alex C","Dur\u00e9e de lecture estim\u00e9e":"4 minutes"},"schema":{"@context":"https:\/\/schema.org","@graph":[{"@type":"Article","@id":"https:\/\/fashubash.com\/fr\/mathieu-gallet-fortune\/#article","isPartOf":{"@id":"https:\/\/fashubash.com\/fr\/mathieu-gallet-fortune\/"},"author":{"name":"Alex C","@id":"https:\/\/fashubash.com\/fr\/#\/schema\/person\/8ff2ec71248c40fea373970020877682"},"headline":"Mathieu Gallet Fortune : Ce qui fa\u00e7onne sa valeur nette 2025","datePublished":"2025-11-16T11:43:48+00:00","mainEntityOfPage":{"@id":"https:\/\/fashubash.com\/fr\/mathieu-gallet-fortune\/"},"wordCount":726,"commentCount":0,"image":{"@id":"https:\/\/fashubash.com\/fr\/mathieu-gallet-fortune\/#primaryimage"},"thumbnailUrl":"https:\/\/fashubash.com\/fr\/wp-content\/uploads\/2025\/11\/Mathieu-Gallet-Fortune-Ce-qui-faconne-sa-valeur-nette-2025-scaled.webp","articleSection":["PDG"],"inLanguage":"fr-FR","potentialAction":[{"@type":"CommentAction","name":"Comment","target":["https:\/\/fashubash.com\/fr\/mathieu-gallet-fortune\/#respond"]}]},{"@type":"WebPage","@id":"https:\/\/fashubash.com\/fr\/mathieu-gallet-fortune\/","url":"https:\/\/fashubash.com\/fr\/mathieu-gallet-fortune\/","name":"Mathieu Gallet Fortune : Ce qui fa\u00e7onne sa valeur nette 2025","isPartOf":{"@id":"https:\/\/fashubash.com\/fr\/#website"},"primaryImageOfPage":{"@id":"https:\/\/fashubash.com\/fr\/mathieu-gallet-fortune\/#primaryimage"},"image":{"@id":"https:\/\/fashubash.com\/fr\/mathieu-gallet-fortune\/#primaryimage"},"thumbnailUrl":"https:\/\/fashubash.com\/fr\/wp-content\/uploads\/2025\/11\/Mathieu-Gallet-Fortune-Ce-qui-faconne-sa-valeur-nette-2025-scaled.webp","datePublished":"2025-11-16T11:43:48+00:00","author":{"@id":"https:\/\/fashubash.com\/fr\/#\/schema\/person\/8ff2ec71248c40fea373970020877682"},"description":"Analyse de la fortune de Mathieu Gallet en 2025, influenc\u00e9e par sa carri\u00e8re m\u00e9diatique, Majelan et ses r\u00e9cents postes de direction.","breadcrumb":{"@id":"https:\/\/fashubash.com\/fr\/mathieu-gallet-fortune\/#breadcrumb"},"inLanguage":"fr-FR","potentialAction":[{"@type":"ReadAction","target":["https:\/\/fashubash.com\/fr\/mathieu-gallet-fortune\/"]}]},{"@type":"ImageObject","inLanguage":"fr-FR","@id":"https:\/\/fashubash.com\/fr\/mathieu-gallet-fortune\/#primaryimage","url":"https:\/\/fashubash.com\/fr\/wp-content\/uploads\/2025\/11\/Mathieu-Gallet-Fortune-Ce-qui-faconne-sa-valeur-nette-2025-scaled.webp","contentUrl":"https:\/\/fashubash.com\/fr\/wp-content\/uploads\/2025\/11\/Mathieu-Gallet-Fortune-Ce-qui-faconne-sa-valeur-nette-2025-scaled.webp","width":1707,"height":2560,"caption":"Mathieu Gallet Fortune"},{"@type":"BreadcrumbList","@id":"https:\/\/fashubash.com\/fr\/mathieu-gallet-fortune\/#breadcrumb","itemListElement":[{"@type":"ListItem","position":1,"name":"Accueil","item":"https:\/\/fashubash.com\/fr\/"},{"@type":"ListItem","position":2,"name":"Mathieu Gallet Fortune : Ce qui fa\u00e7onne sa valeur nette 2025"}]},{"@type":"WebSite","@id":"https:\/\/fashubash.com\/fr\/#website","url":"https:\/\/fashubash.com\/fr\/","name":"FashuBash","description":"Estime Fortune","potentialAction":[{"@type":"SearchAction","target":{"@type":"EntryPoint","urlTemplate":"https:\/\/fashubash.com\/fr\/?s={search_term_string}"},"query-input":{"@type":"PropertyValueSpecification","valueRequired":true,"valueName":"search_term_string"}}],"inLanguage":"fr-FR"},{"@type":"Person","@id":"https:\/\/fashubash.com\/fr\/#\/schema\/person\/8ff2ec71248c40fea373970020877682","name":"Alex C","image":{"@type":"ImageObject","inLanguage":"fr-FR","@id":"https:\/\/secure.gravatar.com\/avatar\/4171ee932dff73cb47d6416e67667dcab1f489bd31739fbb405732d7d700ea3d?s=96&d=mm&r=g","url":"https:\/\/secure.gravatar.com\/avatar\/4171ee932dff73cb47d6416e67667dcab1f489bd31739fbb405732d7d700ea3d?s=96&d=mm&r=g","contentUrl":"https:\/\/secure.gravatar.com\/avatar\/4171ee932dff73cb47d6416e67667dcab1f489bd31739fbb405732d7d700ea3d?s=96&d=mm&r=g","caption":"Alex C"},"sameAs":["https:\/\/fashubash.com\/fr\/"],"url":"https:\/\/fashubash.com\/fr\/author\/alexander-c22\/"}]}},"_links":{"self":[{"href":"https:\/\/fashubash.com\/fr\/wp-json\/wp\/v2\/posts\/1760","targetHints":{"allow":["GET"]}}],"collection":[{"href":"https:\/\/fashubash.com\/fr\/wp-json\/wp\/v2\/posts"}],"about":[{"href":"https:\/\/fashubash.com\/fr\/wp-json\/wp\/v2\/types\/post"}],"author":[{"embeddable":true,"href":"https:\/\/fashubash.com\/fr\/wp-json\/wp\/v2\/users\/4"}],"replies":[{"embeddable":true,"href":"https:\/\/fashubash.com\/fr\/wp-json\/wp\/v2\/comments?post=1760"}],"version-history":[{"count":2,"href":"https:\/\/fashubash.com\/fr\/wp-json\/wp\/v2\/posts\/1760\/revisions"}],"predecessor-version":[{"id":2170,"href":"https:\/\/fashubash.com\/fr\/wp-json\/wp\/v2\/posts\/1760\/revisions\/2170"}],"wp:featuredmedia":[{"embeddable":true,"href":"https:\/\/fashubash.com\/fr\/wp-json\/wp\/v2\/media\/2169"}],"wp:attachment":[{"href":"https:\/\/fashubash.com\/fr\/wp-json\/wp\/v2\/media?parent=1760"}],"wp:term":[{"taxonomy":"category","embeddable":true,"href":"https:\/\/fashubash.com\/fr\/wp-json\/wp\/v2\/categories?post=1760"},{"taxonomy":"post_tag","embeddable":true,"href":"https:\/\/fashubash.com\/fr\/wp-json\/wp\/v2\/tags?post=1760"}],"curies":[{"name":"wp","href":"https:\/\/api.w.org\/{rel}","templated":true}]}}