{"id":2237,"date":"2025-11-19T20:20:06","date_gmt":"2025-11-19T20:20:06","guid":{"rendered":"https:\/\/fashubash.com\/fr\/?p=2237"},"modified":"2025-11-19T20:20:06","modified_gmt":"2025-11-19T20:20:06","slug":"ben-vautier-fortune","status":"publish","type":"post","link":"https:\/\/fashubash.com\/fr\/ben-vautier-fortune\/","title":{"rendered":"Ben Vautier Fortune : ce que r\u00e9v\u00e8le l\u2019ensemble de son \u0153uvre"},"content":{"rendered":"<p data-start=\"215\" data-end=\"550\">Ben Vautier est n\u00e9 le 18 juillet 1935 \u00e0 Naples, en Italie. Sa m\u00e8re, Janet (n\u00e9e Giraud), \u00e9tait d\u2019origine occitane (sud de la France) et irlandaise, et son p\u00e8re, Max-Ferdinand Vautier, \u00e9tait suisse. Il vient d\u2019une famille d\u2019artistes : son grand-p\u00e8re paternel \u00e9tait le peintre suisse Marc Louis Benjamin Vautier.<\/p>\n<p data-start=\"552\" data-end=\"830\">Pendant la Seconde Guerre mondiale, Ben vit avec sa m\u00e8re dans plusieurs pays. Apr\u00e8s le divorce de ses parents, ils passent successivement par la Suisse, la Turquie, l\u2019\u00c9gypte et l\u2019Italie. Ils s\u2019installent finalement \u00e0 <strong data-start=\"769\" data-end=\"777\">Nice<\/strong>, en France, en 1949, alors qu\u2019il a environ 14 ans.<\/p>\n<p data-start=\"832\" data-end=\"1124\">\u00c0 Nice, Vautier fr\u00e9quente d\u2019abord l\u2019<strong data-start=\"868\" data-end=\"894\">\u00c9cole du Parc Imp\u00e9rial<\/strong>, puis le <strong data-start=\"904\" data-end=\"925\">Coll\u00e8ge Stanislas<\/strong> en internat. Il quitte l\u2019\u00e9cole \u00e0 16 ans et trouve un emploi dans la librairie <strong data-start=\"1004\" data-end=\"1020\">Le Nain Bleu<\/strong> \u00e0 Nice, o\u00f9 il d\u00e9couvre des livres sur l\u2019art moderne qui vont nourrir ses premiers int\u00e9r\u00eats artistiques.<\/p>\n<h2 data-start=\"1131\" data-end=\"1146\">Carri\u00e8re<\/h2>\n<p data-start=\"1148\" data-end=\"1451\">Ben Vautier (1935\u20132024) est un artiste avant-gardiste fran\u00e7ais connu pour son r\u00f4le pionnier dans l\u2019art conceptuel et l\u2019esprit Fluxus. Sa carri\u00e8re, qui s\u2019\u00e9tend sur plus de six d\u00e9cennies, est marqu\u00e9e par une volont\u00e9 radicale de brouiller les fronti\u00e8res entre l\u2019art et la vie quotidienne.<\/p>\n<p data-start=\"1453\" data-end=\"1763\">Vautier commence son activit\u00e9 artistique \u00e0 Nice, o\u00f9 il adopte l\u2019id\u00e9e de <strong data-start=\"1525\" data-end=\"1543\">Marcel Duchamp<\/strong> selon laquelle les objets et gestes ordinaires peuvent devenir de l\u2019art. En 1958, il ouvre un magasin de disques et d\u2019estampes d\u2019occasion au <strong data-start=\"1685\" data-end=\"1718\">32 rue Tondutti de l\u2019Escar\u00e8ne<\/strong>, \u00e0 Nice, qu\u2019il baptise <strong data-start=\"1742\" data-end=\"1760\">Laboratoire 32<\/strong>.<\/p>\n<p data-start=\"1765\" data-end=\"2194\">Cet espace devient rapidement un lieu d\u2019<strong data-start=\"1805\" data-end=\"1822\">\u00ab art total \u00bb<\/strong>, \u00e0 la fois boutique et galerie, o\u00f9 il expose des \u0153uvres, publie des textes et organise des discussions avec d\u2019autres artistes d\u2019avant-garde. D\u00e8s cette p\u00e9riode, il formule sa devise directrice : <strong data-start=\"2017\" data-end=\"2037\">\u00ab Tout est art \u00bb<\/strong>, et cr\u00e9e m\u00eame en 1953 sa premi\u00e8re peinture-<strong data-start=\"2081\" data-end=\"2093\">\u00e9criture<\/strong>, un simple texte manuscrit sur toile, lan\u00e7ant une s\u00e9rie au long cours de slogans peints \u00e0 la main.<\/p>\n<p data-start=\"2196\" data-end=\"2770\">\u00c0 partir de 1959, Vautier publie son propre bulletin, <strong data-start=\"2250\" data-end=\"2262\">Ben Dieu<\/strong>, et utilise son Laboratoire 32 comme galerie. En 1960, il y organise sa premi\u00e8re exposition personnelle, <strong data-start=\"2368\" data-end=\"2384\">Rien et tout<\/strong>, dans la boutique. Ce d\u00e9but de carri\u00e8re est \u00e9galement marqu\u00e9 par la production de ses <strong data-start=\"2471\" data-end=\"2506\">\u0153uvres textuelles embl\u00e9matiques<\/strong>, souvent des mots en \u00e9criture blanche sur fond noir, inscrits sur des toiles, des objets ou directement sur les murs de sa galerie. Ces messages \u00e0 la fois ludiques et provocateurs, comme <strong data-start=\"2694\" data-end=\"2732\">\u00ab Il faut manger, il faut dormir \u00bb<\/strong>, deviennent sa v\u00e9ritable signature.<\/p>\n<p data-start=\"2772\" data-end=\"3226\">Il m\u00eale aussi vie quotidienne et art \u00e0 travers la performance : en 1962, il vit pendant deux semaines dans la vitrine d\u2019une galerie londonienne en tant que <strong data-start=\"2928\" data-end=\"2953\">\u00ab sculpture vivante \u00bb<\/strong>. Parall\u00e8lement, Vautier est un membre actif des r\u00e9seaux internationaux <strong data-start=\"3025\" data-end=\"3035\">Fluxus<\/strong> et <strong data-start=\"3039\" data-end=\"3059\">Nouveau R\u00e9alisme<\/strong>. Il collabore avec des artistes tels que <strong data-start=\"3101\" data-end=\"3115\">Yves Klein<\/strong>, <strong data-start=\"3117\" data-end=\"3126\">Arman<\/strong> ou <strong data-start=\"3130\" data-end=\"3148\">Robert Filliou<\/strong>, et commence \u00e0 accueillir des performances Fluxus dans sa boutique ni\u00e7oise.<\/p>\n<p data-start=\"3228\" data-end=\"3535\">L\u2019accumulation d\u2019objets trouv\u00e9s, de disques et de textes au sein du Laboratoire 32 devient elle-m\u00eame une installation dynamique, baptis\u00e9e <strong data-start=\"3366\" data-end=\"3388\">\u00ab N\u2019importe quoi \u00bb<\/strong>. Lorsque la boutique est d\u00e9mont\u00e9e en 1972, le <strong data-start=\"3435\" data-end=\"3454\">Centre Pompidou<\/strong> \u00e0 Paris l\u2019acquiert et la r\u00e9installe plus tard comme <strong data-start=\"3507\" data-end=\"3534\">installation permanente<\/strong>.<\/p>\n<p data-start=\"3228\" data-end=\"3535\"><img loading=\"lazy\" decoding=\"async\" class=\"aligncenter wp-image-2239 size-full\" src=\"https:\/\/fashubash.com\/fr\/wp-content\/uploads\/2025\/11\/Ben-Vautier.png\" alt=\"Ben Vautier Fortune\" width=\"608\" height=\"600\" srcset=\"https:\/\/fashubash.com\/fr\/wp-content\/uploads\/2025\/11\/Ben-Vautier.png 608w, https:\/\/fashubash.com\/fr\/wp-content\/uploads\/2025\/11\/Ben-Vautier-300x296.png 300w\" sizes=\"auto, (max-width: 608px) 100vw, 608px\" \/><\/p>\n<h3 data-start=\"3542\" data-end=\"3586\">\u00c9volution de carri\u00e8re &amp; r\u00f4les majeurs<\/h3>\n<p data-start=\"3588\" data-end=\"3752\">Apr\u00e8s la fermeture du Laboratoire 32, Vautier poursuit l\u2019extension de sa carri\u00e8re \u00e0 travers l\u2019\u00e9dition, les expositions et l\u2019organisation d\u2019\u00e9v\u00e9nements artistiques.<\/p>\n<p data-start=\"3754\" data-end=\"4040\">En 1977, il participe \u00e0 une importante exposition consacr\u00e9e \u00e0 l\u2019<strong data-start=\"3818\" data-end=\"3835\">\u00c9cole de Nice<\/strong> au Centre Pompidou, contribuant \u00e0 mettre en lumi\u00e8re l\u2019art du sud de la France. En 1978, il fonde la revue d\u2019art <strong data-start=\"3948\" data-end=\"3965\">La Diff\u00e9rence<\/strong>, qu\u2019il dirige pour d\u00e9fendre les sc\u00e8nes r\u00e9gionales et l\u2019art exp\u00e9rimental.<\/p>\n<p data-start=\"4042\" data-end=\"4326\">Au cours de la fin des ann\u00e9es 1970 et des ann\u00e9es 1980, il se rapproche d\u2019autres mouvements : il exerce une influence sur les peintres de la <strong data-start=\"4182\" data-end=\"4202\">Figuration Libre<\/strong> bas\u00e9s \u00e0 Marseille (tels que <strong data-start=\"4231\" data-end=\"4241\">Combas<\/strong> et <strong data-start=\"4245\" data-end=\"4256\">Di Rosa<\/strong>) et passe m\u00eame un an \u00e0 <strong data-start=\"4280\" data-end=\"4292\">New York<\/strong> pour y rencontrer des artistes.<\/p>\n<p data-start=\"4328\" data-end=\"4688\">Vautier con\u00e7oit son travail comme un acte d\u2019<strong data-start=\"4372\" data-end=\"4389\">appropriation<\/strong> et d\u2019<strong data-start=\"4395\" data-end=\"4422\">affirmation identitaire<\/strong>. Il signe souvent des objets ou des \u00e9v\u00e9nements en apparence insignifiants, r\u00e9sumant sa d\u00e9marche par la formule : <strong data-start=\"4536\" data-end=\"4579\">\u00ab Mon art sera un art d\u2019appropriation \u00bb<\/strong>. Concr\u00e8tement, cela l\u2019am\u00e8ne \u00e0 signer un mur de mus\u00e9e ou \u00e0 d\u00e9signer un inconnu comme <strong data-start=\"4664\" data-end=\"4685\">sculpture vivante<\/strong>.<\/p>\n<p data-start=\"4690\" data-end=\"5149\">Au fil de ces d\u00e9cennies, il multiplie voyages et performances, et donne ponctuellement des conf\u00e9rences ou des cours sur l\u2019art. Plus tard, il revient \u00e0 Nice pour cr\u00e9er des lieux d\u2019\u00e9change et de cr\u00e9ation collective : par exemple, en 2010, il ouvre l\u2019<strong data-start=\"4938\" data-end=\"4959\">Espace \u00e0 d\u00e9battre<\/strong>, une galerie d\u00e9di\u00e9e au d\u00e9bat et aux expositions. Tout au long de sa vie, Vautier demeure un <strong data-start=\"5052\" data-end=\"5067\">provocateur<\/strong> et un <strong data-start=\"5074\" data-end=\"5090\">organisateur<\/strong>, d\u00e9fendant sans rel\u00e2che l\u2019id\u00e9e de <strong data-start=\"5125\" data-end=\"5148\">\u00ab l\u2019art comme vie \u00bb<\/strong>.<\/p>\n<h2 data-start=\"5156\" data-end=\"5184\">R\u00e9alisations majeures<\/h2>\n<h3 data-start=\"5186\" data-end=\"5216\">Grandes r\u00e9trospectives<\/h3>\n<p data-start=\"5218\" data-end=\"5313\">\u00c0 partir des ann\u00e9es 1990, l\u2019\u0153uvre de Vautier fait l\u2019objet de vastes r\u00e9trospectives mus\u00e9ales :<\/p>\n<ul>\n<li data-start=\"5317\" data-end=\"5456\">En <strong data-start=\"5320\" data-end=\"5328\">1995<\/strong>, le <strong data-start=\"5333\" data-end=\"5374\">Mus\u00e9e d\u2019Art Contemporain de Marseille<\/strong> organise <strong data-start=\"5384\" data-end=\"5411\">\u00ab Ben, pour ou contre \u00bb<\/strong>, sa premi\u00e8re grande exposition d\u2019ensemble.<\/li>\n<li data-start=\"5459\" data-end=\"5559\">En <strong data-start=\"5462\" data-end=\"5470\">2001<\/strong>, le <strong data-start=\"5475\" data-end=\"5484\">MAMAC<\/strong> de Nice lui consacre la r\u00e9trospective <strong data-start=\"5523\" data-end=\"5557\">\u00ab Je cherche la v\u00e9rit\u00e9. Ben. \u00bb<\/strong><\/li>\n<li data-start=\"5562\" data-end=\"5683\">En <strong data-start=\"5565\" data-end=\"5573\">2010<\/strong>, le <strong data-start=\"5578\" data-end=\"5614\">Mus\u00e9e d\u2019Art Contemporain de Lyon<\/strong> lui d\u00e9die tout son espace avec <strong data-start=\"5646\" data-end=\"5680\">\u00ab Ben : Strip-tease int\u00e9gral \u00bb<\/strong>.<\/li>\n<li data-start=\"5686\" data-end=\"5917\">Plus r\u00e9cemment, en <strong data-start=\"5705\" data-end=\"5713\">2022<\/strong>, le <strong data-start=\"5718\" data-end=\"5726\">MUAC<\/strong> de Mexico pr\u00e9sente <strong data-start=\"5746\" data-end=\"5770\">\u00ab Death Isn\u2019t Real \u00bb<\/strong>, une exposition de 1 500 m\u00b2 de ses \u0153uvres, con\u00e7ue par le commissaire <strong data-start=\"5840\" data-end=\"5860\">Ferran Barenblit<\/strong>, l\u2019une des plus importantes r\u00e9trospectives de l\u2019artiste.<\/li>\n<\/ul>\n<h3 data-start=\"5919\" data-end=\"5959\">\u0152uvres publiques et publications<\/h3>\n<p data-start=\"5961\" data-end=\"6301\">Vautier r\u00e9alise \u00e9galement des \u0153uvres publiques et des projets m\u00e9diatiques durables. En <strong data-start=\"6048\" data-end=\"6056\">1995<\/strong>, il installe <strong data-start=\"6070\" data-end=\"6089\">Le Mur des Mots<\/strong> \u00e0 Blois, un mur constitu\u00e9 de <strong data-start=\"6119\" data-end=\"6144\">313 plaques \u00e9maill\u00e9es<\/strong>, chacune portant un slogan manuscrit de l\u2019artiste ; cette commande publique fait entrer son style dans l\u2019espace urbain et contribue \u00e0 asseoir sa renomm\u00e9e.<\/p>\n<p data-start=\"6303\" data-end=\"6508\">Il publie des dizaines de <strong data-start=\"6329\" data-end=\"6349\">livres d\u2019artiste<\/strong>, tracts et \u00e9ph\u00e9m\u00e9ra sous des titres comme <strong data-start=\"6392\" data-end=\"6404\">Ben Dieu<\/strong> ou <strong data-start=\"6408\" data-end=\"6416\">Tout<\/strong>. Ses \u00e9crits et performances en font une figure tr\u00e8s visible en France et \u00e0 l\u2019international.<\/p>\n<h3 data-start=\"6510\" data-end=\"6554\">Collections mus\u00e9ales et distinctions<\/h3>\n<p data-start=\"6556\" data-end=\"6794\">Les \u0153uvres de Vautier entrent dans les collections de grands mus\u00e9es internationaux, notamment le <strong data-start=\"6653\" data-end=\"6684\">Museum of Modern Art (MoMA)<\/strong> \u00e0 New York, la <strong data-start=\"6700\" data-end=\"6715\">Tate Modern<\/strong> \u00e0 Londres, ainsi que des mus\u00e9es nationaux d\u2019art moderne \u00e0 Paris et ailleurs.<\/p>\n<p data-start=\"6796\" data-end=\"7065\">Il re\u00e7oit une large reconnaissance pour ses contributions : en France, il est nomm\u00e9 <strong data-start=\"6880\" data-end=\"6916\">Chevalier de la L\u00e9gion d\u2019honneur<\/strong> et <strong data-start=\"6920\" data-end=\"6969\">Commandeur de l\u2019Ordre des Arts et des Lettres<\/strong>. Les responsables politiques et les critiques citent fr\u00e9quemment son esprit et son influence.<\/p>\n<p data-start=\"7067\" data-end=\"7297\">Ses slogans peints \u00e0 la main \u2013 par exemple <strong data-start=\"7110\" data-end=\"7137\">\u00ab \u00c0 quoi sert l\u2019art ? \u00bb<\/strong>, <strong data-start=\"7139\" data-end=\"7171\">\u00ab Tout est possible en art \u00bb<\/strong> \u2013 deviennent iconiques, reproduits sur des <strong data-start=\"7215\" data-end=\"7228\">cartables<\/strong>, <strong data-start=\"7230\" data-end=\"7242\">affiches<\/strong> et dans les m\u00e9dias, t\u00e9moignant de son impact culturel.<\/p>\n<h2 data-start=\"7304\" data-end=\"7333\">D\u00e9veloppements r\u00e9cents<\/h2>\n<p data-start=\"7335\" data-end=\"7630\">Dans les ann\u00e9es 2020, Vautier reste actif en tant qu\u2019exposant et auteur. Outre la grande r\u00e9trospective de Mexico, il pr\u00e9sente des \u0153uvres anciennes et r\u00e9centes dans diverses galeries et mus\u00e9es ; par exemple, une petite exposition intitul\u00e9e <strong data-start=\"7574\" data-end=\"7598\">\u00ab On est tous fous \u00bb<\/strong> est organis\u00e9e \u00e0 Nice en 2023. M\u00eame octog\u00e9naire, il continue de signer des \u0153uvres et de se rendre aux vernissages.<\/p>\n<p data-start=\"7719\" data-end=\"8102\">En <strong data-start=\"7722\" data-end=\"7735\">juin 2024<\/strong>, <strong data-start=\"7737\" data-end=\"7752\">Ben Vautier<\/strong> meurt \u00e0 Nice \u00e0 l\u2019\u00e2ge de 88 ans, mettant fin \u00e0 une carri\u00e8re exceptionnellement longue et intense. Ses derni\u00e8res ann\u00e9es sont marqu\u00e9es par un regain d\u2019int\u00e9r\u00eat pour ses id\u00e9es d\u2019<strong data-start=\"7926\" data-end=\"7938\">art-tout<\/strong> et d\u2019<strong data-start=\"7944\" data-end=\"7964\">art-tout-est-art<\/strong>. L\u2019influence de l\u2019artiste perdure dans l\u2019art conceptuel contemporain et dans l\u2019espace public qu\u2019il a contribu\u00e9 \u00e0 transformer avec humour.<\/p>\n<h2 data-start=\"8109\" data-end=\"8138\">Fortune de Ben Vautier<\/h2>\n<p data-start=\"8140\" data-end=\"8400\">En 2025, <strong data-start=\"8149\" data-end=\"8189\">aucune grande publication financi\u00e8re<\/strong> n\u2019a publi\u00e9 d\u2019estimation officielle de la fortune de <strong data-start=\"8242\" data-end=\"8257\">Ben Vautier<\/strong>. Certains sites en ligne l\u2019\u00e9valuent entre <strong data-start=\"8300\" data-end=\"8338\">1 million et 5 millions de dollars<\/strong>, mais ces chiffres restent <strong data-start=\"8366\" data-end=\"8382\">non v\u00e9rifi\u00e9s<\/strong> et sp\u00e9culatifs.<\/p>\n<p data-start=\"8402\" data-end=\"8505\">Vautier \u00e9tait un artiste conceptuel fran\u00e7ais associ\u00e9 au mouvement <strong data-start=\"8468\" data-end=\"8478\">Fluxus<\/strong>, tirant ses revenus de :<\/p>\n<ul>\n<li data-start=\"8509\" data-end=\"8537\"><strong data-start=\"8509\" data-end=\"8535\">La vente de ses \u0153uvres<\/strong><\/li>\n<li data-start=\"8540\" data-end=\"8577\"><strong data-start=\"8540\" data-end=\"8575\">Les expositions et performances<\/strong><\/li>\n<li data-start=\"8580\" data-end=\"8678\"><strong data-start=\"8580\" data-end=\"8646\">La pr\u00e9sence de ses pi\u00e8ces dans de grandes collections mus\u00e9ales<\/strong> (MoMA, Centre Pompidou, etc.)<\/li>\n<\/ul>\n<p data-start=\"8680\" data-end=\"8848\">En l\u2019absence de donn\u00e9es officielles provenant de sources comme Forbes ou Bloomberg, toute estimation chiffr\u00e9e de sa fortune doit donc \u00eatre consid\u00e9r\u00e9e avec <strong data-start=\"8835\" data-end=\"8847\">prudence<\/strong>.<\/p>\n","protected":false},"excerpt":{"rendered":"<p>Ben Vautier est n\u00e9 le 18 juillet 1935 \u00e0 Naples, en Italie. Sa m\u00e8re, Janet (n\u00e9e Giraud), \u00e9tait d\u2019origine occitane (sud de la France) et irlandaise, et son p\u00e8re, Max-Ferdinand Vautier, \u00e9tait suisse. Il vient d\u2019une famille d\u2019artistes : son grand-p\u00e8re paternel \u00e9tait le peintre suisse Marc Louis Benjamin Vautier. Pendant la Seconde Guerre mondiale, &hellip;<\/p>\n","protected":false},"author":4,"featured_media":2238,"comment_status":"open","ping_status":"open","sticky":false,"template":"","format":"standard","meta":{"footnotes":""},"categories":[31],"tags":[],"class_list":["post-2237","post","type-post","status-publish","format-standard","has-post-thumbnail","hentry","category-musicienne"],"yoast_head":"<!-- This site is optimized with the Yoast SEO plugin v27.2 - https:\/\/yoast.com\/product\/yoast-seo-wordpress\/ -->\n<title>Ben Vautier Fortune : ce que r\u00e9v\u00e8le l\u2019ensemble de son \u0153uvre<\/title>\n<meta name=\"description\" content=\"D\u00e9couvrez comment Ben Vautier Fortune est estim\u00e9e via ses ventes d\u2019art et ses \u0153uvres publiques, faute de valeur officielle en 2025.\" \/>\n<meta name=\"robots\" content=\"index, follow, max-snippet:-1, max-image-preview:large, max-video-preview:-1\" \/>\n<link rel=\"canonical\" href=\"https:\/\/fashubash.com\/fr\/ben-vautier-fortune\/\" \/>\n<meta property=\"og:locale\" content=\"fr_FR\" \/>\n<meta property=\"og:type\" content=\"article\" \/>\n<meta property=\"og:title\" content=\"Ben Vautier Fortune : ce que r\u00e9v\u00e8le l\u2019ensemble de son \u0153uvre\" \/>\n<meta property=\"og:description\" content=\"D\u00e9couvrez comment Ben Vautier Fortune est estim\u00e9e via ses ventes d\u2019art et ses \u0153uvres publiques, faute de valeur officielle en 2025.\" \/>\n<meta property=\"og:url\" content=\"https:\/\/fashubash.com\/fr\/ben-vautier-fortune\/\" \/>\n<meta property=\"og:site_name\" content=\"FashuBash\" \/>\n<meta property=\"article:published_time\" content=\"2025-11-19T20:20:06+00:00\" \/>\n<meta property=\"og:image\" content=\"https:\/\/fashubash.com\/fr\/wp-content\/uploads\/2025\/11\/Ben-Vautier-Fortune-ce-que-revele-lensemble-de-son-oeuvre.jpg\" \/>\n\t<meta property=\"og:image:width\" content=\"1280\" \/>\n\t<meta property=\"og:image:height\" content=\"1280\" \/>\n\t<meta property=\"og:image:type\" content=\"image\/jpeg\" \/>\n<meta name=\"author\" content=\"Alex C\" \/>\n<meta name=\"twitter:card\" content=\"summary_large_image\" \/>\n<meta name=\"twitter:label1\" content=\"\u00c9crit par\" \/>\n\t<meta name=\"twitter:data1\" content=\"Alex C\" \/>\n\t<meta name=\"twitter:label2\" content=\"Dur\u00e9e de lecture estim\u00e9e\" \/>\n\t<meta name=\"twitter:data2\" content=\"7 minutes\" \/>\n<script type=\"application\/ld+json\" class=\"yoast-schema-graph\">{\"@context\":\"https:\/\/schema.org\",\"@graph\":[{\"@type\":\"Article\",\"@id\":\"https:\/\/fashubash.com\/fr\/ben-vautier-fortune\/#article\",\"isPartOf\":{\"@id\":\"https:\/\/fashubash.com\/fr\/ben-vautier-fortune\/\"},\"author\":{\"name\":\"Alex C\",\"@id\":\"https:\/\/fashubash.com\/fr\/#\/schema\/person\/8ff2ec71248c40fea373970020877682\"},\"headline\":\"Ben Vautier Fortune : ce que r\u00e9v\u00e8le l\u2019ensemble de son \u0153uvre\",\"datePublished\":\"2025-11-19T20:20:06+00:00\",\"mainEntityOfPage\":{\"@id\":\"https:\/\/fashubash.com\/fr\/ben-vautier-fortune\/\"},\"wordCount\":1428,\"commentCount\":0,\"image\":{\"@id\":\"https:\/\/fashubash.com\/fr\/ben-vautier-fortune\/#primaryimage\"},\"thumbnailUrl\":\"https:\/\/fashubash.com\/fr\/wp-content\/uploads\/2025\/11\/Ben-Vautier-Fortune-ce-que-revele-lensemble-de-son-oeuvre.jpg\",\"articleSection\":[\"Musicienne\"],\"inLanguage\":\"fr-FR\",\"potentialAction\":[{\"@type\":\"CommentAction\",\"name\":\"Comment\",\"target\":[\"https:\/\/fashubash.com\/fr\/ben-vautier-fortune\/#respond\"]}]},{\"@type\":\"WebPage\",\"@id\":\"https:\/\/fashubash.com\/fr\/ben-vautier-fortune\/\",\"url\":\"https:\/\/fashubash.com\/fr\/ben-vautier-fortune\/\",\"name\":\"Ben Vautier Fortune : ce que r\u00e9v\u00e8le l\u2019ensemble de son \u0153uvre\",\"isPartOf\":{\"@id\":\"https:\/\/fashubash.com\/fr\/#website\"},\"primaryImageOfPage\":{\"@id\":\"https:\/\/fashubash.com\/fr\/ben-vautier-fortune\/#primaryimage\"},\"image\":{\"@id\":\"https:\/\/fashubash.com\/fr\/ben-vautier-fortune\/#primaryimage\"},\"thumbnailUrl\":\"https:\/\/fashubash.com\/fr\/wp-content\/uploads\/2025\/11\/Ben-Vautier-Fortune-ce-que-revele-lensemble-de-son-oeuvre.jpg\",\"datePublished\":\"2025-11-19T20:20:06+00:00\",\"author\":{\"@id\":\"https:\/\/fashubash.com\/fr\/#\/schema\/person\/8ff2ec71248c40fea373970020877682\"},\"description\":\"D\u00e9couvrez comment Ben Vautier Fortune est estim\u00e9e via ses ventes d\u2019art et ses \u0153uvres publiques, faute de valeur officielle en 2025.\",\"breadcrumb\":{\"@id\":\"https:\/\/fashubash.com\/fr\/ben-vautier-fortune\/#breadcrumb\"},\"inLanguage\":\"fr-FR\",\"potentialAction\":[{\"@type\":\"ReadAction\",\"target\":[\"https:\/\/fashubash.com\/fr\/ben-vautier-fortune\/\"]}]},{\"@type\":\"ImageObject\",\"inLanguage\":\"fr-FR\",\"@id\":\"https:\/\/fashubash.com\/fr\/ben-vautier-fortune\/#primaryimage\",\"url\":\"https:\/\/fashubash.com\/fr\/wp-content\/uploads\/2025\/11\/Ben-Vautier-Fortune-ce-que-revele-lensemble-de-son-oeuvre.jpg\",\"contentUrl\":\"https:\/\/fashubash.com\/fr\/wp-content\/uploads\/2025\/11\/Ben-Vautier-Fortune-ce-que-revele-lensemble-de-son-oeuvre.jpg\",\"width\":1280,\"height\":1280,\"caption\":\"Ben Vautier Fortune\"},{\"@type\":\"BreadcrumbList\",\"@id\":\"https:\/\/fashubash.com\/fr\/ben-vautier-fortune\/#breadcrumb\",\"itemListElement\":[{\"@type\":\"ListItem\",\"position\":1,\"name\":\"Accueil\",\"item\":\"https:\/\/fashubash.com\/fr\/\"},{\"@type\":\"ListItem\",\"position\":2,\"name\":\"Ben Vautier Fortune : ce que r\u00e9v\u00e8le l\u2019ensemble de son \u0153uvre\"}]},{\"@type\":\"WebSite\",\"@id\":\"https:\/\/fashubash.com\/fr\/#website\",\"url\":\"https:\/\/fashubash.com\/fr\/\",\"name\":\"FashuBash\",\"description\":\"Estime Fortune\",\"potentialAction\":[{\"@type\":\"SearchAction\",\"target\":{\"@type\":\"EntryPoint\",\"urlTemplate\":\"https:\/\/fashubash.com\/fr\/?s={search_term_string}\"},\"query-input\":{\"@type\":\"PropertyValueSpecification\",\"valueRequired\":true,\"valueName\":\"search_term_string\"}}],\"inLanguage\":\"fr-FR\"},{\"@type\":\"Person\",\"@id\":\"https:\/\/fashubash.com\/fr\/#\/schema\/person\/8ff2ec71248c40fea373970020877682\",\"name\":\"Alex C\",\"image\":{\"@type\":\"ImageObject\",\"inLanguage\":\"fr-FR\",\"@id\":\"https:\/\/secure.gravatar.com\/avatar\/4171ee932dff73cb47d6416e67667dcab1f489bd31739fbb405732d7d700ea3d?s=96&d=mm&r=g\",\"url\":\"https:\/\/secure.gravatar.com\/avatar\/4171ee932dff73cb47d6416e67667dcab1f489bd31739fbb405732d7d700ea3d?s=96&d=mm&r=g\",\"contentUrl\":\"https:\/\/secure.gravatar.com\/avatar\/4171ee932dff73cb47d6416e67667dcab1f489bd31739fbb405732d7d700ea3d?s=96&d=mm&r=g\",\"caption\":\"Alex C\"},\"sameAs\":[\"https:\/\/fashubash.com\/fr\/\"],\"url\":\"https:\/\/fashubash.com\/fr\/author\/alexander-c22\/\"}]}<\/script>\n<!-- \/ Yoast SEO plugin. -->","yoast_head_json":{"title":"Ben Vautier Fortune : ce que r\u00e9v\u00e8le l\u2019ensemble de son \u0153uvre","description":"D\u00e9couvrez comment Ben Vautier Fortune est estim\u00e9e via ses ventes d\u2019art et ses \u0153uvres publiques, faute de valeur officielle en 2025.","robots":{"index":"index","follow":"follow","max-snippet":"max-snippet:-1","max-image-preview":"max-image-preview:large","max-video-preview":"max-video-preview:-1"},"canonical":"https:\/\/fashubash.com\/fr\/ben-vautier-fortune\/","og_locale":"fr_FR","og_type":"article","og_title":"Ben Vautier Fortune : ce que r\u00e9v\u00e8le l\u2019ensemble de son \u0153uvre","og_description":"D\u00e9couvrez comment Ben Vautier Fortune est estim\u00e9e via ses ventes d\u2019art et ses \u0153uvres publiques, faute de valeur officielle en 2025.","og_url":"https:\/\/fashubash.com\/fr\/ben-vautier-fortune\/","og_site_name":"FashuBash","article_published_time":"2025-11-19T20:20:06+00:00","og_image":[{"width":1280,"height":1280,"url":"https:\/\/fashubash.com\/fr\/wp-content\/uploads\/2025\/11\/Ben-Vautier-Fortune-ce-que-revele-lensemble-de-son-oeuvre.jpg","type":"image\/jpeg"}],"author":"Alex C","twitter_card":"summary_large_image","twitter_misc":{"\u00c9crit par":"Alex C","Dur\u00e9e de lecture estim\u00e9e":"7 minutes"},"schema":{"@context":"https:\/\/schema.org","@graph":[{"@type":"Article","@id":"https:\/\/fashubash.com\/fr\/ben-vautier-fortune\/#article","isPartOf":{"@id":"https:\/\/fashubash.com\/fr\/ben-vautier-fortune\/"},"author":{"name":"Alex C","@id":"https:\/\/fashubash.com\/fr\/#\/schema\/person\/8ff2ec71248c40fea373970020877682"},"headline":"Ben Vautier Fortune : ce que r\u00e9v\u00e8le l\u2019ensemble de son \u0153uvre","datePublished":"2025-11-19T20:20:06+00:00","mainEntityOfPage":{"@id":"https:\/\/fashubash.com\/fr\/ben-vautier-fortune\/"},"wordCount":1428,"commentCount":0,"image":{"@id":"https:\/\/fashubash.com\/fr\/ben-vautier-fortune\/#primaryimage"},"thumbnailUrl":"https:\/\/fashubash.com\/fr\/wp-content\/uploads\/2025\/11\/Ben-Vautier-Fortune-ce-que-revele-lensemble-de-son-oeuvre.jpg","articleSection":["Musicienne"],"inLanguage":"fr-FR","potentialAction":[{"@type":"CommentAction","name":"Comment","target":["https:\/\/fashubash.com\/fr\/ben-vautier-fortune\/#respond"]}]},{"@type":"WebPage","@id":"https:\/\/fashubash.com\/fr\/ben-vautier-fortune\/","url":"https:\/\/fashubash.com\/fr\/ben-vautier-fortune\/","name":"Ben Vautier Fortune : ce que r\u00e9v\u00e8le l\u2019ensemble de son \u0153uvre","isPartOf":{"@id":"https:\/\/fashubash.com\/fr\/#website"},"primaryImageOfPage":{"@id":"https:\/\/fashubash.com\/fr\/ben-vautier-fortune\/#primaryimage"},"image":{"@id":"https:\/\/fashubash.com\/fr\/ben-vautier-fortune\/#primaryimage"},"thumbnailUrl":"https:\/\/fashubash.com\/fr\/wp-content\/uploads\/2025\/11\/Ben-Vautier-Fortune-ce-que-revele-lensemble-de-son-oeuvre.jpg","datePublished":"2025-11-19T20:20:06+00:00","author":{"@id":"https:\/\/fashubash.com\/fr\/#\/schema\/person\/8ff2ec71248c40fea373970020877682"},"description":"D\u00e9couvrez comment Ben Vautier Fortune est estim\u00e9e via ses ventes d\u2019art et ses \u0153uvres publiques, faute de valeur officielle en 2025.","breadcrumb":{"@id":"https:\/\/fashubash.com\/fr\/ben-vautier-fortune\/#breadcrumb"},"inLanguage":"fr-FR","potentialAction":[{"@type":"ReadAction","target":["https:\/\/fashubash.com\/fr\/ben-vautier-fortune\/"]}]},{"@type":"ImageObject","inLanguage":"fr-FR","@id":"https:\/\/fashubash.com\/fr\/ben-vautier-fortune\/#primaryimage","url":"https:\/\/fashubash.com\/fr\/wp-content\/uploads\/2025\/11\/Ben-Vautier-Fortune-ce-que-revele-lensemble-de-son-oeuvre.jpg","contentUrl":"https:\/\/fashubash.com\/fr\/wp-content\/uploads\/2025\/11\/Ben-Vautier-Fortune-ce-que-revele-lensemble-de-son-oeuvre.jpg","width":1280,"height":1280,"caption":"Ben Vautier Fortune"},{"@type":"BreadcrumbList","@id":"https:\/\/fashubash.com\/fr\/ben-vautier-fortune\/#breadcrumb","itemListElement":[{"@type":"ListItem","position":1,"name":"Accueil","item":"https:\/\/fashubash.com\/fr\/"},{"@type":"ListItem","position":2,"name":"Ben Vautier Fortune : ce que r\u00e9v\u00e8le l\u2019ensemble de son \u0153uvre"}]},{"@type":"WebSite","@id":"https:\/\/fashubash.com\/fr\/#website","url":"https:\/\/fashubash.com\/fr\/","name":"FashuBash","description":"Estime Fortune","potentialAction":[{"@type":"SearchAction","target":{"@type":"EntryPoint","urlTemplate":"https:\/\/fashubash.com\/fr\/?s={search_term_string}"},"query-input":{"@type":"PropertyValueSpecification","valueRequired":true,"valueName":"search_term_string"}}],"inLanguage":"fr-FR"},{"@type":"Person","@id":"https:\/\/fashubash.com\/fr\/#\/schema\/person\/8ff2ec71248c40fea373970020877682","name":"Alex C","image":{"@type":"ImageObject","inLanguage":"fr-FR","@id":"https:\/\/secure.gravatar.com\/avatar\/4171ee932dff73cb47d6416e67667dcab1f489bd31739fbb405732d7d700ea3d?s=96&d=mm&r=g","url":"https:\/\/secure.gravatar.com\/avatar\/4171ee932dff73cb47d6416e67667dcab1f489bd31739fbb405732d7d700ea3d?s=96&d=mm&r=g","contentUrl":"https:\/\/secure.gravatar.com\/avatar\/4171ee932dff73cb47d6416e67667dcab1f489bd31739fbb405732d7d700ea3d?s=96&d=mm&r=g","caption":"Alex C"},"sameAs":["https:\/\/fashubash.com\/fr\/"],"url":"https:\/\/fashubash.com\/fr\/author\/alexander-c22\/"}]}},"_links":{"self":[{"href":"https:\/\/fashubash.com\/fr\/wp-json\/wp\/v2\/posts\/2237","targetHints":{"allow":["GET"]}}],"collection":[{"href":"https:\/\/fashubash.com\/fr\/wp-json\/wp\/v2\/posts"}],"about":[{"href":"https:\/\/fashubash.com\/fr\/wp-json\/wp\/v2\/types\/post"}],"author":[{"embeddable":true,"href":"https:\/\/fashubash.com\/fr\/wp-json\/wp\/v2\/users\/4"}],"replies":[{"embeddable":true,"href":"https:\/\/fashubash.com\/fr\/wp-json\/wp\/v2\/comments?post=2237"}],"version-history":[{"count":1,"href":"https:\/\/fashubash.com\/fr\/wp-json\/wp\/v2\/posts\/2237\/revisions"}],"predecessor-version":[{"id":2240,"href":"https:\/\/fashubash.com\/fr\/wp-json\/wp\/v2\/posts\/2237\/revisions\/2240"}],"wp:featuredmedia":[{"embeddable":true,"href":"https:\/\/fashubash.com\/fr\/wp-json\/wp\/v2\/media\/2238"}],"wp:attachment":[{"href":"https:\/\/fashubash.com\/fr\/wp-json\/wp\/v2\/media?parent=2237"}],"wp:term":[{"taxonomy":"category","embeddable":true,"href":"https:\/\/fashubash.com\/fr\/wp-json\/wp\/v2\/categories?post=2237"},{"taxonomy":"post_tag","embeddable":true,"href":"https:\/\/fashubash.com\/fr\/wp-json\/wp\/v2\/tags?post=2237"}],"curies":[{"name":"wp","href":"https:\/\/api.w.org\/{rel}","templated":true}]}}