{"id":2245,"date":"2025-11-19T21:17:34","date_gmt":"2025-11-19T21:17:34","guid":{"rendered":"https:\/\/fashubash.com\/fr\/?p=2245"},"modified":"2025-11-19T21:17:34","modified_gmt":"2025-11-19T21:17:34","slug":"christian-karembeu-fortune","status":"publish","type":"post","link":"https:\/\/fashubash.com\/fr\/christian-karembeu-fortune\/","title":{"rendered":"Christian Karembeu Fortune : Ce qui alimente sa richesse"},"content":{"rendered":"<p data-start=\"237\" data-end=\"801\">Ancien milieu international fran\u00e7ais, <strong data-start=\"275\" data-end=\"297\">Christian Karembeu<\/strong> est c\u00e9l\u00e8bre pour son r\u00f4le dans la victoire de la <strong data-start=\"347\" data-end=\"370\">Coupe du monde 1998<\/strong> et de l\u2019<strong data-start=\"379\" data-end=\"392\">Euro 2000<\/strong> avec l\u2019\u00e9quipe de France. N\u00e9 en Nouvelle-Cal\u00e9donie, il a men\u00e9 une carri\u00e8re de club distingu\u00e9e, notamment au <strong data-start=\"500\" data-end=\"515\">Real Madrid<\/strong>, o\u00f9 il remporte la <strong data-start=\"535\" data-end=\"563\">Ligue des champions 1998<\/strong>. Apr\u00e8s sa retraite sportive, il se tourne vers des fonctions de direction et d\u2019ambassadeur, notamment en tant que <strong data-start=\"678\" data-end=\"717\">conseiller strat\u00e9gique d\u2019Olympiacos<\/strong> et soutien actif du d\u00e9veloppement du football des jeunes dans la r\u00e9gion oc\u00e9anienne.<\/p>\n<h2 data-start=\"808\" data-end=\"823\">Jeunesse<\/h2>\n<p data-start=\"825\" data-end=\"1128\"><strong data-start=\"825\" data-end=\"847\">Christian Karembeu<\/strong> est n\u00e9 le <strong data-start=\"858\" data-end=\"877\">3 d\u00e9cembre 1970<\/strong> \u00e0 <strong data-start=\"880\" data-end=\"889\">Lifou<\/strong>, en Nouvelle-Cal\u00e9donie. Il est d\u2019origine <strong data-start=\"931\" data-end=\"940\">kanak<\/strong>, appartenant \u00e0 la population m\u00e9lan\u00e9sienne autochtone de l\u2019archipel. Ses parents, <strong data-start=\"1022\" data-end=\"1051\">Paul et Hudrenie Karembeu<\/strong>, \u00e9l\u00e8vent une famille nombreuse : Christian est l\u2019un de <strong data-start=\"1107\" data-end=\"1125\">quinze enfants<\/strong>.<\/p>\n<p data-start=\"1130\" data-end=\"1480\">Il grandit dans un petit village de Lifou, au sein d\u2019un cadre rural modeste. En tant que membre d\u2019une fratrie nombreuse, il participe tr\u00e8s t\u00f4t aux t\u00e2ches quotidiennes. Enfant, il parcourait plusieurs kilom\u00e8tres chaque jour pour aller chercher le pain, se d\u00e9p\u00eachant de rentrer pour pouvoir regarder les r\u00e9sum\u00e9s de football \u00e0 la t\u00e9l\u00e9vision familiale.<\/p>\n<p data-start=\"1482\" data-end=\"1806\">Le sport occupe une place importante dans son enfance. Il joue au football d\u00e8s son plus jeune \u00e2ge, souvent <strong data-start=\"1589\" data-end=\"1602\">pieds nus<\/strong> sur la place du village apr\u00e8s la messe du dimanche. Ces matchs improvis\u00e9s d\u00e9veloppent son endurance et ses qualit\u00e9s techniques, perceptibles plus tard lorsqu\u2019il joue dans l\u2019\u00e9quipe de son lyc\u00e9e \u00e0 Lifou.<\/p>\n<p data-start=\"1808\" data-end=\"2168\">Karembeu termine sa scolarit\u00e9 secondaire en Nouvelle-Cal\u00e9donie avant de quitter l\u2019\u00eele. Il refuse d\u2019abord deux occasions de partir \u00e0 <strong data-start=\"1940\" data-end=\"1953\">15\u201316 ans<\/strong>, pr\u00e9f\u00e9rant achever ses \u00e9tudes dans l\u2019objectif initial de devenir m\u00e9decin. \u00c0 <strong data-start=\"2030\" data-end=\"2040\">17 ans<\/strong>, dipl\u00f4me en poche, il quitte finalement la Nouvelle-Cal\u00e9donie pour la <strong data-start=\"2111\" data-end=\"2121\">France<\/strong>, d\u00e9termin\u00e9 \u00e0 saisir de nouvelles opportunit\u00e9s.<\/p>\n<blockquote class=\"instagram-media\" style=\"background: #FFF; border: 0; border-radius: 3px; box-shadow: 0 0 1px 0 rgba(0,0,0,0.5),0 1px 10px 0 rgba(0,0,0,0.15); margin: 1px; max-width: 540px; min-width: 326px; padding: 0; width: calc(100% - 2px);\" data-instgrm-permalink=\"https:\/\/www.instagram.com\/reel\/DMAFrmUM5L9\/?utm_source=ig_embed&amp;utm_campaign=loading\" data-instgrm-version=\"14\">\n<div style=\"padding: 16px;\">\n<p>&nbsp;<\/p>\n<div style=\"display: flex; flex-direction: row; align-items: center;\">\n<div style=\"background-color: #f4f4f4; border-radius: 50%; flex-grow: 0; height: 40px; margin-right: 14px; width: 40px;\"><\/div>\n<div style=\"display: flex; flex-direction: column; flex-grow: 1; justify-content: center;\">\n<div style=\"background-color: #f4f4f4; border-radius: 4px; flex-grow: 0; height: 14px; margin-bottom: 6px; width: 100px;\"><\/div>\n<div style=\"background-color: #f4f4f4; border-radius: 4px; flex-grow: 0; height: 14px; width: 60px;\"><\/div>\n<\/div>\n<\/div>\n<div style=\"padding: 19% 0;\"><\/div>\n<div style=\"display: block; height: 50px; margin: 0 auto 12px; width: 50px;\"><\/div>\n<div style=\"padding-top: 8px;\">\n<div style=\"color: #3897f0; font-family: Arial,sans-serif; font-size: 14px; font-style: normal; font-weight: 550; line-height: 18px;\">View this post on Instagram<\/div>\n<\/div>\n<div style=\"padding: 12.5% 0;\"><\/div>\n<div style=\"display: flex; flex-direction: row; margin-bottom: 14px; align-items: center;\">\n<div>\n<div style=\"background-color: #f4f4f4; border-radius: 50%; height: 12.5px; width: 12.5px; transform: translateX(0px) translateY(7px);\"><\/div>\n<div style=\"background-color: #f4f4f4; height: 12.5px; transform: rotate(-45deg) translateX(3px) translateY(1px); width: 12.5px; flex-grow: 0; margin-right: 14px; margin-left: 2px;\"><\/div>\n<div style=\"background-color: #f4f4f4; border-radius: 50%; height: 12.5px; width: 12.5px; transform: translateX(9px) translateY(-18px);\"><\/div>\n<\/div>\n<div style=\"margin-left: 8px;\">\n<div style=\"background-color: #f4f4f4; border-radius: 50%; flex-grow: 0; height: 20px; width: 20px;\"><\/div>\n<div style=\"width: 0; height: 0; border-top: 2px solid transparent; border-left: 6px solid #f4f4f4; border-bottom: 2px solid transparent; transform: translateX(16px) translateY(-4px) rotate(30deg);\"><\/div>\n<\/div>\n<div style=\"margin-left: auto;\">\n<div style=\"width: 0px; border-top: 8px solid #F4F4F4; border-right: 8px solid transparent; transform: translateY(16px);\"><\/div>\n<div style=\"background-color: #f4f4f4; flex-grow: 0; height: 12px; width: 16px; transform: translateY(-4px);\"><\/div>\n<div style=\"width: 0; height: 0; border-top: 8px solid #F4F4F4; border-left: 8px solid transparent; transform: translateY(-4px) translateX(8px);\"><\/div>\n<\/div>\n<\/div>\n<div style=\"display: flex; flex-direction: column; flex-grow: 1; justify-content: center; margin-bottom: 24px;\">\n<div style=\"background-color: #f4f4f4; border-radius: 4px; flex-grow: 0; height: 14px; margin-bottom: 6px; width: 224px;\"><\/div>\n<div style=\"background-color: #f4f4f4; border-radius: 4px; flex-grow: 0; height: 14px; width: 144px;\"><\/div>\n<\/div>\n<p>&nbsp;<\/p>\n<p style=\"color: #c9c8cd; font-family: Arial,sans-serif; font-size: 14px; line-height: 17px; margin-bottom: 0; margin-top: 8px; overflow: hidden; padding: 8px 0 7px; text-align: center; text-overflow: ellipsis; white-space: nowrap;\"><a style=\"color: #c9c8cd; font-family: Arial,sans-serif; font-size: 14px; font-style: normal; font-weight: normal; line-height: 17px; text-decoration: none;\" href=\"https:\/\/www.instagram.com\/reel\/DMAFrmUM5L9\/?utm_source=ig_embed&amp;utm_campaign=loading\" target=\"_blank\" rel=\"noopener\">A post shared by FIFPRO (@fifpro)<\/a><\/p>\n<\/div>\n<\/blockquote>\n<p><script async src=\"\/\/www.instagram.com\/embed.js\"><\/script><\/p>\n<h2 data-start=\"2175\" data-end=\"2190\">Carri\u00e8re<\/h2>\n<h3 data-start=\"2192\" data-end=\"2206\">D\u00e9buts<\/h3>\n<p data-start=\"2208\" data-end=\"2444\">Christian Karembeu fait ses d\u00e9buts professionnels au <strong data-start=\"2261\" data-end=\"2274\">FC Nantes<\/strong> autour de 1990. Il s\u2019impose rapidement comme milieu de terrain titulaire et fait partie de l\u2019\u00e9quipe qui remporte le <strong data-start=\"2391\" data-end=\"2429\">Championnat de France (Division 1)<\/strong> en <strong data-start=\"2433\" data-end=\"2441\">1995<\/strong>.<\/p>\n<p data-start=\"2446\" data-end=\"2686\">En 1995, il rejoint la <strong data-start=\"2469\" data-end=\"2485\">UC Sampdoria<\/strong>, club de Serie A italienne, o\u00f9 il \u00e9volue durant deux saisons. En janvier 1998, il signe au <strong data-start=\"2577\" data-end=\"2592\">Real Madrid<\/strong>, en pleine campagne 1997\u20131998, et contribue \u00e0 la conqu\u00eate de la <strong data-start=\"2657\" data-end=\"2685\">Ligue des champions 1998<\/strong>.<\/p>\n<h3 data-start=\"2693\" data-end=\"2735\">\u00c9volution de carri\u00e8re &amp; r\u00f4les cl\u00e9s<\/h3>\n<p data-start=\"2737\" data-end=\"3038\">Entre <strong data-start=\"2743\" data-end=\"2759\">1998 et 2000<\/strong>, au Real Madrid, Karembeu devient un joueur polyvalent et fiable. Il dispute <strong data-start=\"2837\" data-end=\"2866\">82 matches de championnat<\/strong>, inscrit <strong data-start=\"2876\" data-end=\"2891\">quatre buts<\/strong> et occupe plusieurs postes (milieu axial, d\u00e9fense, couloir). Il remporte la <strong data-start=\"2968\" data-end=\"2991\">Ligue des champions<\/strong> en <strong data-start=\"2995\" data-end=\"3003\">1998<\/strong> (la \u201cS\u00e9ptima\u201d) puis en <strong data-start=\"3027\" data-end=\"3035\">2000<\/strong>.<\/p>\n<p data-start=\"3040\" data-end=\"3342\">En juillet 2000, il quitte Madrid pour l\u2019Angleterre et signe \u00e0 <strong data-start=\"3103\" data-end=\"3120\">Middlesbrough<\/strong>. Apr\u00e8s une saison (2000\u20132001) en Premier League, il rejoint la <strong data-start=\"3184\" data-end=\"3193\">Gr\u00e8ce<\/strong>, o\u00f9 <strong data-start=\"3198\" data-end=\"3214\">l\u2019Olympiacos<\/strong> l\u2019engage en juillet 2001. Il y reste jusqu\u2019en 2004, remportant deux titres cons\u00e9cutifs de <strong data-start=\"3305\" data-end=\"3326\">champion de Gr\u00e8ce<\/strong> (2002, 2003).<\/p>\n<p data-start=\"3344\" data-end=\"3601\">En 2004, il signe au <strong data-start=\"3365\" data-end=\"3380\">Servette FC<\/strong> (Suisse) pour trois ans. Mais les difficult\u00e9s financi\u00e8res du club le poussent \u00e0 rejoindre <strong data-start=\"3471\" data-end=\"3484\">SC Bastia<\/strong> en pr\u00eat en janvier 2005. Il termine la saison 2004\u20132005 en Corse avant d\u2019annoncer sa <strong data-start=\"3570\" data-end=\"3582\">retraite<\/strong> en octobre 2005.<\/p>\n<p data-start=\"3603\" data-end=\"4008\">Apr\u00e8s sa carri\u00e8re de joueur, Karembeu reste tr\u00e8s actif dans le football. Il travaille comme <strong data-start=\"3695\" data-end=\"3708\">recruteur<\/strong> pour <strong data-start=\"3714\" data-end=\"3728\">Portsmouth<\/strong> et <strong data-start=\"3732\" data-end=\"3743\">Arsenal<\/strong> et retrouve Olympiacos : en <strong data-start=\"3772\" data-end=\"3780\">2013<\/strong>, il devient <strong data-start=\"3793\" data-end=\"3839\">conseiller strat\u00e9gique de l\u2019administration<\/strong>, charg\u00e9 notamment du recrutement et de l\u2019organisation sportive. Lors de sa prise de fonction, il d\u00e9clare \u00eatre l\u00e0 pour \u00ab <strong data-start=\"3960\" data-end=\"4005\">aider Olympiacos gr\u00e2ce \u00e0 [son] exp\u00e9rience<\/strong> \u00bb.<\/p>\n<blockquote class=\"instagram-media\" style=\"background: #FFF; border: 0; border-radius: 3px; box-shadow: 0 0 1px 0 rgba(0,0,0,0.5),0 1px 10px 0 rgba(0,0,0,0.15); margin: 1px; max-width: 540px; min-width: 326px; padding: 0; width: calc(100% - 2px);\" data-instgrm-permalink=\"https:\/\/www.instagram.com\/p\/C7t0PjRtlE8\/?utm_source=ig_embed&amp;utm_campaign=loading\" data-instgrm-version=\"14\">\n<div style=\"padding: 16px;\">\n<p>&nbsp;<\/p>\n<div style=\"display: flex; flex-direction: row; align-items: center;\">\n<div style=\"background-color: #f4f4f4; border-radius: 50%; flex-grow: 0; height: 40px; margin-right: 14px; width: 40px;\"><\/div>\n<div style=\"display: flex; flex-direction: column; flex-grow: 1; justify-content: center;\">\n<div style=\"background-color: #f4f4f4; border-radius: 4px; flex-grow: 0; height: 14px; margin-bottom: 6px; width: 100px;\"><\/div>\n<div style=\"background-color: #f4f4f4; border-radius: 4px; flex-grow: 0; height: 14px; width: 60px;\"><\/div>\n<\/div>\n<\/div>\n<div style=\"padding: 19% 0;\"><\/div>\n<div style=\"display: block; height: 50px; margin: 0 auto 12px; width: 50px;\"><\/div>\n<div style=\"padding-top: 8px;\">\n<div style=\"color: #3897f0; font-family: Arial,sans-serif; font-size: 14px; font-style: normal; font-weight: 550; line-height: 18px;\">View this post on Instagram<\/div>\n<\/div>\n<div style=\"padding: 12.5% 0;\"><\/div>\n<div style=\"display: flex; flex-direction: row; margin-bottom: 14px; align-items: center;\">\n<div>\n<div style=\"background-color: #f4f4f4; border-radius: 50%; height: 12.5px; width: 12.5px; transform: translateX(0px) translateY(7px);\"><\/div>\n<div style=\"background-color: #f4f4f4; height: 12.5px; transform: rotate(-45deg) translateX(3px) translateY(1px); width: 12.5px; flex-grow: 0; margin-right: 14px; margin-left: 2px;\"><\/div>\n<div style=\"background-color: #f4f4f4; border-radius: 50%; height: 12.5px; width: 12.5px; transform: translateX(9px) translateY(-18px);\"><\/div>\n<\/div>\n<div style=\"margin-left: 8px;\">\n<div style=\"background-color: #f4f4f4; border-radius: 50%; flex-grow: 0; height: 20px; width: 20px;\"><\/div>\n<div style=\"width: 0; height: 0; border-top: 2px solid transparent; border-left: 6px solid #f4f4f4; border-bottom: 2px solid transparent; transform: translateX(16px) translateY(-4px) rotate(30deg);\"><\/div>\n<\/div>\n<div style=\"margin-left: auto;\">\n<div style=\"width: 0px; border-top: 8px solid #F4F4F4; border-right: 8px solid transparent; transform: translateY(16px);\"><\/div>\n<div style=\"background-color: #f4f4f4; flex-grow: 0; height: 12px; width: 16px; transform: translateY(-4px);\"><\/div>\n<div style=\"width: 0; height: 0; border-top: 8px solid #F4F4F4; border-left: 8px solid transparent; transform: translateY(-4px) translateX(8px);\"><\/div>\n<\/div>\n<\/div>\n<div style=\"display: flex; flex-direction: column; flex-grow: 1; justify-content: center; margin-bottom: 24px;\">\n<div style=\"background-color: #f4f4f4; border-radius: 4px; flex-grow: 0; height: 14px; margin-bottom: 6px; width: 224px;\"><\/div>\n<div style=\"background-color: #f4f4f4; border-radius: 4px; flex-grow: 0; height: 14px; width: 144px;\"><\/div>\n<\/div>\n<p>&nbsp;<\/p>\n<p style=\"color: #c9c8cd; font-family: Arial,sans-serif; font-size: 14px; line-height: 17px; margin-bottom: 0; margin-top: 8px; overflow: hidden; padding: 8px 0 7px; text-align: center; text-overflow: ellipsis; white-space: nowrap;\"><a style=\"color: #c9c8cd; font-family: Arial,sans-serif; font-size: 14px; font-style: normal; font-weight: normal; line-height: 17px; text-decoration: none;\" href=\"https:\/\/www.instagram.com\/p\/C7t0PjRtlE8\/?utm_source=ig_embed&amp;utm_campaign=loading\" target=\"_blank\" rel=\"noopener\">A post shared by Olympiacos FC (@olympiacosfc)<\/a><\/p>\n<\/div>\n<\/blockquote>\n<p><script async src=\"\/\/www.instagram.com\/embed.js\"><\/script><\/p>\n<h2 data-start=\"4015\" data-end=\"4046\">Principales r\u00e9alisations<\/h2>\n<ul>\n<li data-start=\"4050\" data-end=\"4107\"><strong data-start=\"4050\" data-end=\"4058\">1995<\/strong> \u2013 Champion de France (Division 1) avec Nantes.<\/li>\n<li data-start=\"4110\" data-end=\"4185\"><strong data-start=\"4110\" data-end=\"4124\">1998, 2000<\/strong> \u2013 Vainqueur de la Ligue des champions avec le Real Madrid.<\/li>\n<li data-start=\"4188\" data-end=\"4261\"><strong data-start=\"4188\" data-end=\"4196\">1998<\/strong> \u2013 Vainqueur de la Coupe intercontinentale avec le Real Madrid.<\/li>\n<li data-start=\"4264\" data-end=\"4319\"><strong data-start=\"4264\" data-end=\"4278\">2002, 2003<\/strong> \u2013 Champion de Gr\u00e8ce avec l\u2019Olympiacos.<\/li>\n<li data-start=\"4322\" data-end=\"4346\"><strong data-start=\"4322\" data-end=\"4342\">1998, 2000, 2001<\/strong> \u2013<\/li>\n<li>Vainqueur de la <strong data-start=\"4367\" data-end=\"4390\">Coupe du monde 1998<\/strong>,<\/li>\n<li>Vainqueur de l\u2019<strong data-start=\"4413\" data-end=\"4426\">Euro 2000<\/strong>,<\/li>\n<li>Vainqueur de la <strong data-start=\"4450\" data-end=\"4483\">Coupe des conf\u00e9d\u00e9rations 2001<\/strong> avec l\u2019\u00e9quipe de France.<\/li>\n<li data-start=\"4513\" data-end=\"4619\"><strong data-start=\"4513\" data-end=\"4526\">1992\u20132002<\/strong> \u2013 53 s\u00e9lections en \u00e9quipe de France (1 but), participation au Mondial 1998 et \u00e0 l\u2019Euro 2000.<\/li>\n<\/ul>\n<h2 data-start=\"4626\" data-end=\"4655\">D\u00e9veloppements r\u00e9cents<\/h2>\n<p data-start=\"4657\" data-end=\"4942\">Christian Karembeu occupe depuis plusieurs ann\u00e9es des <strong data-start=\"4711\" data-end=\"4750\">r\u00f4les de direction et d\u2019ambassadeur<\/strong>. Depuis <strong data-start=\"4759\" data-end=\"4767\">2013<\/strong>, il est <strong data-start=\"4776\" data-end=\"4836\">conseiller strat\u00e9gique et ambassadeur de l\u2019Olympiacos FC<\/strong>. Le club souligne r\u00e9guli\u00e8rement son importance en tant qu\u2019ancien joueur et repr\u00e9sentant institutionnel.<\/p>\n<p data-start=\"4944\" data-end=\"5162\">En parall\u00e8le, il soutient activement le d\u00e9veloppement du football en <strong data-start=\"5013\" data-end=\"5024\">Oc\u00e9anie<\/strong>. En <strong data-start=\"5029\" data-end=\"5037\">2022<\/strong>, il est nomm\u00e9 <strong data-start=\"5052\" data-end=\"5121\">parrain de l\u2019acad\u00e9mie nationale de football de Nouvelle-Cal\u00e9donie<\/strong>, o\u00f9 il rend visite aux jeunes joueurs.<\/p>\n<p data-start=\"5164\" data-end=\"5439\">En <strong data-start=\"5167\" data-end=\"5175\">2025<\/strong>, il participe \u00e0 un <strong data-start=\"5195\" data-end=\"5215\">tournoi UEFA\/OFC<\/strong> en Nouvelle-Z\u00e9lande, d\u00e9di\u00e9 aux moins de 15 ans. Il y partage son exp\u00e9rience et rappelle qu\u2019adolescent, il n\u2019avait pas \u00ab <strong data-start=\"5336\" data-end=\"5371\">acc\u00e8s \u00e0 ce genre d\u2019opportunit\u00e9s<\/strong> \u00bb, encourageant les jeunes \u00e0 viser des carri\u00e8res internationales. \u00c0 travers ces engagements, Karembeu continue d\u2019apporter expertise, visibilit\u00e9 et leadership au football mondial.<\/p>\n<blockquote class=\"instagram-media\" style=\"background: #FFF; border: 0; border-radius: 3px; box-shadow: 0 0 1px 0 rgba(0,0,0,0.5),0 1px 10px 0 rgba(0,0,0,0.15); margin: 1px; max-width: 540px; min-width: 326px; padding: 0; width: calc(100% - 2px);\" data-instgrm-permalink=\"https:\/\/www.instagram.com\/p\/DPynpXVDFON\/?utm_source=ig_embed&amp;utm_campaign=loading\" data-instgrm-version=\"14\">\n<div style=\"padding: 16px;\">\n<p>&nbsp;<\/p>\n<div style=\"display: flex; flex-direction: row; align-items: center;\">\n<div style=\"background-color: #f4f4f4; border-radius: 50%; flex-grow: 0; height: 40px; margin-right: 14px; width: 40px;\"><\/div>\n<div style=\"display: flex; flex-direction: column; flex-grow: 1; justify-content: center;\">\n<div style=\"background-color: #f4f4f4; border-radius: 4px; flex-grow: 0; height: 14px; margin-bottom: 6px; width: 100px;\"><\/div>\n<div style=\"background-color: #f4f4f4; border-radius: 4px; flex-grow: 0; height: 14px; width: 60px;\"><\/div>\n<\/div>\n<\/div>\n<div style=\"padding: 19% 0;\"><\/div>\n<div style=\"display: block; height: 50px; margin: 0 auto 12px; width: 50px;\"><\/div>\n<div style=\"padding-top: 8px;\">\n<div style=\"color: #3897f0; font-family: Arial,sans-serif; font-size: 14px; font-style: normal; font-weight: 550; line-height: 18px;\">View this post on Instagram<\/div>\n<\/div>\n<div style=\"padding: 12.5% 0;\"><\/div>\n<div style=\"display: flex; flex-direction: row; margin-bottom: 14px; align-items: center;\">\n<div>\n<div style=\"background-color: #f4f4f4; border-radius: 50%; height: 12.5px; width: 12.5px; transform: translateX(0px) translateY(7px);\"><\/div>\n<div style=\"background-color: #f4f4f4; height: 12.5px; transform: rotate(-45deg) translateX(3px) translateY(1px); width: 12.5px; flex-grow: 0; margin-right: 14px; margin-left: 2px;\"><\/div>\n<div style=\"background-color: #f4f4f4; border-radius: 50%; height: 12.5px; width: 12.5px; transform: translateX(9px) translateY(-18px);\"><\/div>\n<\/div>\n<div style=\"margin-left: 8px;\">\n<div style=\"background-color: #f4f4f4; border-radius: 50%; flex-grow: 0; height: 20px; width: 20px;\"><\/div>\n<div style=\"width: 0; height: 0; border-top: 2px solid transparent; border-left: 6px solid #f4f4f4; border-bottom: 2px solid transparent; transform: translateX(16px) translateY(-4px) rotate(30deg);\"><\/div>\n<\/div>\n<div style=\"margin-left: auto;\">\n<div style=\"width: 0px; border-top: 8px solid #F4F4F4; border-right: 8px solid transparent; transform: translateY(16px);\"><\/div>\n<div style=\"background-color: #f4f4f4; flex-grow: 0; height: 12px; width: 16px; transform: translateY(-4px);\"><\/div>\n<div style=\"width: 0; height: 0; border-top: 8px solid #F4F4F4; border-left: 8px solid transparent; transform: translateY(-4px) translateX(8px);\"><\/div>\n<\/div>\n<\/div>\n<div style=\"display: flex; flex-direction: column; flex-grow: 1; justify-content: center; margin-bottom: 24px;\">\n<div style=\"background-color: #f4f4f4; border-radius: 4px; flex-grow: 0; height: 14px; margin-bottom: 6px; width: 224px;\"><\/div>\n<div style=\"background-color: #f4f4f4; border-radius: 4px; flex-grow: 0; height: 14px; width: 144px;\"><\/div>\n<\/div>\n<p>&nbsp;<\/p>\n<p style=\"color: #c9c8cd; font-family: Arial,sans-serif; font-size: 14px; line-height: 17px; margin-bottom: 0; margin-top: 8px; overflow: hidden; padding: 8px 0 7px; text-align: center; text-overflow: ellipsis; white-space: nowrap;\"><a style=\"color: #c9c8cd; font-family: Arial,sans-serif; font-size: 14px; font-style: normal; font-weight: normal; line-height: 17px; text-decoration: none;\" href=\"https:\/\/www.instagram.com\/p\/DPynpXVDFON\/?utm_source=ig_embed&amp;utm_campaign=loading\" target=\"_blank\" rel=\"noopener\">A post shared by Christian Karembeu (@christiankarembeu98)<\/a><\/p>\n<\/div>\n<\/blockquote>\n<p><script async src=\"\/\/www.instagram.com\/embed.js\"><\/script><\/p>\n<h2 data-start=\"5560\" data-end=\"5596\">Fortune de Christian Karembeu<\/h2>\n<p data-start=\"5598\" data-end=\"5810\">En 2025, les estimations publiques de la fortune de <strong data-start=\"5650\" data-end=\"5672\">Christian Karembeu<\/strong> varient entre <strong data-start=\"5687\" data-end=\"5703\">100 millions<\/strong> et <strong data-start=\"5707\" data-end=\"5734\">145 millions de dollars<\/strong>, mais <strong data-start=\"5741\" data-end=\"5777\">aucune source financi\u00e8re majeure<\/strong> n\u2019a publi\u00e9 de chiffre v\u00e9rifi\u00e9.<\/p>\n<p data-start=\"5812\" data-end=\"6033\">Les montants circulant en ligne incluent des \u00e9valuations \u00e9lev\u00e9es mais <strong data-start=\"5882\" data-end=\"5900\">non confirm\u00e9es<\/strong> (un site avan\u00e7ant 145 millions), tandis que les bases de donn\u00e9es financi\u00e8res r\u00e9put\u00e9es ne fournissent aucune estimation officielle.<\/p>\n<p data-start=\"6035\" data-end=\"6089\"><strong>La richesse de Karembeu provient principalement de :<\/strong><\/p>\n<ul>\n<li data-start=\"6092\" data-end=\"6141\">sa carri\u00e8re professionnelle de footballeur,<\/li>\n<li data-start=\"6144\" data-end=\"6183\">ses postes de conseiller en club,<\/li>\n<li data-start=\"6186\" data-end=\"6216\">ses r\u00f4les d\u2019ambassadeur,<\/li>\n<li data-start=\"6219\" data-end=\"6301\">ses activit\u00e9s en conseil, interventions publiques et fonctions de direction.<\/li>\n<\/ul>\n<p data-start=\"6303\" data-end=\"6420\">En l\u2019absence de donn\u00e9es v\u00e9rifi\u00e9es (Forbes, Bloomberg, etc.), ces chiffres doivent \u00eatre interpr\u00e9t\u00e9s avec prudence.<\/p>\n","protected":false},"excerpt":{"rendered":"<p>Ancien milieu international fran\u00e7ais, Christian Karembeu est c\u00e9l\u00e8bre pour son r\u00f4le dans la victoire de la Coupe du monde 1998 et de l\u2019Euro 2000 avec l\u2019\u00e9quipe de France. N\u00e9 en Nouvelle-Cal\u00e9donie, il a men\u00e9 une carri\u00e8re de club distingu\u00e9e, notamment au Real Madrid, o\u00f9 il remporte la Ligue des champions 1998. Apr\u00e8s sa retraite sportive, &hellip;<\/p>\n","protected":false},"author":4,"featured_media":2246,"comment_status":"open","ping_status":"open","sticky":false,"template":"","format":"standard","meta":{"footnotes":""},"categories":[35],"tags":[],"class_list":["post-2245","post","type-post","status-publish","format-standard","has-post-thumbnail","hentry","category-footballeur"],"yoast_head":"<!-- This site is optimized with the Yoast SEO plugin v27.2 - https:\/\/yoast.com\/product\/yoast-seo-wordpress\/ -->\n<title>Christian Karembeu Fortune : Ce qui alimente sa richesse<\/title>\n<meta name=\"description\" content=\"Un aper\u00e7u de la Christian Karembeu Fortune, avec les estimations publiques, la richesse issue de sa carri\u00e8re et ses r\u00f4les actuels dans le football.\" \/>\n<meta name=\"robots\" content=\"index, follow, max-snippet:-1, max-image-preview:large, max-video-preview:-1\" \/>\n<link rel=\"canonical\" href=\"https:\/\/fashubash.com\/fr\/christian-karembeu-fortune\/\" \/>\n<meta property=\"og:locale\" content=\"fr_FR\" \/>\n<meta property=\"og:type\" content=\"article\" \/>\n<meta property=\"og:title\" content=\"Christian Karembeu Fortune : Ce qui alimente sa richesse\" \/>\n<meta property=\"og:description\" content=\"Un aper\u00e7u de la Christian Karembeu Fortune, avec les estimations publiques, la richesse issue de sa carri\u00e8re et ses r\u00f4les actuels dans le football.\" \/>\n<meta property=\"og:url\" content=\"https:\/\/fashubash.com\/fr\/christian-karembeu-fortune\/\" \/>\n<meta property=\"og:site_name\" content=\"FashuBash\" \/>\n<meta property=\"article:published_time\" content=\"2025-11-19T21:17:34+00:00\" \/>\n<meta property=\"og:image\" content=\"https:\/\/fashubash.com\/fr\/wp-content\/uploads\/2025\/11\/Christian-Karembeu-Fortune-Ce-qui-alimente-sa-richesse.jpg\" \/>\n\t<meta property=\"og:image:width\" content=\"1080\" \/>\n\t<meta property=\"og:image:height\" content=\"810\" \/>\n\t<meta property=\"og:image:type\" content=\"image\/jpeg\" \/>\n<meta name=\"author\" content=\"Alex C\" \/>\n<meta name=\"twitter:card\" content=\"summary_large_image\" \/>\n<meta name=\"twitter:label1\" content=\"\u00c9crit par\" \/>\n\t<meta name=\"twitter:data1\" content=\"Alex C\" \/>\n\t<meta name=\"twitter:label2\" content=\"Dur\u00e9e de lecture estim\u00e9e\" \/>\n\t<meta name=\"twitter:data2\" content=\"5 minutes\" \/>\n<script type=\"application\/ld+json\" class=\"yoast-schema-graph\">{\"@context\":\"https:\/\/schema.org\",\"@graph\":[{\"@type\":\"Article\",\"@id\":\"https:\/\/fashubash.com\/fr\/christian-karembeu-fortune\/#article\",\"isPartOf\":{\"@id\":\"https:\/\/fashubash.com\/fr\/christian-karembeu-fortune\/\"},\"author\":{\"name\":\"Alex C\",\"@id\":\"https:\/\/fashubash.com\/fr\/#\/schema\/person\/8ff2ec71248c40fea373970020877682\"},\"headline\":\"Christian Karembeu Fortune : Ce qui alimente sa richesse\",\"datePublished\":\"2025-11-19T21:17:34+00:00\",\"mainEntityOfPage\":{\"@id\":\"https:\/\/fashubash.com\/fr\/christian-karembeu-fortune\/\"},\"wordCount\":990,\"commentCount\":0,\"image\":{\"@id\":\"https:\/\/fashubash.com\/fr\/christian-karembeu-fortune\/#primaryimage\"},\"thumbnailUrl\":\"https:\/\/fashubash.com\/fr\/wp-content\/uploads\/2025\/11\/Christian-Karembeu-Fortune-Ce-qui-alimente-sa-richesse.jpg\",\"articleSection\":[\"Footballeur\"],\"inLanguage\":\"fr-FR\",\"potentialAction\":[{\"@type\":\"CommentAction\",\"name\":\"Comment\",\"target\":[\"https:\/\/fashubash.com\/fr\/christian-karembeu-fortune\/#respond\"]}]},{\"@type\":\"WebPage\",\"@id\":\"https:\/\/fashubash.com\/fr\/christian-karembeu-fortune\/\",\"url\":\"https:\/\/fashubash.com\/fr\/christian-karembeu-fortune\/\",\"name\":\"Christian Karembeu Fortune : Ce qui alimente sa richesse\",\"isPartOf\":{\"@id\":\"https:\/\/fashubash.com\/fr\/#website\"},\"primaryImageOfPage\":{\"@id\":\"https:\/\/fashubash.com\/fr\/christian-karembeu-fortune\/#primaryimage\"},\"image\":{\"@id\":\"https:\/\/fashubash.com\/fr\/christian-karembeu-fortune\/#primaryimage\"},\"thumbnailUrl\":\"https:\/\/fashubash.com\/fr\/wp-content\/uploads\/2025\/11\/Christian-Karembeu-Fortune-Ce-qui-alimente-sa-richesse.jpg\",\"datePublished\":\"2025-11-19T21:17:34+00:00\",\"author\":{\"@id\":\"https:\/\/fashubash.com\/fr\/#\/schema\/person\/8ff2ec71248c40fea373970020877682\"},\"description\":\"Un aper\u00e7u de la Christian Karembeu Fortune, avec les estimations publiques, la richesse issue de sa carri\u00e8re et ses r\u00f4les actuels dans le football.\",\"breadcrumb\":{\"@id\":\"https:\/\/fashubash.com\/fr\/christian-karembeu-fortune\/#breadcrumb\"},\"inLanguage\":\"fr-FR\",\"potentialAction\":[{\"@type\":\"ReadAction\",\"target\":[\"https:\/\/fashubash.com\/fr\/christian-karembeu-fortune\/\"]}]},{\"@type\":\"ImageObject\",\"inLanguage\":\"fr-FR\",\"@id\":\"https:\/\/fashubash.com\/fr\/christian-karembeu-fortune\/#primaryimage\",\"url\":\"https:\/\/fashubash.com\/fr\/wp-content\/uploads\/2025\/11\/Christian-Karembeu-Fortune-Ce-qui-alimente-sa-richesse.jpg\",\"contentUrl\":\"https:\/\/fashubash.com\/fr\/wp-content\/uploads\/2025\/11\/Christian-Karembeu-Fortune-Ce-qui-alimente-sa-richesse.jpg\",\"width\":1080,\"height\":810,\"caption\":\"Christian Karembeu Fortune\"},{\"@type\":\"BreadcrumbList\",\"@id\":\"https:\/\/fashubash.com\/fr\/christian-karembeu-fortune\/#breadcrumb\",\"itemListElement\":[{\"@type\":\"ListItem\",\"position\":1,\"name\":\"Accueil\",\"item\":\"https:\/\/fashubash.com\/fr\/\"},{\"@type\":\"ListItem\",\"position\":2,\"name\":\"Christian Karembeu Fortune : Ce qui alimente sa richesse\"}]},{\"@type\":\"WebSite\",\"@id\":\"https:\/\/fashubash.com\/fr\/#website\",\"url\":\"https:\/\/fashubash.com\/fr\/\",\"name\":\"FashuBash\",\"description\":\"Estime Fortune\",\"potentialAction\":[{\"@type\":\"SearchAction\",\"target\":{\"@type\":\"EntryPoint\",\"urlTemplate\":\"https:\/\/fashubash.com\/fr\/?s={search_term_string}\"},\"query-input\":{\"@type\":\"PropertyValueSpecification\",\"valueRequired\":true,\"valueName\":\"search_term_string\"}}],\"inLanguage\":\"fr-FR\"},{\"@type\":\"Person\",\"@id\":\"https:\/\/fashubash.com\/fr\/#\/schema\/person\/8ff2ec71248c40fea373970020877682\",\"name\":\"Alex C\",\"image\":{\"@type\":\"ImageObject\",\"inLanguage\":\"fr-FR\",\"@id\":\"https:\/\/secure.gravatar.com\/avatar\/4171ee932dff73cb47d6416e67667dcab1f489bd31739fbb405732d7d700ea3d?s=96&d=mm&r=g\",\"url\":\"https:\/\/secure.gravatar.com\/avatar\/4171ee932dff73cb47d6416e67667dcab1f489bd31739fbb405732d7d700ea3d?s=96&d=mm&r=g\",\"contentUrl\":\"https:\/\/secure.gravatar.com\/avatar\/4171ee932dff73cb47d6416e67667dcab1f489bd31739fbb405732d7d700ea3d?s=96&d=mm&r=g\",\"caption\":\"Alex C\"},\"sameAs\":[\"https:\/\/fashubash.com\/fr\/\"],\"url\":\"https:\/\/fashubash.com\/fr\/author\/alexander-c22\/\"}]}<\/script>\n<!-- \/ Yoast SEO plugin. -->","yoast_head_json":{"title":"Christian Karembeu Fortune : Ce qui alimente sa richesse","description":"Un aper\u00e7u de la Christian Karembeu Fortune, avec les estimations publiques, la richesse issue de sa carri\u00e8re et ses r\u00f4les actuels dans le football.","robots":{"index":"index","follow":"follow","max-snippet":"max-snippet:-1","max-image-preview":"max-image-preview:large","max-video-preview":"max-video-preview:-1"},"canonical":"https:\/\/fashubash.com\/fr\/christian-karembeu-fortune\/","og_locale":"fr_FR","og_type":"article","og_title":"Christian Karembeu Fortune : Ce qui alimente sa richesse","og_description":"Un aper\u00e7u de la Christian Karembeu Fortune, avec les estimations publiques, la richesse issue de sa carri\u00e8re et ses r\u00f4les actuels dans le football.","og_url":"https:\/\/fashubash.com\/fr\/christian-karembeu-fortune\/","og_site_name":"FashuBash","article_published_time":"2025-11-19T21:17:34+00:00","og_image":[{"width":1080,"height":810,"url":"https:\/\/fashubash.com\/fr\/wp-content\/uploads\/2025\/11\/Christian-Karembeu-Fortune-Ce-qui-alimente-sa-richesse.jpg","type":"image\/jpeg"}],"author":"Alex C","twitter_card":"summary_large_image","twitter_misc":{"\u00c9crit par":"Alex C","Dur\u00e9e de lecture estim\u00e9e":"5 minutes"},"schema":{"@context":"https:\/\/schema.org","@graph":[{"@type":"Article","@id":"https:\/\/fashubash.com\/fr\/christian-karembeu-fortune\/#article","isPartOf":{"@id":"https:\/\/fashubash.com\/fr\/christian-karembeu-fortune\/"},"author":{"name":"Alex C","@id":"https:\/\/fashubash.com\/fr\/#\/schema\/person\/8ff2ec71248c40fea373970020877682"},"headline":"Christian Karembeu Fortune : Ce qui alimente sa richesse","datePublished":"2025-11-19T21:17:34+00:00","mainEntityOfPage":{"@id":"https:\/\/fashubash.com\/fr\/christian-karembeu-fortune\/"},"wordCount":990,"commentCount":0,"image":{"@id":"https:\/\/fashubash.com\/fr\/christian-karembeu-fortune\/#primaryimage"},"thumbnailUrl":"https:\/\/fashubash.com\/fr\/wp-content\/uploads\/2025\/11\/Christian-Karembeu-Fortune-Ce-qui-alimente-sa-richesse.jpg","articleSection":["Footballeur"],"inLanguage":"fr-FR","potentialAction":[{"@type":"CommentAction","name":"Comment","target":["https:\/\/fashubash.com\/fr\/christian-karembeu-fortune\/#respond"]}]},{"@type":"WebPage","@id":"https:\/\/fashubash.com\/fr\/christian-karembeu-fortune\/","url":"https:\/\/fashubash.com\/fr\/christian-karembeu-fortune\/","name":"Christian Karembeu Fortune : Ce qui alimente sa richesse","isPartOf":{"@id":"https:\/\/fashubash.com\/fr\/#website"},"primaryImageOfPage":{"@id":"https:\/\/fashubash.com\/fr\/christian-karembeu-fortune\/#primaryimage"},"image":{"@id":"https:\/\/fashubash.com\/fr\/christian-karembeu-fortune\/#primaryimage"},"thumbnailUrl":"https:\/\/fashubash.com\/fr\/wp-content\/uploads\/2025\/11\/Christian-Karembeu-Fortune-Ce-qui-alimente-sa-richesse.jpg","datePublished":"2025-11-19T21:17:34+00:00","author":{"@id":"https:\/\/fashubash.com\/fr\/#\/schema\/person\/8ff2ec71248c40fea373970020877682"},"description":"Un aper\u00e7u de la Christian Karembeu Fortune, avec les estimations publiques, la richesse issue de sa carri\u00e8re et ses r\u00f4les actuels dans le football.","breadcrumb":{"@id":"https:\/\/fashubash.com\/fr\/christian-karembeu-fortune\/#breadcrumb"},"inLanguage":"fr-FR","potentialAction":[{"@type":"ReadAction","target":["https:\/\/fashubash.com\/fr\/christian-karembeu-fortune\/"]}]},{"@type":"ImageObject","inLanguage":"fr-FR","@id":"https:\/\/fashubash.com\/fr\/christian-karembeu-fortune\/#primaryimage","url":"https:\/\/fashubash.com\/fr\/wp-content\/uploads\/2025\/11\/Christian-Karembeu-Fortune-Ce-qui-alimente-sa-richesse.jpg","contentUrl":"https:\/\/fashubash.com\/fr\/wp-content\/uploads\/2025\/11\/Christian-Karembeu-Fortune-Ce-qui-alimente-sa-richesse.jpg","width":1080,"height":810,"caption":"Christian Karembeu Fortune"},{"@type":"BreadcrumbList","@id":"https:\/\/fashubash.com\/fr\/christian-karembeu-fortune\/#breadcrumb","itemListElement":[{"@type":"ListItem","position":1,"name":"Accueil","item":"https:\/\/fashubash.com\/fr\/"},{"@type":"ListItem","position":2,"name":"Christian Karembeu Fortune : Ce qui alimente sa richesse"}]},{"@type":"WebSite","@id":"https:\/\/fashubash.com\/fr\/#website","url":"https:\/\/fashubash.com\/fr\/","name":"FashuBash","description":"Estime Fortune","potentialAction":[{"@type":"SearchAction","target":{"@type":"EntryPoint","urlTemplate":"https:\/\/fashubash.com\/fr\/?s={search_term_string}"},"query-input":{"@type":"PropertyValueSpecification","valueRequired":true,"valueName":"search_term_string"}}],"inLanguage":"fr-FR"},{"@type":"Person","@id":"https:\/\/fashubash.com\/fr\/#\/schema\/person\/8ff2ec71248c40fea373970020877682","name":"Alex C","image":{"@type":"ImageObject","inLanguage":"fr-FR","@id":"https:\/\/secure.gravatar.com\/avatar\/4171ee932dff73cb47d6416e67667dcab1f489bd31739fbb405732d7d700ea3d?s=96&d=mm&r=g","url":"https:\/\/secure.gravatar.com\/avatar\/4171ee932dff73cb47d6416e67667dcab1f489bd31739fbb405732d7d700ea3d?s=96&d=mm&r=g","contentUrl":"https:\/\/secure.gravatar.com\/avatar\/4171ee932dff73cb47d6416e67667dcab1f489bd31739fbb405732d7d700ea3d?s=96&d=mm&r=g","caption":"Alex C"},"sameAs":["https:\/\/fashubash.com\/fr\/"],"url":"https:\/\/fashubash.com\/fr\/author\/alexander-c22\/"}]}},"_links":{"self":[{"href":"https:\/\/fashubash.com\/fr\/wp-json\/wp\/v2\/posts\/2245","targetHints":{"allow":["GET"]}}],"collection":[{"href":"https:\/\/fashubash.com\/fr\/wp-json\/wp\/v2\/posts"}],"about":[{"href":"https:\/\/fashubash.com\/fr\/wp-json\/wp\/v2\/types\/post"}],"author":[{"embeddable":true,"href":"https:\/\/fashubash.com\/fr\/wp-json\/wp\/v2\/users\/4"}],"replies":[{"embeddable":true,"href":"https:\/\/fashubash.com\/fr\/wp-json\/wp\/v2\/comments?post=2245"}],"version-history":[{"count":1,"href":"https:\/\/fashubash.com\/fr\/wp-json\/wp\/v2\/posts\/2245\/revisions"}],"predecessor-version":[{"id":2247,"href":"https:\/\/fashubash.com\/fr\/wp-json\/wp\/v2\/posts\/2245\/revisions\/2247"}],"wp:featuredmedia":[{"embeddable":true,"href":"https:\/\/fashubash.com\/fr\/wp-json\/wp\/v2\/media\/2246"}],"wp:attachment":[{"href":"https:\/\/fashubash.com\/fr\/wp-json\/wp\/v2\/media?parent=2245"}],"wp:term":[{"taxonomy":"category","embeddable":true,"href":"https:\/\/fashubash.com\/fr\/wp-json\/wp\/v2\/categories?post=2245"},{"taxonomy":"post_tag","embeddable":true,"href":"https:\/\/fashubash.com\/fr\/wp-json\/wp\/v2\/tags?post=2245"}],"curies":[{"name":"wp","href":"https:\/\/api.w.org\/{rel}","templated":true}]}}