{"id":2360,"date":"2025-11-26T23:18:51","date_gmt":"2025-11-26T23:18:51","guid":{"rendered":"https:\/\/fashubash.com\/fr\/?p=2360"},"modified":"2025-11-26T23:18:51","modified_gmt":"2025-11-26T23:18:51","slug":"jean-ferrat-fortune","status":"publish","type":"post","link":"https:\/\/fashubash.com\/fr\/jean-ferrat-fortune\/","title":{"rendered":"Quand Jean Ferrat est d\u00e9c\u00e9d\u00e9, quelle \u00e9tait sa fortune ?"},"content":{"rendered":"<p data-start=\"297\" data-end=\"805\">Jean Ferrat demeure l\u2019une des voix musicales les plus aim\u00e9es de France, connu pour des chansons empreintes d\u2019honn\u00eatet\u00e9 et de profonde sensibilit\u00e9. Son \u0153uvre a suscit\u00e9 un immense respect dans tout le pays, faisant de lui une figure durable de la musique et de la culture fran\u00e7aises. Ses chansons portaient souvent un sens fort, et de nombreux auditeurs s\u2019y reconnaissent encore aujourd\u2019hui. Son nom reste marquant dans l\u2019histoire de la musique fran\u00e7aise en raison de l\u2019impact laiss\u00e9 par ses mots et son style.<\/p>\n<h1 data-start=\"812\" data-end=\"843\"><em data-start=\"829\" data-end=\"843\">Jeunesse<\/em><\/h1>\n<p data-start=\"845\" data-end=\"1313\">Jean Ferrat, n\u00e9 <strong data-start=\"861\" data-end=\"879\">Jean Tenenbaum<\/strong>, voit le jour le <strong data-start=\"897\" data-end=\"930\">26 d\u00e9cembre 1930 \u00e0 Vaucresson<\/strong>, dans les Hauts-de-Seine, en France. Il est le plus jeune de quatre enfants au sein d\u2019une famille modeste. Son p\u00e8re, <strong data-start=\"1048\" data-end=\"1068\">Mnacha Tenenbaum<\/strong>, \u00e9tait un bijoutier n\u00e9 en Russie et naturalis\u00e9 fran\u00e7ais en 1928, tandis que sa m\u00e8re, <strong data-start=\"1154\" data-end=\"1174\">Antoinette Malon<\/strong>, \u00e9tait originaire de la r\u00e9gion d\u2019Auvergne. La famille s\u2019installe ensuite \u00e0 Versailles en 1935, o\u00f9 Jean passe l\u2019essentiel de son enfance.<\/p>\n<p data-start=\"1315\" data-end=\"1556\">Pendant l\u2019occupation allemande durant la Seconde Guerre mondiale, son p\u00e8re est arr\u00eat\u00e9 en 1942, d\u00e9port\u00e9 \u00e0 Auschwitz et y meurt. Jean fr\u00e9quente le <strong data-start=\"1460\" data-end=\"1483\">Coll\u00e8ge Jules-Ferry<\/strong>, mais quitte l\u2019\u00e9cole pour aider sa famille pendant les ann\u00e9es de guerre.<\/p>\n<h2 data-start=\"1563\" data-end=\"1590\"><em data-start=\"1576\" data-end=\"1590\">Carri\u00e8re<\/em><\/h2>\n<h3 data-start=\"1592\" data-end=\"1636\"><em data-start=\"1612\" data-end=\"1636\">D\u00e9buts de carri\u00e8re<\/em><\/h3>\n<p data-start=\"1638\" data-end=\"2063\">Jean Ferrat sort son premier disque 45 tours en 1958, marquant le d\u00e9but officiel de son travail enregistr\u00e9. En 1960, il signe chez <strong data-start=\"1769\" data-end=\"1786\">Decca Records<\/strong> sous la direction musicale de G\u00e9rard Meys et publie le single <strong data-start=\"1849\" data-end=\"1864\">\u00ab Ma M\u00f4me \u00bb<\/strong>.<br data-start=\"1865\" data-end=\"1868\" \/>Une avanc\u00e9e majeure survient en 1963 avec la sortie de <strong data-start=\"1923\" data-end=\"1949\">\u00ab Nuit et Brouillard \u00bb<\/strong>, chanson consacr\u00e9e \u00e0 la m\u00e9moire de la Shoah, qui remporte le <strong data-start=\"2011\" data-end=\"2062\">Grand Prix du Disque de l\u2019Acad\u00e9mie Charles Cros<\/strong>.<\/p>\n<p data-start=\"1638\" data-end=\"2063\"><img loading=\"lazy\" decoding=\"async\" class=\"aligncenter wp-image-2362 size-full\" src=\"https:\/\/fashubash.com\/fr\/wp-content\/uploads\/2025\/11\/Quand-Jean-Ferrat-est-decede-quelle-etait-sa-fortune.jpg\" alt=\"Jean Ferrat Fortune\" width=\"900\" height=\"900\" srcset=\"https:\/\/fashubash.com\/fr\/wp-content\/uploads\/2025\/11\/Quand-Jean-Ferrat-est-decede-quelle-etait-sa-fortune.jpg 900w, https:\/\/fashubash.com\/fr\/wp-content\/uploads\/2025\/11\/Quand-Jean-Ferrat-est-decede-quelle-etait-sa-fortune-300x300.jpg 300w, https:\/\/fashubash.com\/fr\/wp-content\/uploads\/2025\/11\/Quand-Jean-Ferrat-est-decede-quelle-etait-sa-fortune-150x150.jpg 150w, https:\/\/fashubash.com\/fr\/wp-content\/uploads\/2025\/11\/Quand-Jean-Ferrat-est-decede-quelle-etait-sa-fortune-768x768.jpg 768w\" sizes=\"auto, (max-width: 900px) 100vw, 900px\" \/><\/p>\n<h3 data-start=\"2070\" data-end=\"2148\"><em data-start=\"2103\" data-end=\"2148\">D\u00e9veloppement de carri\u00e8re et r\u00f4les cl\u00e9s<\/em><\/h3>\n<p data-start=\"2150\" data-end=\"2579\">Au milieu des ann\u00e9es 1960, Ferrat s\u2019impose comme une figure importante de la chanson fran\u00e7aise. Son succ\u00e8s de 1964, <strong data-start=\"2266\" data-end=\"2285\">\u00ab La Montagne \u00bb<\/strong>, devient un million-seller et s\u2019impose comme l\u2019une de ses \u0153uvres embl\u00e9matiques.<br data-start=\"2365\" data-end=\"2368\" \/>Durant les ann\u00e9es 1960 et 1970, il compose et interpr\u00e8te des chansons m\u00ealant th\u00e8mes amoureux et commentaires politiques, inscrivant son travail dans une sensibilit\u00e9 de gauche et engag\u00e9e pour les luttes sociales.<\/p>\n<p data-start=\"2581\" data-end=\"2744\">Il conna\u00eet aussi une forme de censure : certaines de ses chansons sont interdites sur les m\u00e9dias fran\u00e7ais contr\u00f4l\u00e9s par l\u2019\u00c9tat en raison de leur contenu explicite.<\/p>\n<h3 data-start=\"2751\" data-end=\"2804\"><em data-start=\"2777\" data-end=\"2804\">R\u00e9alisations majeures<\/em><\/h3>\n<p data-start=\"2806\" data-end=\"3238\">L\u2019\u0153uvre de Ferrat compte environ 200 chansons, dont beaucoup ont acquis une forte r\u00e9sonance culturelle en France. Son album <strong data-start=\"2930\" data-end=\"2954\">Ferrat chante Aragon<\/strong> (1971) se vend \u00e0 plus de deux millions d\u2019exemplaires. Plus tard, sa chanson <strong data-start=\"3033\" data-end=\"3059\">\u00ab Nuit et Brouillard \u00bb<\/strong> figure dans la liste de la BBC des \u00ab 20 chansons qui ont chang\u00e9 le monde \u00bb. Pour l\u2019ensemble de sa contribution \u00e0 l\u2019\u00e9criture et \u00e0 la composition, il est honor\u00e9 par la <strong data-start=\"3228\" data-end=\"3237\">SACEM<\/strong>.<\/p>\n<h2 data-start=\"3245\" data-end=\"3307\"><em data-start=\"3274\" data-end=\"3307\">Fin de carri\u00e8re et h\u00e9ritage<\/em><\/h2>\n<p data-start=\"3309\" data-end=\"3669\">\u00c0 partir des ann\u00e9es 1980, Ferrat r\u00e9duit la fr\u00e9quence de ses concerts et se concentre davantage sur l\u2019enregistrement de quelques albums et la pr\u00e9servation de son \u0153uvre artistique. Son dernier album studio original sort au d\u00e9but des ann\u00e9es 1990, et il se retire officiellement de la sc\u00e8ne, tout en restant influent dans la vie culturelle jusqu\u2019\u00e0 sa mort en 2010.<\/p>\n<p data-start=\"3671\" data-end=\"3842\">Aujourd\u2019hui, son travail est consid\u00e9r\u00e9 comme un \u00e9l\u00e9ment essentiel du patrimoine de la chanson fran\u00e7aise, \u00e0 la fois pour sa po\u00e9sie lyrique et son engagement sociopolitique.<\/p>\n<h1 data-start=\"3849\" data-end=\"3903\"><em data-start=\"3875\" data-end=\"3903\">Fortune de Jean Ferrat<\/em><\/h1>\n<p data-start=\"3905\" data-end=\"4168\">Au moment de sa mort, la fortune de Jean Ferrat est estim\u00e9e \u00e0 8 millions de dollars, gagn\u00e9s gr\u00e2ce aux fortes ventes de ses chansons, \u00e0 la longue popularit\u00e9 de ses albums, \u00e0 ses royalties r\u00e9guli\u00e8res et \u00e0 la demande durable pour sa musique dans toute la France.<\/p>\n<h2 data-start=\"4175\" data-end=\"4225\"><em data-start=\"4198\" data-end=\"4225\">\u00c9pouse de Jean Ferrat<\/em><\/h2>\n<p data-start=\"4227\" data-end=\"4497\">La premi\u00e8re \u00e9pouse de Jean Ferrat \u00e9tait <strong data-start=\"4267\" data-end=\"4287\">Christine S\u00e8vres<\/strong>, une chanteuse fran\u00e7aise connue pour avoir interpr\u00e9t\u00e9 plusieurs de ses chansons. Ils se marient en 1961 et passent environ vingt ans ensemble, jusqu\u2019\u00e0 sa mort en 1981, emport\u00e9e par un cancer \u00e0 l\u2019\u00e2ge de 50 ans.<\/p>\n<p data-start=\"4499\" data-end=\"4864\">Apr\u00e8s plusieurs ann\u00e9es, Ferrat \u00e9pouse ensuite <strong data-start=\"4545\" data-end=\"4564\">Colette Laffont<\/strong>, qui devient sa seconde femme. Ils se marient en 1992, mais \u00e9taient d\u00e9j\u00e0 ensemble depuis le d\u00e9but des ann\u00e9es 1970. Colette et Jean ont partag\u00e9 environ quarante ans de vie commune, restant proches jusqu\u2019\u00e0 sa mort en 2010.<br data-start=\"4785\" data-end=\"4788\" \/>Colette Laffont est d\u00e9c\u00e9d\u00e9e plus tard, le <strong data-start=\"4830\" data-end=\"4844\">9 mai 2024<\/strong>, \u00e0 l\u2019\u00e2ge de 88 ans.<\/p>\n","protected":false},"excerpt":{"rendered":"<p>Jean Ferrat demeure l\u2019une des voix musicales les plus aim\u00e9es de France, connu pour des chansons empreintes d\u2019honn\u00eatet\u00e9 et de profonde sensibilit\u00e9. Son \u0153uvre a suscit\u00e9 un immense respect dans tout le pays, faisant de lui une figure durable de la musique et de la culture fran\u00e7aises. Ses chansons portaient souvent un sens fort, et &hellip;<\/p>\n","protected":false},"author":4,"featured_media":2361,"comment_status":"open","ping_status":"open","sticky":false,"template":"","format":"standard","meta":{"footnotes":""},"categories":[44],"tags":[],"class_list":["post-2360","post","type-post","status-publish","format-standard","has-post-thumbnail","hentry","category-chanteuse"],"yoast_head":"<!-- This site is optimized with the Yoast SEO plugin v27.2 - https:\/\/yoast.com\/product\/yoast-seo-wordpress\/ -->\n<title>Quand Jean Ferrat est d\u00e9c\u00e9d\u00e9, quelle \u00e9tait sa fortune ?<\/title>\n<meta name=\"description\" content=\"Quand Jean Ferrat est d\u00e9c\u00e9d\u00e9, quelle \u00e9tait sa fortune ? Un h\u00e9ritage estim\u00e9 \u00e0 8 M$, port\u00e9 par ses succ\u00e8s et son impact musical.\" \/>\n<meta name=\"robots\" content=\"index, follow, max-snippet:-1, max-image-preview:large, max-video-preview:-1\" \/>\n<link rel=\"canonical\" href=\"https:\/\/fashubash.com\/fr\/jean-ferrat-fortune\/\" \/>\n<meta property=\"og:locale\" content=\"fr_FR\" \/>\n<meta property=\"og:type\" content=\"article\" \/>\n<meta property=\"og:title\" content=\"Quand Jean Ferrat est d\u00e9c\u00e9d\u00e9, quelle \u00e9tait sa fortune ?\" \/>\n<meta property=\"og:description\" content=\"Quand Jean Ferrat est d\u00e9c\u00e9d\u00e9, quelle \u00e9tait sa fortune ? Un h\u00e9ritage estim\u00e9 \u00e0 8 M$, port\u00e9 par ses succ\u00e8s et son impact musical.\" \/>\n<meta property=\"og:url\" content=\"https:\/\/fashubash.com\/fr\/jean-ferrat-fortune\/\" \/>\n<meta property=\"og:site_name\" content=\"FashuBash\" \/>\n<meta property=\"article:published_time\" content=\"2025-11-26T23:18:51+00:00\" \/>\n<meta property=\"og:image\" content=\"https:\/\/fashubash.com\/fr\/wp-content\/uploads\/2025\/11\/Quand-Jean-Ferrat-est-decede-quelle-etait-sa-fortune.png\" \/>\n\t<meta property=\"og:image:width\" content=\"904\" \/>\n\t<meta property=\"og:image:height\" content=\"603\" \/>\n\t<meta property=\"og:image:type\" content=\"image\/png\" \/>\n<meta name=\"author\" content=\"Alex C\" \/>\n<meta name=\"twitter:card\" content=\"summary_large_image\" \/>\n<meta name=\"twitter:label1\" content=\"\u00c9crit par\" \/>\n\t<meta name=\"twitter:data1\" content=\"Alex C\" \/>\n\t<meta name=\"twitter:label2\" content=\"Dur\u00e9e de lecture estim\u00e9e\" \/>\n\t<meta name=\"twitter:data2\" content=\"4 minutes\" \/>\n<script type=\"application\/ld+json\" class=\"yoast-schema-graph\">{\"@context\":\"https:\/\/schema.org\",\"@graph\":[{\"@type\":\"Article\",\"@id\":\"https:\/\/fashubash.com\/fr\/jean-ferrat-fortune\/#article\",\"isPartOf\":{\"@id\":\"https:\/\/fashubash.com\/fr\/jean-ferrat-fortune\/\"},\"author\":{\"name\":\"Alex C\",\"@id\":\"https:\/\/fashubash.com\/fr\/#\/schema\/person\/8ff2ec71248c40fea373970020877682\"},\"headline\":\"Quand Jean Ferrat est d\u00e9c\u00e9d\u00e9, quelle \u00e9tait sa fortune ?\",\"datePublished\":\"2025-11-26T23:18:51+00:00\",\"mainEntityOfPage\":{\"@id\":\"https:\/\/fashubash.com\/fr\/jean-ferrat-fortune\/\"},\"wordCount\":758,\"commentCount\":0,\"image\":{\"@id\":\"https:\/\/fashubash.com\/fr\/jean-ferrat-fortune\/#primaryimage\"},\"thumbnailUrl\":\"https:\/\/fashubash.com\/fr\/wp-content\/uploads\/2025\/11\/Quand-Jean-Ferrat-est-decede-quelle-etait-sa-fortune.png\",\"articleSection\":[\"Chanteuse\"],\"inLanguage\":\"fr-FR\",\"potentialAction\":[{\"@type\":\"CommentAction\",\"name\":\"Comment\",\"target\":[\"https:\/\/fashubash.com\/fr\/jean-ferrat-fortune\/#respond\"]}]},{\"@type\":\"WebPage\",\"@id\":\"https:\/\/fashubash.com\/fr\/jean-ferrat-fortune\/\",\"url\":\"https:\/\/fashubash.com\/fr\/jean-ferrat-fortune\/\",\"name\":\"Quand Jean Ferrat est d\u00e9c\u00e9d\u00e9, quelle \u00e9tait sa fortune ?\",\"isPartOf\":{\"@id\":\"https:\/\/fashubash.com\/fr\/#website\"},\"primaryImageOfPage\":{\"@id\":\"https:\/\/fashubash.com\/fr\/jean-ferrat-fortune\/#primaryimage\"},\"image\":{\"@id\":\"https:\/\/fashubash.com\/fr\/jean-ferrat-fortune\/#primaryimage\"},\"thumbnailUrl\":\"https:\/\/fashubash.com\/fr\/wp-content\/uploads\/2025\/11\/Quand-Jean-Ferrat-est-decede-quelle-etait-sa-fortune.png\",\"datePublished\":\"2025-11-26T23:18:51+00:00\",\"author\":{\"@id\":\"https:\/\/fashubash.com\/fr\/#\/schema\/person\/8ff2ec71248c40fea373970020877682\"},\"description\":\"Quand Jean Ferrat est d\u00e9c\u00e9d\u00e9, quelle \u00e9tait sa fortune ? Un h\u00e9ritage estim\u00e9 \u00e0 8 M$, port\u00e9 par ses succ\u00e8s et son impact musical.\",\"breadcrumb\":{\"@id\":\"https:\/\/fashubash.com\/fr\/jean-ferrat-fortune\/#breadcrumb\"},\"inLanguage\":\"fr-FR\",\"potentialAction\":[{\"@type\":\"ReadAction\",\"target\":[\"https:\/\/fashubash.com\/fr\/jean-ferrat-fortune\/\"]}]},{\"@type\":\"ImageObject\",\"inLanguage\":\"fr-FR\",\"@id\":\"https:\/\/fashubash.com\/fr\/jean-ferrat-fortune\/#primaryimage\",\"url\":\"https:\/\/fashubash.com\/fr\/wp-content\/uploads\/2025\/11\/Quand-Jean-Ferrat-est-decede-quelle-etait-sa-fortune.png\",\"contentUrl\":\"https:\/\/fashubash.com\/fr\/wp-content\/uploads\/2025\/11\/Quand-Jean-Ferrat-est-decede-quelle-etait-sa-fortune.png\",\"width\":904,\"height\":603,\"caption\":\"Jean Ferrat Fortune\"},{\"@type\":\"BreadcrumbList\",\"@id\":\"https:\/\/fashubash.com\/fr\/jean-ferrat-fortune\/#breadcrumb\",\"itemListElement\":[{\"@type\":\"ListItem\",\"position\":1,\"name\":\"Accueil\",\"item\":\"https:\/\/fashubash.com\/fr\/\"},{\"@type\":\"ListItem\",\"position\":2,\"name\":\"Quand Jean Ferrat est d\u00e9c\u00e9d\u00e9, quelle \u00e9tait sa fortune ?\"}]},{\"@type\":\"WebSite\",\"@id\":\"https:\/\/fashubash.com\/fr\/#website\",\"url\":\"https:\/\/fashubash.com\/fr\/\",\"name\":\"FashuBash\",\"description\":\"Estime Fortune\",\"potentialAction\":[{\"@type\":\"SearchAction\",\"target\":{\"@type\":\"EntryPoint\",\"urlTemplate\":\"https:\/\/fashubash.com\/fr\/?s={search_term_string}\"},\"query-input\":{\"@type\":\"PropertyValueSpecification\",\"valueRequired\":true,\"valueName\":\"search_term_string\"}}],\"inLanguage\":\"fr-FR\"},{\"@type\":\"Person\",\"@id\":\"https:\/\/fashubash.com\/fr\/#\/schema\/person\/8ff2ec71248c40fea373970020877682\",\"name\":\"Alex C\",\"image\":{\"@type\":\"ImageObject\",\"inLanguage\":\"fr-FR\",\"@id\":\"https:\/\/secure.gravatar.com\/avatar\/4171ee932dff73cb47d6416e67667dcab1f489bd31739fbb405732d7d700ea3d?s=96&d=mm&r=g\",\"url\":\"https:\/\/secure.gravatar.com\/avatar\/4171ee932dff73cb47d6416e67667dcab1f489bd31739fbb405732d7d700ea3d?s=96&d=mm&r=g\",\"contentUrl\":\"https:\/\/secure.gravatar.com\/avatar\/4171ee932dff73cb47d6416e67667dcab1f489bd31739fbb405732d7d700ea3d?s=96&d=mm&r=g\",\"caption\":\"Alex C\"},\"sameAs\":[\"https:\/\/fashubash.com\/fr\/\"],\"url\":\"https:\/\/fashubash.com\/fr\/author\/alexander-c22\/\"}]}<\/script>\n<!-- \/ Yoast SEO plugin. -->","yoast_head_json":{"title":"Quand Jean Ferrat est d\u00e9c\u00e9d\u00e9, quelle \u00e9tait sa fortune ?","description":"Quand Jean Ferrat est d\u00e9c\u00e9d\u00e9, quelle \u00e9tait sa fortune ? Un h\u00e9ritage estim\u00e9 \u00e0 8 M$, port\u00e9 par ses succ\u00e8s et son impact musical.","robots":{"index":"index","follow":"follow","max-snippet":"max-snippet:-1","max-image-preview":"max-image-preview:large","max-video-preview":"max-video-preview:-1"},"canonical":"https:\/\/fashubash.com\/fr\/jean-ferrat-fortune\/","og_locale":"fr_FR","og_type":"article","og_title":"Quand Jean Ferrat est d\u00e9c\u00e9d\u00e9, quelle \u00e9tait sa fortune ?","og_description":"Quand Jean Ferrat est d\u00e9c\u00e9d\u00e9, quelle \u00e9tait sa fortune ? Un h\u00e9ritage estim\u00e9 \u00e0 8 M$, port\u00e9 par ses succ\u00e8s et son impact musical.","og_url":"https:\/\/fashubash.com\/fr\/jean-ferrat-fortune\/","og_site_name":"FashuBash","article_published_time":"2025-11-26T23:18:51+00:00","og_image":[{"width":904,"height":603,"url":"https:\/\/fashubash.com\/fr\/wp-content\/uploads\/2025\/11\/Quand-Jean-Ferrat-est-decede-quelle-etait-sa-fortune.png","type":"image\/png"}],"author":"Alex C","twitter_card":"summary_large_image","twitter_misc":{"\u00c9crit par":"Alex C","Dur\u00e9e de lecture estim\u00e9e":"4 minutes"},"schema":{"@context":"https:\/\/schema.org","@graph":[{"@type":"Article","@id":"https:\/\/fashubash.com\/fr\/jean-ferrat-fortune\/#article","isPartOf":{"@id":"https:\/\/fashubash.com\/fr\/jean-ferrat-fortune\/"},"author":{"name":"Alex C","@id":"https:\/\/fashubash.com\/fr\/#\/schema\/person\/8ff2ec71248c40fea373970020877682"},"headline":"Quand Jean Ferrat est d\u00e9c\u00e9d\u00e9, quelle \u00e9tait sa fortune ?","datePublished":"2025-11-26T23:18:51+00:00","mainEntityOfPage":{"@id":"https:\/\/fashubash.com\/fr\/jean-ferrat-fortune\/"},"wordCount":758,"commentCount":0,"image":{"@id":"https:\/\/fashubash.com\/fr\/jean-ferrat-fortune\/#primaryimage"},"thumbnailUrl":"https:\/\/fashubash.com\/fr\/wp-content\/uploads\/2025\/11\/Quand-Jean-Ferrat-est-decede-quelle-etait-sa-fortune.png","articleSection":["Chanteuse"],"inLanguage":"fr-FR","potentialAction":[{"@type":"CommentAction","name":"Comment","target":["https:\/\/fashubash.com\/fr\/jean-ferrat-fortune\/#respond"]}]},{"@type":"WebPage","@id":"https:\/\/fashubash.com\/fr\/jean-ferrat-fortune\/","url":"https:\/\/fashubash.com\/fr\/jean-ferrat-fortune\/","name":"Quand Jean Ferrat est d\u00e9c\u00e9d\u00e9, quelle \u00e9tait sa fortune ?","isPartOf":{"@id":"https:\/\/fashubash.com\/fr\/#website"},"primaryImageOfPage":{"@id":"https:\/\/fashubash.com\/fr\/jean-ferrat-fortune\/#primaryimage"},"image":{"@id":"https:\/\/fashubash.com\/fr\/jean-ferrat-fortune\/#primaryimage"},"thumbnailUrl":"https:\/\/fashubash.com\/fr\/wp-content\/uploads\/2025\/11\/Quand-Jean-Ferrat-est-decede-quelle-etait-sa-fortune.png","datePublished":"2025-11-26T23:18:51+00:00","author":{"@id":"https:\/\/fashubash.com\/fr\/#\/schema\/person\/8ff2ec71248c40fea373970020877682"},"description":"Quand Jean Ferrat est d\u00e9c\u00e9d\u00e9, quelle \u00e9tait sa fortune ? Un h\u00e9ritage estim\u00e9 \u00e0 8 M$, port\u00e9 par ses succ\u00e8s et son impact musical.","breadcrumb":{"@id":"https:\/\/fashubash.com\/fr\/jean-ferrat-fortune\/#breadcrumb"},"inLanguage":"fr-FR","potentialAction":[{"@type":"ReadAction","target":["https:\/\/fashubash.com\/fr\/jean-ferrat-fortune\/"]}]},{"@type":"ImageObject","inLanguage":"fr-FR","@id":"https:\/\/fashubash.com\/fr\/jean-ferrat-fortune\/#primaryimage","url":"https:\/\/fashubash.com\/fr\/wp-content\/uploads\/2025\/11\/Quand-Jean-Ferrat-est-decede-quelle-etait-sa-fortune.png","contentUrl":"https:\/\/fashubash.com\/fr\/wp-content\/uploads\/2025\/11\/Quand-Jean-Ferrat-est-decede-quelle-etait-sa-fortune.png","width":904,"height":603,"caption":"Jean Ferrat Fortune"},{"@type":"BreadcrumbList","@id":"https:\/\/fashubash.com\/fr\/jean-ferrat-fortune\/#breadcrumb","itemListElement":[{"@type":"ListItem","position":1,"name":"Accueil","item":"https:\/\/fashubash.com\/fr\/"},{"@type":"ListItem","position":2,"name":"Quand Jean Ferrat est d\u00e9c\u00e9d\u00e9, quelle \u00e9tait sa fortune ?"}]},{"@type":"WebSite","@id":"https:\/\/fashubash.com\/fr\/#website","url":"https:\/\/fashubash.com\/fr\/","name":"FashuBash","description":"Estime Fortune","potentialAction":[{"@type":"SearchAction","target":{"@type":"EntryPoint","urlTemplate":"https:\/\/fashubash.com\/fr\/?s={search_term_string}"},"query-input":{"@type":"PropertyValueSpecification","valueRequired":true,"valueName":"search_term_string"}}],"inLanguage":"fr-FR"},{"@type":"Person","@id":"https:\/\/fashubash.com\/fr\/#\/schema\/person\/8ff2ec71248c40fea373970020877682","name":"Alex C","image":{"@type":"ImageObject","inLanguage":"fr-FR","@id":"https:\/\/secure.gravatar.com\/avatar\/4171ee932dff73cb47d6416e67667dcab1f489bd31739fbb405732d7d700ea3d?s=96&d=mm&r=g","url":"https:\/\/secure.gravatar.com\/avatar\/4171ee932dff73cb47d6416e67667dcab1f489bd31739fbb405732d7d700ea3d?s=96&d=mm&r=g","contentUrl":"https:\/\/secure.gravatar.com\/avatar\/4171ee932dff73cb47d6416e67667dcab1f489bd31739fbb405732d7d700ea3d?s=96&d=mm&r=g","caption":"Alex C"},"sameAs":["https:\/\/fashubash.com\/fr\/"],"url":"https:\/\/fashubash.com\/fr\/author\/alexander-c22\/"}]}},"_links":{"self":[{"href":"https:\/\/fashubash.com\/fr\/wp-json\/wp\/v2\/posts\/2360","targetHints":{"allow":["GET"]}}],"collection":[{"href":"https:\/\/fashubash.com\/fr\/wp-json\/wp\/v2\/posts"}],"about":[{"href":"https:\/\/fashubash.com\/fr\/wp-json\/wp\/v2\/types\/post"}],"author":[{"embeddable":true,"href":"https:\/\/fashubash.com\/fr\/wp-json\/wp\/v2\/users\/4"}],"replies":[{"embeddable":true,"href":"https:\/\/fashubash.com\/fr\/wp-json\/wp\/v2\/comments?post=2360"}],"version-history":[{"count":1,"href":"https:\/\/fashubash.com\/fr\/wp-json\/wp\/v2\/posts\/2360\/revisions"}],"predecessor-version":[{"id":2363,"href":"https:\/\/fashubash.com\/fr\/wp-json\/wp\/v2\/posts\/2360\/revisions\/2363"}],"wp:featuredmedia":[{"embeddable":true,"href":"https:\/\/fashubash.com\/fr\/wp-json\/wp\/v2\/media\/2361"}],"wp:attachment":[{"href":"https:\/\/fashubash.com\/fr\/wp-json\/wp\/v2\/media?parent=2360"}],"wp:term":[{"taxonomy":"category","embeddable":true,"href":"https:\/\/fashubash.com\/fr\/wp-json\/wp\/v2\/categories?post=2360"},{"taxonomy":"post_tag","embeddable":true,"href":"https:\/\/fashubash.com\/fr\/wp-json\/wp\/v2\/tags?post=2360"}],"curies":[{"name":"wp","href":"https:\/\/api.w.org\/{rel}","templated":true}]}}