{"id":2408,"date":"2025-11-30T23:58:13","date_gmt":"2025-11-30T23:58:13","guid":{"rendered":"https:\/\/fashubash.com\/fr\/?p=2408"},"modified":"2025-11-30T23:58:13","modified_gmt":"2025-11-30T23:58:13","slug":"jean-claude-fayat-fortune","status":"publish","type":"post","link":"https:\/\/fashubash.com\/fr\/jean-claude-fayat-fortune\/","title":{"rendered":"Jean-Claude Fayat Fortune : L\u2019\u00e9volution de sa richesse d\u2019ici 2025"},"content":{"rendered":"<p data-start=\"286\" data-end=\"630\">Jean-Claude Fayat est n\u00e9 en <strong data-start=\"314\" data-end=\"322\">1958<\/strong> et est le fils a\u00een\u00e9 de <strong data-start=\"346\" data-end=\"363\">Cl\u00e9ment Fayat<\/strong>. Il a grandi \u00e0 <strong data-start=\"381\" data-end=\"393\">Libourne<\/strong>, une ville situ\u00e9e sur la rive droite de la Garonne, pr\u00e8s de Bordeaux, dans le sud-ouest de la France. Il a obtenu un dipl\u00f4me d\u2019ing\u00e9nieur \u00e0 l\u2019<strong data-start=\"537\" data-end=\"590\">\u00c9cole Sup\u00e9rieure d\u2019Ing\u00e9nieurs de Marseille (ESIM)<\/strong>, dont il est sorti dipl\u00f4m\u00e9 en <strong data-start=\"621\" data-end=\"629\">1982<\/strong>.<\/p>\n<h2 data-start=\"637\" data-end=\"652\">Carri\u00e8re<\/h2>\n<h3 data-start=\"654\" data-end=\"683\">D\u00e9buts professionnels<\/h3>\n<p data-start=\"684\" data-end=\"1284\">Jean-Claude Fayat a commenc\u00e9 sa carri\u00e8re professionnelle en <strong data-start=\"744\" data-end=\"752\">1985<\/strong> comme <strong data-start=\"759\" data-end=\"805\">directeur d\u2019ADC (Ateliers de la Cha\u00eenette)<\/strong>, une filiale du <strong data-start=\"822\" data-end=\"838\">Groupe FAYAT<\/strong> sp\u00e9cialis\u00e9e dans les \u00e9quipements de levage et de manutention.<br data-start=\"900\" data-end=\"903\" \/>En <strong data-start=\"906\" data-end=\"914\">1991<\/strong>, il supervisait d\u00e9j\u00e0 l\u2019ensemble des activit\u00e9s m\u00e9caniques et industrielles du groupe. En <strong data-start=\"1005\" data-end=\"1013\">1994<\/strong>, il a \u00e9t\u00e9 nomm\u00e9 <strong data-start=\"1030\" data-end=\"1051\">Directeur G\u00e9n\u00e9ral<\/strong> du Groupe FAYAT, prenant en charge ses activit\u00e9s internationales et op\u00e9rationnelles. Ces premiers postes de direction ont fait de lui une figure cl\u00e9 au sein de cette entreprise familiale active dans la construction et l\u2019industrie.<\/p>\n<table>\n<thead>\n<tr>\n<th>Fait int\u00e9ressant<\/th>\n<th>D\u00e9tails<\/th>\n<\/tr>\n<\/thead>\n<tbody>\n<tr>\n<td>Naissance et famille<\/td>\n<td>N\u00e9 en 1958 ; fils a\u00een\u00e9 de Cl\u00e9ment Fayat.<\/td>\n<\/tr>\n<tr>\n<td>Formation<\/td>\n<td>Dipl\u00f4m\u00e9 ing\u00e9nieur de l\u2019ESIM en 1982.<\/td>\n<\/tr>\n<tr>\n<td>D\u00e9buts de carri\u00e8re<\/td>\n<td>Commence chez ADC en 1985 comme directeur.<\/td>\n<\/tr>\n<tr>\n<td>Premi\u00e8res responsabilit\u00e9s<\/td>\n<td>Supervise les op\u00e9rations m\u00e9caniques d\u00e8s 1991.<\/td>\n<\/tr>\n<tr>\n<td>Directeur g\u00e9n\u00e9ral<\/td>\n<td>Devient Directeur G\u00e9n\u00e9ral du groupe FAYAT en 1994.<\/td>\n<\/tr>\n<tr>\n<td>Pr\u00e9sident du groupe<\/td>\n<td>Nomm\u00e9 Pr\u00e9sident du groupe FAYAT en 2013.<\/td>\n<\/tr>\n<tr>\n<td>R\u00f4les dans l\u2019industrie<\/td>\n<td>Pr\u00e9side CISMA (2017) et la FIM (2025).<\/td>\n<\/tr>\n<tr>\n<td>Acquisitions cl\u00e9s<\/td>\n<td>Dulevo (2021), ADM (2024), Mecalac (2025).<\/td>\n<\/tr>\n<tr>\n<td>Projets majeurs<\/td>\n<td>Stade de Bordeaux et Canop\u00e9e des Halles (Paris).<\/td>\n<\/tr>\n<tr>\n<td>Croissance mondiale<\/td>\n<td>FAYAT d\u00e9passe 21 000 employ\u00e9s dans le monde.<\/td>\n<\/tr>\n<tr>\n<td>Fortune (2025)<\/td>\n<td>Estim\u00e9e entre 2,0 et 2,5\u00a0milliards\u00a0$ (\u2248\u00a02,1\u00a0milliard\u00a0\u20ac).<\/td>\n<\/tr>\n<\/tbody>\n<\/table>\n<h3 data-start=\"1286\" data-end=\"1333\">\u00c9volution professionnelle et r\u00f4les cl\u00e9s<\/h3>\n<p data-start=\"1334\" data-end=\"1738\">En <strong data-start=\"1337\" data-end=\"1345\">2013<\/strong>, Jean-Claude Fayat est devenu <strong data-start=\"1376\" data-end=\"1405\">Pr\u00e9sident du Groupe FAYAT<\/strong>, \u00e0 la t\u00eate de ce qui \u00e9tait devenu le plus grand groupe fran\u00e7ais de construction ind\u00e9pendant. En parall\u00e8le de ses fonctions ex\u00e9cutives, il a occup\u00e9 plusieurs postes majeurs dans le secteur industriel. Par exemple, en <strong data-start=\"1626\" data-end=\"1634\">2017<\/strong>, il a \u00e9t\u00e9 \u00e9lu <strong data-start=\"1649\" data-end=\"1671\">Pr\u00e9sident du CISMA<\/strong>, le syndicat fran\u00e7ais des fabricants de mat\u00e9riels de construction.<\/p>\n<p data-start=\"1740\" data-end=\"1851\">Au sein du Groupe FAYAT, il si\u00e8ge \u00e9galement aux conseils d\u2019administration de plusieurs filiales importantes :<\/p>\n<ul>\n<li data-start=\"1854\" data-end=\"1941\">depuis <strong data-start=\"1861\" data-end=\"1869\">2011<\/strong>, il est <strong data-start=\"1878\" data-end=\"1902\">Pr\u00e9sident de Famatec<\/strong> (camions et engins de construction),<\/li>\n<li data-start=\"1944\" data-end=\"2015\"><strong data-start=\"1944\" data-end=\"1970\">Pr\u00e9sident d\u2019ADC France<\/strong> (\u00e9quipements de levage et de manutention),<\/li>\n<li data-start=\"2018\" data-end=\"2121\">et il dirige <strong data-start=\"2031\" data-end=\"2056\">Charlatte Manutention<\/strong>, fabricant de v\u00e9hicules industriels et a\u00e9roportuaires du groupe.<\/li>\n<\/ul>\n<p data-start=\"2123\" data-end=\"2254\">Dans ces r\u00f4les, Fayat a renforc\u00e9 l\u2019expansion internationale du groupe et son d\u00e9veloppement dans de nouveaux segments d\u2019\u00e9quipements.<\/p>\n<h3 data-start=\"2261\" data-end=\"2289\">R\u00e9alisations majeures<\/h3>\n<p data-start=\"2290\" data-end=\"2672\">Sous la direction de Jean-Claude Fayat, le Groupe FAYAT s\u2019est largement d\u00e9velopp\u00e9 gr\u00e2ce \u00e0 la diversification et \u00e0 des projets strat\u00e9giques. Il a \u00e9largi l\u2019activit\u00e9 du groupe pour inclure non seulement les machines routi\u00e8res, mais aussi les travaux publics, le b\u00e2timent et les infrastructures \u00e9nerg\u00e9tiques, cr\u00e9ant ainsi un portefeuille \u00e9quilibr\u00e9 et r\u00e9sistant aux cycles \u00e9conomiques.<\/p>\n<p data-start=\"2674\" data-end=\"2731\">Parmi les projets embl\u00e9matiques men\u00e9s sous son mandat :<\/p>\n<ul>\n<li data-start=\"2734\" data-end=\"2795\">le <strong data-start=\"2737\" data-end=\"2758\">stade de Bordeaux<\/strong> (ouvert en 2015 pour l\u2019Euro 2016),<\/li>\n<li data-start=\"2798\" data-end=\"2863\">le complexe <strong data-start=\"2810\" data-end=\"2843\">La Canop\u00e9e des Halles \u00e0 Paris<\/strong> (achev\u00e9 en 2016).<\/li>\n<\/ul>\n<p data-start=\"2865\" data-end=\"2931\">Ces r\u00e9alisations mettent en avant l\u2019expertise technique du groupe.<\/p>\n<p data-start=\"2933\" data-end=\"3338\">Il a \u00e9galement impuls\u00e9 plusieurs acquisitions cibl\u00e9es : en <strong data-start=\"2992\" data-end=\"3000\">2021<\/strong>, le groupe a rachet\u00e9 le fabricant italien de balayeuses <strong data-start=\"3057\" data-end=\"3067\">Dulevo<\/strong> afin de renforcer ses activit\u00e9s dans les \u00e9quipements de maintenance.<br data-start=\"3136\" data-end=\"3139\" \/>Ces initiatives ont favoris\u00e9 une forte croissance financi\u00e8re :<br data-start=\"3201\" data-end=\"3204\" \/>en <strong data-start=\"3207\" data-end=\"3215\">2021<\/strong>, le chiffre d\u2019affaires annuel a atteint environ <strong data-start=\"3264\" data-end=\"3289\">4,6 milliards d\u2019euros<\/strong>, avec plus de <strong data-start=\"3304\" data-end=\"3323\">21 000 employ\u00e9s<\/strong> dans le monde.<\/p>\n<h3 data-start=\"3345\" data-end=\"3374\">D\u00e9veloppements r\u00e9cents<\/h3>\n<p data-start=\"3375\" data-end=\"3515\">Ces derni\u00e8res ann\u00e9es, Jean-Claude Fayat a poursuivi l\u2019expansion du groupe tout en assumant des responsabilit\u00e9s plus larges dans l\u2019industrie.<\/p>\n<ul>\n<li data-start=\"3519\" data-end=\"3772\">En <strong data-start=\"3522\" data-end=\"3538\">juillet 2024<\/strong>, FAYAT a acquis <strong data-start=\"3555\" data-end=\"3584\">Asphalt Drum Mixers (ADM)<\/strong> aux \u00c9tats-Unis pour renforcer sa pr\u00e9sence en Am\u00e9rique du Nord. Fayat a qualifi\u00e9 cette op\u00e9ration de \u00ab <strong data-start=\"3686\" data-end=\"3708\">grande opportunit\u00e9<\/strong> \u00bb pour tirer parti des technologies et de l\u2019implantation d\u2019ADM.<\/li>\n<li data-start=\"3775\" data-end=\"3968\">En <strong data-start=\"3778\" data-end=\"3791\">juin 2025<\/strong>, il a supervis\u00e9 la finalisation de la reprise de <strong data-start=\"3841\" data-end=\"3852\">Mecalac<\/strong>, qu\u2019il a d\u00e9crite comme \u00ab <strong data-start=\"3878\" data-end=\"3909\">une opportunit\u00e9 fantastique<\/strong> \u00bb pour le d\u00e9veloppement des \u00e9quipements urbains du groupe.<\/li>\n<\/ul>\n<p data-start=\"3970\" data-end=\"4346\">La m\u00eame ann\u00e9e, il a \u00e9t\u00e9 \u00e9lu Pr\u00e9sident de la F\u00e9d\u00e9ration des Industries M\u00e9caniques (FIM), confirmant sa position de figure majeure du secteur m\u00e9canique fran\u00e7ais. Il pr\u00e9side \u00e9galement plusieurs organisations professionnelles r\u00e9gionales en <strong data-start=\"4212\" data-end=\"4234\">Nouvelle-Aquitaine<\/strong>, notamment le comit\u00e9 des conseillers du commerce ext\u00e9rieur et la chambre r\u00e9gionale du commerce international.<\/p>\n<p data-start=\"4348\" data-end=\"4519\">\u00c0 travers ces responsabilit\u00e9s et acquisitions, Jean-Claude Fayat continue de renforcer l\u2019influence du Groupe FAYAT dans le secteur mondial des \u00e9quipements de construction.<\/p>\n<h2 data-start=\"4526\" data-end=\"4561\">Fortune de Jean-Claude Fayat<\/h2>\n<p data-start=\"4563\" data-end=\"4816\">En <strong data-start=\"4566\" data-end=\"4574\">2025<\/strong>, la presse \u00e9conomique estime la fortune de Jean-Claude Fayat entre 2,0 et 2,5 milliards de dollars.<br data-start=\"4678\" data-end=\"4681\" \/>Le magazine fran\u00e7ais Challenges \u00e9value la fortune familiale \u00e0 environ 2,1 milliards d\u2019euros (\u2248 2,3 milliards de dollars).<\/p>\n<p data-start=\"4818\" data-end=\"5120\">La richesse de Fayat provient principalement de sa participation dans le Groupe FAYAT, important conglom\u00e9rat fran\u00e7ais de construction et d\u2019ing\u00e9nierie (ventes 2024 : environ 5,7 milliards d\u2019euros), ainsi que de domaines viticoles familiaux dans le Bordelais, tels que Ch\u00e2teau La Dominique. Les grands m\u00e9dias financiers internationaux n\u2019ont toutefois pas confirm\u00e9 ind\u00e9pendamment ces estimations.<\/p>\n","protected":false},"excerpt":{"rendered":"<p>Jean-Claude Fayat est n\u00e9 en 1958 et est le fils a\u00een\u00e9 de Cl\u00e9ment Fayat. Il a grandi \u00e0 Libourne, une ville situ\u00e9e sur la rive droite de la Garonne, pr\u00e8s de Bordeaux, dans le sud-ouest de la France. Il a obtenu un dipl\u00f4me d\u2019ing\u00e9nieur \u00e0 l\u2019\u00c9cole Sup\u00e9rieure d\u2019Ing\u00e9nieurs de Marseille (ESIM), dont il est sorti &hellip;<\/p>\n","protected":false},"author":4,"featured_media":2409,"comment_status":"open","ping_status":"open","sticky":false,"template":"","format":"standard","meta":{"footnotes":""},"categories":[42],"tags":[],"class_list":["post-2408","post","type-post","status-publish","format-standard","has-post-thumbnail","hentry","category-homme-daffaires"],"yoast_head":"<!-- This site is optimized with the Yoast SEO plugin v27.2 - https:\/\/yoast.com\/product\/yoast-seo-wordpress\/ -->\n<title>Jean-Claude Fayat Fortune : L\u2019\u00e9volution de sa richesse d\u2019ici 2025<\/title>\n<meta name=\"description\" content=\"Jean-Claude Fayat Fortune in 2025 refl\u00e8te la croissance du groupe, ses acquisitions cl\u00e9s et des actifs familiaux stables pour une vue claire.\" \/>\n<meta name=\"robots\" content=\"index, follow, max-snippet:-1, max-image-preview:large, max-video-preview:-1\" \/>\n<link rel=\"canonical\" href=\"https:\/\/fashubash.com\/fr\/jean-claude-fayat-fortune\/\" \/>\n<meta property=\"og:locale\" content=\"fr_FR\" \/>\n<meta property=\"og:type\" content=\"article\" \/>\n<meta property=\"og:title\" content=\"Jean-Claude Fayat Fortune : L\u2019\u00e9volution de sa richesse d\u2019ici 2025\" \/>\n<meta property=\"og:description\" content=\"Jean-Claude Fayat Fortune in 2025 refl\u00e8te la croissance du groupe, ses acquisitions cl\u00e9s et des actifs familiaux stables pour une vue claire.\" \/>\n<meta property=\"og:url\" content=\"https:\/\/fashubash.com\/fr\/jean-claude-fayat-fortune\/\" \/>\n<meta property=\"og:site_name\" content=\"FashuBash\" \/>\n<meta property=\"article:published_time\" content=\"2025-11-30T23:58:13+00:00\" \/>\n<meta property=\"og:image\" content=\"https:\/\/fashubash.com\/fr\/wp-content\/uploads\/2025\/11\/Jean-Claude-Fayat-Fortune-Levolution-de-sa-richesse-dici-2025.png\" \/>\n\t<meta property=\"og:image:width\" content=\"360\" \/>\n\t<meta property=\"og:image:height\" content=\"298\" \/>\n\t<meta property=\"og:image:type\" content=\"image\/png\" \/>\n<meta name=\"author\" content=\"Alex C\" \/>\n<meta name=\"twitter:card\" content=\"summary_large_image\" \/>\n<meta name=\"twitter:label1\" content=\"\u00c9crit par\" \/>\n\t<meta name=\"twitter:data1\" content=\"Alex C\" \/>\n\t<meta name=\"twitter:label2\" content=\"Dur\u00e9e de lecture estim\u00e9e\" \/>\n\t<meta name=\"twitter:data2\" content=\"5 minutes\" \/>\n<script type=\"application\/ld+json\" class=\"yoast-schema-graph\">{\"@context\":\"https:\/\/schema.org\",\"@graph\":[{\"@type\":\"Article\",\"@id\":\"https:\/\/fashubash.com\/fr\/jean-claude-fayat-fortune\/#article\",\"isPartOf\":{\"@id\":\"https:\/\/fashubash.com\/fr\/jean-claude-fayat-fortune\/\"},\"author\":{\"name\":\"Alex C\",\"@id\":\"https:\/\/fashubash.com\/fr\/#\/schema\/person\/8ff2ec71248c40fea373970020877682\"},\"headline\":\"Jean-Claude Fayat Fortune : L\u2019\u00e9volution de sa richesse d\u2019ici 2025\",\"datePublished\":\"2025-11-30T23:58:13+00:00\",\"mainEntityOfPage\":{\"@id\":\"https:\/\/fashubash.com\/fr\/jean-claude-fayat-fortune\/\"},\"wordCount\":891,\"commentCount\":0,\"image\":{\"@id\":\"https:\/\/fashubash.com\/fr\/jean-claude-fayat-fortune\/#primaryimage\"},\"thumbnailUrl\":\"https:\/\/fashubash.com\/fr\/wp-content\/uploads\/2025\/11\/Jean-Claude-Fayat-Fortune-Levolution-de-sa-richesse-dici-2025.png\",\"articleSection\":[\"Homme D\u2019Affaires\"],\"inLanguage\":\"fr-FR\",\"potentialAction\":[{\"@type\":\"CommentAction\",\"name\":\"Comment\",\"target\":[\"https:\/\/fashubash.com\/fr\/jean-claude-fayat-fortune\/#respond\"]}]},{\"@type\":\"WebPage\",\"@id\":\"https:\/\/fashubash.com\/fr\/jean-claude-fayat-fortune\/\",\"url\":\"https:\/\/fashubash.com\/fr\/jean-claude-fayat-fortune\/\",\"name\":\"Jean-Claude Fayat Fortune : L\u2019\u00e9volution de sa richesse d\u2019ici 2025\",\"isPartOf\":{\"@id\":\"https:\/\/fashubash.com\/fr\/#website\"},\"primaryImageOfPage\":{\"@id\":\"https:\/\/fashubash.com\/fr\/jean-claude-fayat-fortune\/#primaryimage\"},\"image\":{\"@id\":\"https:\/\/fashubash.com\/fr\/jean-claude-fayat-fortune\/#primaryimage\"},\"thumbnailUrl\":\"https:\/\/fashubash.com\/fr\/wp-content\/uploads\/2025\/11\/Jean-Claude-Fayat-Fortune-Levolution-de-sa-richesse-dici-2025.png\",\"datePublished\":\"2025-11-30T23:58:13+00:00\",\"author\":{\"@id\":\"https:\/\/fashubash.com\/fr\/#\/schema\/person\/8ff2ec71248c40fea373970020877682\"},\"description\":\"Jean-Claude Fayat Fortune in 2025 refl\u00e8te la croissance du groupe, ses acquisitions cl\u00e9s et des actifs familiaux stables pour une vue claire.\",\"breadcrumb\":{\"@id\":\"https:\/\/fashubash.com\/fr\/jean-claude-fayat-fortune\/#breadcrumb\"},\"inLanguage\":\"fr-FR\",\"potentialAction\":[{\"@type\":\"ReadAction\",\"target\":[\"https:\/\/fashubash.com\/fr\/jean-claude-fayat-fortune\/\"]}]},{\"@type\":\"ImageObject\",\"inLanguage\":\"fr-FR\",\"@id\":\"https:\/\/fashubash.com\/fr\/jean-claude-fayat-fortune\/#primaryimage\",\"url\":\"https:\/\/fashubash.com\/fr\/wp-content\/uploads\/2025\/11\/Jean-Claude-Fayat-Fortune-Levolution-de-sa-richesse-dici-2025.png\",\"contentUrl\":\"https:\/\/fashubash.com\/fr\/wp-content\/uploads\/2025\/11\/Jean-Claude-Fayat-Fortune-Levolution-de-sa-richesse-dici-2025.png\",\"width\":360,\"height\":298,\"caption\":\"Jean-Claude Fayat Fortune\"},{\"@type\":\"BreadcrumbList\",\"@id\":\"https:\/\/fashubash.com\/fr\/jean-claude-fayat-fortune\/#breadcrumb\",\"itemListElement\":[{\"@type\":\"ListItem\",\"position\":1,\"name\":\"Accueil\",\"item\":\"https:\/\/fashubash.com\/fr\/\"},{\"@type\":\"ListItem\",\"position\":2,\"name\":\"Jean-Claude Fayat Fortune : L\u2019\u00e9volution de sa richesse d\u2019ici 2025\"}]},{\"@type\":\"WebSite\",\"@id\":\"https:\/\/fashubash.com\/fr\/#website\",\"url\":\"https:\/\/fashubash.com\/fr\/\",\"name\":\"FashuBash\",\"description\":\"Estime Fortune\",\"potentialAction\":[{\"@type\":\"SearchAction\",\"target\":{\"@type\":\"EntryPoint\",\"urlTemplate\":\"https:\/\/fashubash.com\/fr\/?s={search_term_string}\"},\"query-input\":{\"@type\":\"PropertyValueSpecification\",\"valueRequired\":true,\"valueName\":\"search_term_string\"}}],\"inLanguage\":\"fr-FR\"},{\"@type\":\"Person\",\"@id\":\"https:\/\/fashubash.com\/fr\/#\/schema\/person\/8ff2ec71248c40fea373970020877682\",\"name\":\"Alex C\",\"image\":{\"@type\":\"ImageObject\",\"inLanguage\":\"fr-FR\",\"@id\":\"https:\/\/secure.gravatar.com\/avatar\/4171ee932dff73cb47d6416e67667dcab1f489bd31739fbb405732d7d700ea3d?s=96&d=mm&r=g\",\"url\":\"https:\/\/secure.gravatar.com\/avatar\/4171ee932dff73cb47d6416e67667dcab1f489bd31739fbb405732d7d700ea3d?s=96&d=mm&r=g\",\"contentUrl\":\"https:\/\/secure.gravatar.com\/avatar\/4171ee932dff73cb47d6416e67667dcab1f489bd31739fbb405732d7d700ea3d?s=96&d=mm&r=g\",\"caption\":\"Alex C\"},\"sameAs\":[\"https:\/\/fashubash.com\/fr\/\"],\"url\":\"https:\/\/fashubash.com\/fr\/author\/alexander-c22\/\"}]}<\/script>\n<!-- \/ Yoast SEO plugin. -->","yoast_head_json":{"title":"Jean-Claude Fayat Fortune : L\u2019\u00e9volution de sa richesse d\u2019ici 2025","description":"Jean-Claude Fayat Fortune in 2025 refl\u00e8te la croissance du groupe, ses acquisitions cl\u00e9s et des actifs familiaux stables pour une vue claire.","robots":{"index":"index","follow":"follow","max-snippet":"max-snippet:-1","max-image-preview":"max-image-preview:large","max-video-preview":"max-video-preview:-1"},"canonical":"https:\/\/fashubash.com\/fr\/jean-claude-fayat-fortune\/","og_locale":"fr_FR","og_type":"article","og_title":"Jean-Claude Fayat Fortune : L\u2019\u00e9volution de sa richesse d\u2019ici 2025","og_description":"Jean-Claude Fayat Fortune in 2025 refl\u00e8te la croissance du groupe, ses acquisitions cl\u00e9s et des actifs familiaux stables pour une vue claire.","og_url":"https:\/\/fashubash.com\/fr\/jean-claude-fayat-fortune\/","og_site_name":"FashuBash","article_published_time":"2025-11-30T23:58:13+00:00","og_image":[{"width":360,"height":298,"url":"https:\/\/fashubash.com\/fr\/wp-content\/uploads\/2025\/11\/Jean-Claude-Fayat-Fortune-Levolution-de-sa-richesse-dici-2025.png","type":"image\/png"}],"author":"Alex C","twitter_card":"summary_large_image","twitter_misc":{"\u00c9crit par":"Alex C","Dur\u00e9e de lecture estim\u00e9e":"5 minutes"},"schema":{"@context":"https:\/\/schema.org","@graph":[{"@type":"Article","@id":"https:\/\/fashubash.com\/fr\/jean-claude-fayat-fortune\/#article","isPartOf":{"@id":"https:\/\/fashubash.com\/fr\/jean-claude-fayat-fortune\/"},"author":{"name":"Alex C","@id":"https:\/\/fashubash.com\/fr\/#\/schema\/person\/8ff2ec71248c40fea373970020877682"},"headline":"Jean-Claude Fayat Fortune : L\u2019\u00e9volution de sa richesse d\u2019ici 2025","datePublished":"2025-11-30T23:58:13+00:00","mainEntityOfPage":{"@id":"https:\/\/fashubash.com\/fr\/jean-claude-fayat-fortune\/"},"wordCount":891,"commentCount":0,"image":{"@id":"https:\/\/fashubash.com\/fr\/jean-claude-fayat-fortune\/#primaryimage"},"thumbnailUrl":"https:\/\/fashubash.com\/fr\/wp-content\/uploads\/2025\/11\/Jean-Claude-Fayat-Fortune-Levolution-de-sa-richesse-dici-2025.png","articleSection":["Homme D\u2019Affaires"],"inLanguage":"fr-FR","potentialAction":[{"@type":"CommentAction","name":"Comment","target":["https:\/\/fashubash.com\/fr\/jean-claude-fayat-fortune\/#respond"]}]},{"@type":"WebPage","@id":"https:\/\/fashubash.com\/fr\/jean-claude-fayat-fortune\/","url":"https:\/\/fashubash.com\/fr\/jean-claude-fayat-fortune\/","name":"Jean-Claude Fayat Fortune : L\u2019\u00e9volution de sa richesse d\u2019ici 2025","isPartOf":{"@id":"https:\/\/fashubash.com\/fr\/#website"},"primaryImageOfPage":{"@id":"https:\/\/fashubash.com\/fr\/jean-claude-fayat-fortune\/#primaryimage"},"image":{"@id":"https:\/\/fashubash.com\/fr\/jean-claude-fayat-fortune\/#primaryimage"},"thumbnailUrl":"https:\/\/fashubash.com\/fr\/wp-content\/uploads\/2025\/11\/Jean-Claude-Fayat-Fortune-Levolution-de-sa-richesse-dici-2025.png","datePublished":"2025-11-30T23:58:13+00:00","author":{"@id":"https:\/\/fashubash.com\/fr\/#\/schema\/person\/8ff2ec71248c40fea373970020877682"},"description":"Jean-Claude Fayat Fortune in 2025 refl\u00e8te la croissance du groupe, ses acquisitions cl\u00e9s et des actifs familiaux stables pour une vue claire.","breadcrumb":{"@id":"https:\/\/fashubash.com\/fr\/jean-claude-fayat-fortune\/#breadcrumb"},"inLanguage":"fr-FR","potentialAction":[{"@type":"ReadAction","target":["https:\/\/fashubash.com\/fr\/jean-claude-fayat-fortune\/"]}]},{"@type":"ImageObject","inLanguage":"fr-FR","@id":"https:\/\/fashubash.com\/fr\/jean-claude-fayat-fortune\/#primaryimage","url":"https:\/\/fashubash.com\/fr\/wp-content\/uploads\/2025\/11\/Jean-Claude-Fayat-Fortune-Levolution-de-sa-richesse-dici-2025.png","contentUrl":"https:\/\/fashubash.com\/fr\/wp-content\/uploads\/2025\/11\/Jean-Claude-Fayat-Fortune-Levolution-de-sa-richesse-dici-2025.png","width":360,"height":298,"caption":"Jean-Claude Fayat Fortune"},{"@type":"BreadcrumbList","@id":"https:\/\/fashubash.com\/fr\/jean-claude-fayat-fortune\/#breadcrumb","itemListElement":[{"@type":"ListItem","position":1,"name":"Accueil","item":"https:\/\/fashubash.com\/fr\/"},{"@type":"ListItem","position":2,"name":"Jean-Claude Fayat Fortune : L\u2019\u00e9volution de sa richesse d\u2019ici 2025"}]},{"@type":"WebSite","@id":"https:\/\/fashubash.com\/fr\/#website","url":"https:\/\/fashubash.com\/fr\/","name":"FashuBash","description":"Estime Fortune","potentialAction":[{"@type":"SearchAction","target":{"@type":"EntryPoint","urlTemplate":"https:\/\/fashubash.com\/fr\/?s={search_term_string}"},"query-input":{"@type":"PropertyValueSpecification","valueRequired":true,"valueName":"search_term_string"}}],"inLanguage":"fr-FR"},{"@type":"Person","@id":"https:\/\/fashubash.com\/fr\/#\/schema\/person\/8ff2ec71248c40fea373970020877682","name":"Alex C","image":{"@type":"ImageObject","inLanguage":"fr-FR","@id":"https:\/\/secure.gravatar.com\/avatar\/4171ee932dff73cb47d6416e67667dcab1f489bd31739fbb405732d7d700ea3d?s=96&d=mm&r=g","url":"https:\/\/secure.gravatar.com\/avatar\/4171ee932dff73cb47d6416e67667dcab1f489bd31739fbb405732d7d700ea3d?s=96&d=mm&r=g","contentUrl":"https:\/\/secure.gravatar.com\/avatar\/4171ee932dff73cb47d6416e67667dcab1f489bd31739fbb405732d7d700ea3d?s=96&d=mm&r=g","caption":"Alex C"},"sameAs":["https:\/\/fashubash.com\/fr\/"],"url":"https:\/\/fashubash.com\/fr\/author\/alexander-c22\/"}]}},"_links":{"self":[{"href":"https:\/\/fashubash.com\/fr\/wp-json\/wp\/v2\/posts\/2408","targetHints":{"allow":["GET"]}}],"collection":[{"href":"https:\/\/fashubash.com\/fr\/wp-json\/wp\/v2\/posts"}],"about":[{"href":"https:\/\/fashubash.com\/fr\/wp-json\/wp\/v2\/types\/post"}],"author":[{"embeddable":true,"href":"https:\/\/fashubash.com\/fr\/wp-json\/wp\/v2\/users\/4"}],"replies":[{"embeddable":true,"href":"https:\/\/fashubash.com\/fr\/wp-json\/wp\/v2\/comments?post=2408"}],"version-history":[{"count":1,"href":"https:\/\/fashubash.com\/fr\/wp-json\/wp\/v2\/posts\/2408\/revisions"}],"predecessor-version":[{"id":2410,"href":"https:\/\/fashubash.com\/fr\/wp-json\/wp\/v2\/posts\/2408\/revisions\/2410"}],"wp:featuredmedia":[{"embeddable":true,"href":"https:\/\/fashubash.com\/fr\/wp-json\/wp\/v2\/media\/2409"}],"wp:attachment":[{"href":"https:\/\/fashubash.com\/fr\/wp-json\/wp\/v2\/media?parent=2408"}],"wp:term":[{"taxonomy":"category","embeddable":true,"href":"https:\/\/fashubash.com\/fr\/wp-json\/wp\/v2\/categories?post=2408"},{"taxonomy":"post_tag","embeddable":true,"href":"https:\/\/fashubash.com\/fr\/wp-json\/wp\/v2\/tags?post=2408"}],"curies":[{"name":"wp","href":"https:\/\/api.w.org\/{rel}","templated":true}]}}