{"id":2534,"date":"2025-12-28T22:29:57","date_gmt":"2025-12-28T22:29:57","guid":{"rendered":"https:\/\/fashubash.com\/fr\/?p=2534"},"modified":"2025-12-28T22:29:57","modified_gmt":"2025-12-28T22:29:57","slug":"estelle-denis-fortune","status":"publish","type":"post","link":"https:\/\/fashubash.com\/fr\/estelle-denis-fortune\/","title":{"rendered":"Estelle Denis Fortune expliqu\u00e9e : TV, radio et revenus"},"content":{"rendered":"<p data-start=\"31\" data-end=\"354\">Estelle Denis est n\u00e9e le 6 d\u00e9cembre 1976 \u00e0 Paris, en France. Elle a grandi dans la commune de <strong data-start=\"133\" data-end=\"157\">Le Coudray-Montceaux<\/strong>, situ\u00e9e dans le d\u00e9partement de l\u2019<strong data-start=\"191\" data-end=\"202\">Essonne<\/strong>, en r\u00e9gion <strong data-start=\"214\" data-end=\"231\">\u00cele-de-France<\/strong>. Dans son foyer familial, <strong data-start=\"258\" data-end=\"315\">ses deux parents exer\u00e7aient la profession de m\u00e9decins<\/strong>. Elle a un fr\u00e8re pr\u00e9nomm\u00e9 <strong data-start=\"342\" data-end=\"353\">Rapha\u00ebl<\/strong>.<\/p>\n<p data-start=\"356\" data-end=\"605\">Durant son enfance, la maison familiale se trouvait <strong data-start=\"408\" data-end=\"444\">juste en face d\u2019un stade sportif<\/strong>. Les week-ends, elle assistait fr\u00e9quemment \u00e0 des <strong data-start=\"494\" data-end=\"536\">matchs locaux de football et de tennis<\/strong>, \u00e9voluant ainsi dans un environnement fortement marqu\u00e9 par le sport.<\/p>\n<p data-start=\"607\" data-end=\"783\">Tr\u00e8s t\u00f4t, <strong data-start=\"617\" data-end=\"675\">Estelle Denis a elle-m\u00eame commenc\u00e9 \u00e0 jouer au football<\/strong>, ce qui montre que le sport et les activit\u00e9s de plein air occupaient une place importante dans son enfance.<\/p>\n<p data-start=\"785\" data-end=\"1007\">Apr\u00e8s avoir termin\u00e9 ses \u00e9tudes secondaires, elle obtient en <strong data-start=\"845\" data-end=\"890\">1994 un baccalaur\u00e9at \u00e9conomique et social<\/strong>. Elle poursuit ensuite ses \u00e9tudes \u00e0 <strong data-start=\"927\" data-end=\"936\">CELSA<\/strong>, l\u2019\u00e9cole de communication de l\u2019<strong data-start=\"968\" data-end=\"997\">Universit\u00e9 Paris-Sorbonne<\/strong>, \u00e0 Paris.<\/p>\n<p data-start=\"1009\" data-end=\"1261\">Par la suite, elle compl\u00e8te son parcours acad\u00e9mique au sein d\u2019un <strong data-start=\"1074\" data-end=\"1132\">IUT (Institut universitaire de technologie) \u00e0 Bordeaux<\/strong>, o\u00f9 elle se sp\u00e9cialise en <strong data-start=\"1159\" data-end=\"1174\">journalisme<\/strong>. Ces formations ont constitu\u00e9 une base solide pour sa future carri\u00e8re dans les m\u00e9dias.<\/p>\n<h2>Estelle Denis \u2013 Faits essentiels<\/h2>\n<table style=\"width: 100%; border-collapse: collapse;\">\n<thead>\n<tr>\n<th style=\"border: 1px solid #ddd; padding: 10px; text-align: left;\">Type d\u2019information<\/th>\n<th style=\"border: 1px solid #ddd; padding: 10px; text-align: left;\">Information v\u00e9rifi\u00e9e et d\u2019int\u00e9r\u00eat<\/th>\n<\/tr>\n<\/thead>\n<tbody>\n<tr>\n<td style=\"border: 1px solid #ddd; padding: 10px;\">Nom complet<\/td>\n<td style=\"border: 1px solid #ddd; padding: 10px;\">Estelle Denis<\/td>\n<\/tr>\n<tr>\n<td style=\"border: 1px solid #ddd; padding: 10px;\">Date de naissance<\/td>\n<td style=\"border: 1px solid #ddd; padding: 10px;\">N\u00e9e le 6 d\u00e9cembre 1976<\/td>\n<\/tr>\n<tr>\n<td style=\"border: 1px solid #ddd; padding: 10px;\">\u00c2ge<\/td>\n<td style=\"border: 1px solid #ddd; padding: 10px;\">49 ans (en 2026)<\/td>\n<\/tr>\n<tr>\n<td style=\"border: 1px solid #ddd; padding: 10px;\">Nationalit\u00e9<\/td>\n<td style=\"border: 1px solid #ddd; padding: 10px;\">Fran\u00e7aise<\/td>\n<\/tr>\n<tr>\n<td style=\"border: 1px solid #ddd; padding: 10px;\">Profession<\/td>\n<td style=\"border: 1px solid #ddd; padding: 10px;\">Journaliste et animatrice<\/td>\n<\/tr>\n<tr>\n<td style=\"border: 1px solid #ddd; padding: 10px;\">Domaine d\u2019expertise<\/td>\n<td style=\"border: 1px solid #ddd; padding: 10px;\">Journalisme sportif et d\u00e9bats<\/td>\n<\/tr>\n<tr>\n<td style=\"border: 1px solid #ddd; padding: 10px;\">Formation<\/td>\n<td style=\"border: 1px solid #ddd; padding: 10px;\">CELSA Paris-Sorbonne ; IUT de Bordeaux<\/td>\n<\/tr>\n<tr>\n<td style=\"border: 1px solid #ddd; padding: 10px;\">Notori\u00e9t\u00e9<\/td>\n<td style=\"border: 1px solid #ddd; padding: 10px;\">Connue pour <em>100 % Foot<\/em> sur M6<\/td>\n<\/tr>\n<tr>\n<td style=\"border: 1px solid #ddd; padding: 10px;\">Activit\u00e9 actuelle<\/td>\n<td style=\"border: 1px solid #ddd; padding: 10px;\">Animatrice de <em>Estelle Midi<\/em> sur RMC<\/td>\n<\/tr>\n<tr>\n<td style=\"border: 1px solid #ddd; padding: 10px;\">Fortune \/ valeur nette<\/td>\n<td style=\"border: 1px solid #ddd; padding: 10px;\">Estim\u00e9e \u00e0 plusieurs millions d\u2019euros (non confirm\u00e9e)<\/td>\n<\/tr>\n<\/tbody>\n<\/table>\n<p><strong>Note de fiabilit\u00e9 (E-E-A-T) :<\/strong> Les informations ci-dessus proviennent de sources publiques v\u00e9rifiables. Les donn\u00e9es financi\u00e8res sont des estimations non officielles.<\/p>\n<blockquote class=\"instagram-media\" style=\"background: #FFF; border: 0; border-radius: 3px; box-shadow: 0 0 1px 0 rgba(0,0,0,0.5),0 1px 10px 0 rgba(0,0,0,0.15); margin: 1px; max-width: 540px; min-width: 326px; padding: 0; width: calc(100% - 2px);\" data-instgrm-permalink=\"https:\/\/www.instagram.com\/p\/DM-N-iAoMDq\/?utm_source=ig_embed&amp;utm_campaign=loading\" data-instgrm-version=\"14\">\n<div style=\"padding: 16px;\">\n<p>&nbsp;<\/p>\n<div style=\"display: flex; flex-direction: row; align-items: center;\">\n<div style=\"background-color: #f4f4f4; border-radius: 50%; flex-grow: 0; height: 40px; margin-right: 14px; width: 40px;\"><\/div>\n<div style=\"display: flex; flex-direction: column; flex-grow: 1; justify-content: center;\">\n<div style=\"background-color: #f4f4f4; border-radius: 4px; flex-grow: 0; height: 14px; margin-bottom: 6px; width: 100px;\"><\/div>\n<div style=\"background-color: #f4f4f4; border-radius: 4px; flex-grow: 0; height: 14px; width: 60px;\"><\/div>\n<\/div>\n<\/div>\n<div style=\"padding: 19% 0;\"><\/div>\n<div style=\"display: block; height: 50px; margin: 0 auto 12px; width: 50px;\"><\/div>\n<div style=\"padding-top: 8px;\">\n<div style=\"color: #3897f0; font-family: Arial,sans-serif; font-size: 14px; font-style: normal; font-weight: 550; line-height: 18px;\">View this post on Instagram<\/div>\n<\/div>\n<div style=\"padding: 12.5% 0;\"><\/div>\n<div style=\"display: flex; flex-direction: row; margin-bottom: 14px; align-items: center;\">\n<div>\n<div style=\"background-color: #f4f4f4; border-radius: 50%; height: 12.5px; width: 12.5px; transform: translateX(0px) translateY(7px);\"><\/div>\n<div style=\"background-color: #f4f4f4; height: 12.5px; transform: rotate(-45deg) translateX(3px) translateY(1px); width: 12.5px; flex-grow: 0; margin-right: 14px; margin-left: 2px;\"><\/div>\n<div style=\"background-color: #f4f4f4; border-radius: 50%; height: 12.5px; width: 12.5px; transform: translateX(9px) translateY(-18px);\"><\/div>\n<\/div>\n<div style=\"margin-left: 8px;\">\n<div style=\"background-color: #f4f4f4; border-radius: 50%; flex-grow: 0; height: 20px; width: 20px;\"><\/div>\n<div style=\"width: 0; height: 0; border-top: 2px solid transparent; border-left: 6px solid #f4f4f4; border-bottom: 2px solid transparent; transform: translateX(16px) translateY(-4px) rotate(30deg);\"><\/div>\n<\/div>\n<div style=\"margin-left: auto;\">\n<div style=\"width: 0px; border-top: 8px solid #F4F4F4; border-right: 8px solid transparent; transform: translateY(16px);\"><\/div>\n<div style=\"background-color: #f4f4f4; flex-grow: 0; height: 12px; width: 16px; transform: translateY(-4px);\"><\/div>\n<div style=\"width: 0; height: 0; border-top: 8px solid #F4F4F4; border-left: 8px solid transparent; transform: translateY(-4px) translateX(8px);\"><\/div>\n<\/div>\n<\/div>\n<div style=\"display: flex; flex-direction: column; flex-grow: 1; justify-content: center; margin-bottom: 24px;\">\n<div style=\"background-color: #f4f4f4; border-radius: 4px; flex-grow: 0; height: 14px; margin-bottom: 6px; width: 224px;\"><\/div>\n<div style=\"background-color: #f4f4f4; border-radius: 4px; flex-grow: 0; height: 14px; width: 144px;\"><\/div>\n<\/div>\n<p>&nbsp;<\/p>\n<p style=\"color: #c9c8cd; font-family: Arial,sans-serif; font-size: 14px; line-height: 17px; margin-bottom: 0; margin-top: 8px; overflow: hidden; padding: 8px 0 7px; text-align: center; text-overflow: ellipsis; white-space: nowrap;\"><a style=\"color: #c9c8cd; font-family: Arial,sans-serif; font-size: 14px; font-style: normal; font-weight: normal; line-height: 17px; text-decoration: none;\" href=\"https:\/\/www.instagram.com\/p\/DM-N-iAoMDq\/?utm_source=ig_embed&amp;utm_campaign=loading\" target=\"_blank\" rel=\"noopener\">A post shared by Estelle Denis (@estelledenis)<\/a><\/p>\n<\/div>\n<\/blockquote>\n<p><script async src=\"\/\/www.instagram.com\/embed.js\"><\/script><\/p>\n<h3 data-start=\"1268\" data-end=\"1297\">D\u00e9buts professionnels<\/h3>\n<p data-start=\"1299\" data-end=\"1651\">Estelle Denis d\u00e9bute sa carri\u00e8re journalistique \u00e0 la <strong data-start=\"1352\" data-end=\"1375\">fin des ann\u00e9es 1990<\/strong>, en se sp\u00e9cialisant dans le <strong data-start=\"1404\" data-end=\"1427\">journalisme sportif<\/strong>. \u00c0 l\u2019issue de ses \u00e9tudes, elle travaille comme <strong data-start=\"1475\" data-end=\"1501\">reporter pour France 2<\/strong> lors de la <strong data-start=\"1513\" data-end=\"1548\">Coupe du monde de football 1998<\/strong>. Elle participe \u00e9galement au <strong data-start=\"1578\" data-end=\"1634\">lancement de la cha\u00eene sportive fran\u00e7aise Infosport+<\/strong> \u00e0 cette p\u00e9riode.<\/p>\n<p data-start=\"1653\" data-end=\"2155\">Au d\u00e9but des ann\u00e9es 2000, elle \u00e9largit son champ d\u2019activit\u00e9 \u00e0 la pr\u00e9sentation t\u00e9l\u00e9vis\u00e9e. Elle anime des <strong data-start=\"1757\" data-end=\"1800\">chroniques sport et cin\u00e9ma sur TPS Star<\/strong>, cha\u00eene satellite fran\u00e7aise. Elle passe ensuite environ <strong data-start=\"1857\" data-end=\"1877\">six mois sur TF1<\/strong> en tant que commentatrice et chroniqueuse dans des \u00e9missions telles que <strong data-start=\"1950\" data-end=\"1962\">T\u00e9l\u00e9foot<\/strong> et <strong data-start=\"1966\" data-end=\"1986\">Combien \u00e7a co\u00fbte<\/strong>, tout en intervenant sur <strong data-start=\"2012\" data-end=\"2019\">LCI<\/strong> dans l\u2019\u00e9mission <em data-start=\"2036\" data-end=\"2056\">On refait le match<\/em>.<br data-start=\"2057\" data-end=\"2060\" \/>Ces exp\u00e9riences font d\u2019elle <strong data-start=\"2088\" data-end=\"2154\">un visage jeune et reconnu de la t\u00e9l\u00e9vision sportive fran\u00e7aise<\/strong>.<\/p>\n<h3 data-start=\"2162\" data-end=\"2208\">\u00c9volution de carri\u00e8re et r\u00f4les majeurs<\/h3>\n<p data-start=\"2210\" data-end=\"2653\">En <strong data-start=\"2213\" data-end=\"2226\">2005\u20132006<\/strong>, Estelle Denis acc\u00e8de \u00e0 des fonctions de premier plan sur <strong data-start=\"2285\" data-end=\"2291\">M6<\/strong>, l\u2019un des principaux groupes audiovisuels priv\u00e9s fran\u00e7ais. De <strong data-start=\"2354\" data-end=\"2369\">2006 \u00e0 2012<\/strong>, elle co-anime l\u2019\u00e9mission hebdomadaire de football <strong data-start=\"2421\" data-end=\"2435\">100 % Foot<\/strong>, devenue un <strong data-start=\"2448\" data-end=\"2474\">programme embl\u00e9matique<\/strong> de la cha\u00eene.<br data-start=\"2488\" data-end=\"2491\" \/>Elle co-cr\u00e9e et pr\u00e9sente \u00e9galement <strong data-start=\"2526\" data-end=\"2539\">100 % Mag<\/strong>, une \u00e9mission quotidienne d\u2019info-divertissement, ce qui lui permet d\u2019\u00e9largir son exp\u00e9rience <strong data-start=\"2632\" data-end=\"2652\">au-del\u00e0 du sport<\/strong>.<\/p>\n<p data-start=\"2655\" data-end=\"2951\">Durant ses <strong data-start=\"2666\" data-end=\"2688\">sept ann\u00e9es sur M6<\/strong>, elle pr\u00e9sente plusieurs programmes sp\u00e9ciaux, notamment la s\u00e9rie politique <strong data-start=\"2764\" data-end=\"2783\">\u00ab 5 ans avec\u2026 \u00bb<\/strong> diffus\u00e9e lors des \u00e9lections pr\u00e9sidentielles, ainsi que <strong data-start=\"2839\" data-end=\"2876\">\u00ab La Nouvelle Star, \u00e7a continue \u00bb<\/strong>. Ces r\u00f4les tr\u00e8s m\u00e9diatis\u00e9s lui apportent <strong data-start=\"2918\" data-end=\"2950\">une reconnaissance nationale<\/strong>.<\/p>\n<p data-start=\"2953\" data-end=\"3252\">En <strong data-start=\"2956\" data-end=\"2964\">2012<\/strong>, elle rejoint le p\u00f4le divertissement de <strong data-start=\"3005\" data-end=\"3012\">TF1<\/strong>. Elle y anime des \u00e9missions de prime time comme <strong data-start=\"3061\" data-end=\"3090\">\u00ab Samedi soir on chante \u00bb<\/strong> et le concours de plongeon de c\u00e9l\u00e9brit\u00e9s <strong data-start=\"3132\" data-end=\"3166\">\u00ab Splash : le grand plongeon \u00bb<\/strong>. En <strong data-start=\"3171\" data-end=\"3179\">2014<\/strong>, elle co-pr\u00e9sente le t\u00e9l\u00e9-crochet <strong data-start=\"3214\" data-end=\"3251\">\u00ab The Best, le meilleur artiste \u00bb<\/strong>.<\/p>\n<p data-start=\"3254\" data-end=\"3703\">Elle int\u00e8gre \u00e9galement l\u2019\u00e9quipe charg\u00e9e de la <strong data-start=\"3300\" data-end=\"3334\">pr\u00e9sentation du tirage du Loto<\/strong> sur TF1, aux c\u00f4t\u00e9s de figures embl\u00e9matiques comme <strong data-start=\"3385\" data-end=\"3409\">Jean-Pierre Foucault<\/strong>. \u00c0 l\u2019automne <strong data-start=\"3423\" data-end=\"3431\">2015<\/strong>, elle quitte TF1 pour rejoindre <strong data-start=\"3464\" data-end=\"3470\">D8<\/strong>, devenue ensuite <strong data-start=\"3488\" data-end=\"3494\">C8<\/strong>.<br data-start=\"3495\" data-end=\"3498\" \/>\u00c0 partir du <strong data-start=\"3510\" data-end=\"3530\">23 novembre 2015<\/strong>, elle anime l\u2019\u00e9mission quotidienne <strong data-start=\"3566\" data-end=\"3596\">\u00ab Touche pas \u00e0 mon sport \u00bb<\/strong>, produite par <strong data-start=\"3611\" data-end=\"3628\">Cyril Hanouna<\/strong>. Le programme est arr\u00eat\u00e9 <strong data-start=\"3654\" data-end=\"3666\">fin 2016<\/strong> en raison d\u2019audiences insuffisantes.<\/p>\n<h3 data-start=\"3710\" data-end=\"3739\">R\u00e9alisations majeures<\/h3>\n<p data-start=\"3741\" data-end=\"4075\">Sur plus de <strong data-start=\"3753\" data-end=\"3778\">vingt ans de carri\u00e8re<\/strong>, Estelle Denis a occup\u00e9 de nombreux r\u00f4les de premier plan, faisant d\u2019elle <strong data-start=\"3853\" data-end=\"3919\">l\u2019une des pr\u00e9sentatrices sportives les plus visibles de France<\/strong>. Sa pr\u00e9sence de <strong data-start=\"3936\" data-end=\"3975\">sept ann\u00e9es \u00e0 la t\u00eate de 100 % Foot<\/strong> a contribu\u00e9 \u00e0 faire de l\u2019\u00e9mission <strong data-start=\"4010\" data-end=\"4074\">une r\u00e9f\u00e9rence du paysage m\u00e9diatique footballistique fran\u00e7ais<\/strong>.<\/p>\n<p data-start=\"4077\" data-end=\"4456\">En alternant entre <strong data-start=\"4096\" data-end=\"4150\">\u00e9missions sportives et divertissement grand public<\/strong>, elle a d\u00e9montr\u00e9 une <strong data-start=\"4172\" data-end=\"4192\">polyvalence rare<\/strong>, passant avec aisance de l\u2019actualit\u00e9 sportive aux programmes de vari\u00e9t\u00e9s et de jeux en prime time.<br data-start=\"4291\" data-end=\"4294\" \/>Les observateurs du secteur soulignent que <strong data-start=\"4337\" data-end=\"4403\">son style dynamique et sa capacit\u00e9 \u00e0 aborder des sujets vari\u00e9s<\/strong> ont permis d\u2019\u00e9largir l\u2019audience des d\u00e9bats sportifs.<\/p>\n<p data-start=\"4458\" data-end=\"4790\">En <strong data-start=\"4461\" data-end=\"4469\">2017<\/strong>, elle lance une nouvelle \u00e9tape de sa carri\u00e8re en animant une <strong data-start=\"4531\" data-end=\"4597\">\u00e9mission quotidienne de d\u00e9bats sportifs sur la cha\u00eene L\u2019\u00c9quipe<\/strong>, renfor\u00e7ant encore sa notori\u00e9t\u00e9. Dans chacun de ses r\u00f4les, elle s\u2019implique non seulement comme animatrice, mais aussi dans le <strong data-start=\"4724\" data-end=\"4745\">travail \u00e9ditorial<\/strong>, illustrant ses capacit\u00e9s de <strong data-start=\"4775\" data-end=\"4789\">leadership<\/strong>.<\/p>\n<blockquote class=\"instagram-media\" style=\"background: #FFF; border: 0; border-radius: 3px; box-shadow: 0 0 1px 0 rgba(0,0,0,0.5),0 1px 10px 0 rgba(0,0,0,0.15); margin: 1px; max-width: 540px; min-width: 326px; padding: 0; width: calc(100% - 2px);\" data-instgrm-permalink=\"https:\/\/www.instagram.com\/p\/C9hq7EsI1Kd\/?utm_source=ig_embed&amp;utm_campaign=loading\" data-instgrm-version=\"14\">\n<div style=\"padding: 16px;\">\n<p>&nbsp;<\/p>\n<div style=\"display: flex; flex-direction: row; align-items: center;\">\n<div style=\"background-color: #f4f4f4; border-radius: 50%; flex-grow: 0; height: 40px; margin-right: 14px; width: 40px;\"><\/div>\n<div style=\"display: flex; flex-direction: column; flex-grow: 1; justify-content: center;\">\n<div style=\"background-color: #f4f4f4; border-radius: 4px; flex-grow: 0; height: 14px; margin-bottom: 6px; width: 100px;\"><\/div>\n<div style=\"background-color: #f4f4f4; border-radius: 4px; flex-grow: 0; height: 14px; width: 60px;\"><\/div>\n<\/div>\n<\/div>\n<div style=\"padding: 19% 0;\"><\/div>\n<div style=\"display: block; height: 50px; margin: 0 auto 12px; width: 50px;\"><\/div>\n<div style=\"padding-top: 8px;\">\n<div style=\"color: #3897f0; font-family: Arial,sans-serif; font-size: 14px; font-style: normal; font-weight: 550; line-height: 18px;\">View this post on Instagram<\/div>\n<\/div>\n<div style=\"padding: 12.5% 0;\"><\/div>\n<div style=\"display: flex; flex-direction: row; margin-bottom: 14px; align-items: center;\">\n<div>\n<div style=\"background-color: #f4f4f4; border-radius: 50%; height: 12.5px; width: 12.5px; transform: translateX(0px) translateY(7px);\"><\/div>\n<div style=\"background-color: #f4f4f4; height: 12.5px; transform: rotate(-45deg) translateX(3px) translateY(1px); width: 12.5px; flex-grow: 0; margin-right: 14px; margin-left: 2px;\"><\/div>\n<div style=\"background-color: #f4f4f4; border-radius: 50%; height: 12.5px; width: 12.5px; transform: translateX(9px) translateY(-18px);\"><\/div>\n<\/div>\n<div style=\"margin-left: 8px;\">\n<div style=\"background-color: #f4f4f4; border-radius: 50%; flex-grow: 0; height: 20px; width: 20px;\"><\/div>\n<div style=\"width: 0; height: 0; border-top: 2px solid transparent; border-left: 6px solid #f4f4f4; border-bottom: 2px solid transparent; transform: translateX(16px) translateY(-4px) rotate(30deg);\"><\/div>\n<\/div>\n<div style=\"margin-left: auto;\">\n<div style=\"width: 0px; border-top: 8px solid #F4F4F4; border-right: 8px solid transparent; transform: translateY(16px);\"><\/div>\n<div style=\"background-color: #f4f4f4; flex-grow: 0; height: 12px; width: 16px; transform: translateY(-4px);\"><\/div>\n<div style=\"width: 0; height: 0; border-top: 8px solid #F4F4F4; border-left: 8px solid transparent; transform: translateY(-4px) translateX(8px);\"><\/div>\n<\/div>\n<\/div>\n<div style=\"display: flex; flex-direction: column; flex-grow: 1; justify-content: center; margin-bottom: 24px;\">\n<div style=\"background-color: #f4f4f4; border-radius: 4px; flex-grow: 0; height: 14px; margin-bottom: 6px; width: 224px;\"><\/div>\n<div style=\"background-color: #f4f4f4; border-radius: 4px; flex-grow: 0; height: 14px; width: 144px;\"><\/div>\n<\/div>\n<p>&nbsp;<\/p>\n<p style=\"color: #c9c8cd; font-family: Arial,sans-serif; font-size: 14px; line-height: 17px; margin-bottom: 0; margin-top: 8px; overflow: hidden; padding: 8px 0 7px; text-align: center; text-overflow: ellipsis; white-space: nowrap;\"><a style=\"color: #c9c8cd; font-family: Arial,sans-serif; font-size: 14px; font-style: normal; font-weight: normal; line-height: 17px; text-decoration: none;\" href=\"https:\/\/www.instagram.com\/p\/C9hq7EsI1Kd\/?utm_source=ig_embed&amp;utm_campaign=loading\" target=\"_blank\" rel=\"noopener\">A post shared by Estelle Denis (@estelledenis)<\/a><\/p>\n<\/div>\n<\/blockquote>\n<p><script async src=\"\/\/www.instagram.com\/embed.js\"><\/script><\/p>\n<h3 data-start=\"4797\" data-end=\"4827\">D\u00e9veloppements r\u00e9cents<\/h3>\n<p data-start=\"4829\" data-end=\"5068\">\u00c0 l\u2019\u00e9t\u00e9 <strong data-start=\"4837\" data-end=\"4845\">2021<\/strong>, Estelle Denis op\u00e8re un virage important en passant de la t\u00e9l\u00e9vision \u00e0 la <strong data-start=\"4920\" data-end=\"4970\">radio et aux formats de d\u00e9bat multiplateformes<\/strong>. La cha\u00eene L\u2019\u00c9quipe annonce son d\u00e9part apr\u00e8s <strong data-start=\"5016\" data-end=\"5034\">quatre saisons<\/strong> pour rejoindre le groupe <strong data-start=\"5060\" data-end=\"5067\">RMC<\/strong>.<\/p>\n<p data-start=\"5070\" data-end=\"5491\">En <strong data-start=\"5073\" data-end=\"5086\">ao\u00fbt 2021<\/strong>, elle lance une nouvelle \u00e9mission quotidienne diffus\u00e9e \u00e0 la mi-journ\u00e9e sur <strong data-start=\"5162\" data-end=\"5169\">RMC<\/strong>, \u00e9galement retransmise sur <strong data-start=\"5197\" data-end=\"5210\">RMC Story<\/strong>, sous le titre <strong data-start=\"5226\" data-end=\"5242\">Estelle Midi<\/strong>, connue \u00e0 la radio sous le nom <strong data-start=\"5274\" data-end=\"5306\">\u00ab On ne va pas se mentir ! \u00bb<\/strong>.<br data-start=\"5307\" data-end=\"5310\" \/>L\u2019\u00e9mission propose <strong data-start=\"5329\" data-end=\"5398\">des d\u00e9bats d\u2019opinion et des interviews sur des sujets d\u2019actualit\u00e9<\/strong>, du lundi au vendredi autour de midi. Elle continue d\u2019animer ce programme <strong data-start=\"5473\" data-end=\"5490\">jusqu\u2019en 2025<\/strong>.<\/p>\n<p data-start=\"5493\" data-end=\"5709\">Plus r\u00e9cemment, en <strong data-start=\"5512\" data-end=\"5528\">octobre 2025<\/strong>, Estelle Denis se voit confier un projet t\u00e9l\u00e9visuel d\u2019envergure. Le groupe <strong data-start=\"5604\" data-end=\"5624\">RMC Altice Media<\/strong> relance l\u2019\u00e9mission culte de Jean-Luc Delarue <strong data-start=\"5670\" data-end=\"5691\">\u00ab \u00c7a se discute \u00bb<\/strong> sur <strong data-start=\"5696\" data-end=\"5708\">RMC Life<\/strong>.<\/p>\n<p data-start=\"5711\" data-end=\"6102\">Elle est annonc\u00e9e comme animatrice de <strong data-start=\"5749\" data-end=\"5787\">\u00ab \u00c7a se discute, jour apr\u00e8s jour \u00bb<\/strong>, diffus\u00e9e en prime time \u00e0 partir du <strong data-start=\"5824\" data-end=\"5843\">15 octobre 2025<\/strong>. Elle d\u00e9clare que l\u2019\u00e9mission originale a profond\u00e9ment marqu\u00e9 son parcours et que ce r\u00f4le lui permettrait <strong data-start=\"5949\" data-end=\"5992\">\u00ab d\u2019\u00eatre encore plus proche du public \u00bb<\/strong>.<br data-start=\"5993\" data-end=\"5996\" \/>Ce retour \u00e0 un grand format de soci\u00e9t\u00e9 confirme <strong data-start=\"6044\" data-end=\"6101\">sa place centrale et durable dans les m\u00e9dias fran\u00e7ais<\/strong>.<\/p>\n<h2 data-start=\"6109\" data-end=\"6140\">Fortune d\u2019Estelle Denis<\/h2>\n<p data-start=\"6142\" data-end=\"6384\">En <strong data-start=\"6145\" data-end=\"6153\">2026<\/strong>, Estelle Denis aurait remport\u00e9 environ <strong data-start=\"6193\" data-end=\"6211\">47 000 dollars<\/strong> en gains document\u00e9s lors de <strong data-start=\"6240\" data-end=\"6261\">tournois de poker<\/strong>. En revanche, <strong data-start=\"6276\" data-end=\"6343\">aucune estimation officielle et confirm\u00e9e de sa fortune globale<\/strong> n\u2019a \u00e9t\u00e9 publi\u00e9e par des sources fiables.<\/p>\n<p data-start=\"6386\" data-end=\"6907\" data-is-last-node=\"\" data-is-only-node=\"\">Un site sp\u00e9cialis\u00e9 indique que son patrimoine serait <strong data-start=\"6439\" data-end=\"6482\">\u00ab estim\u00e9 \u00e0 plusieurs millions d\u2019euros \u00bb<\/strong>, en tenant compte de ses revenus t\u00e9l\u00e9visuels, de son activit\u00e9 li\u00e9e au poker et de <strong data-start=\"6565\" data-end=\"6600\">ses investissements immobiliers<\/strong>.<br data-start=\"6601\" data-end=\"6604\" \/>Elle a b\u00e2ti sa richesse gr\u00e2ce \u00e0 <strong data-start=\"6636\" data-end=\"6699\">une longue carri\u00e8re de journaliste sportive et d\u2019animatrice<\/strong>, notamment \u00e0 travers des \u00e9missions comme <strong data-start=\"6741\" data-end=\"6755\">100 % Foot<\/strong>, <strong data-start=\"6757\" data-end=\"6770\">100 % Mag<\/strong>, ainsi que son <strong data-start=\"6786\" data-end=\"6817\">talk-show quotidien sur RMC<\/strong>, sans qu\u2019aucune valorisation pr\u00e9cise ne soit confirm\u00e9e par les grands m\u00e9dias \u00e9conomiques.<\/p>\n","protected":false},"excerpt":{"rendered":"<p>Estelle Denis est n\u00e9e le 6 d\u00e9cembre 1976 \u00e0 Paris, en France. Elle a grandi dans la commune de Le Coudray-Montceaux, situ\u00e9e dans le d\u00e9partement de l\u2019Essonne, en r\u00e9gion \u00cele-de-France. Dans son foyer familial, ses deux parents exer\u00e7aient la profession de m\u00e9decins. Elle a un fr\u00e8re pr\u00e9nomm\u00e9 Rapha\u00ebl. Durant son enfance, la maison familiale se &hellip;<\/p>\n","protected":false},"author":4,"featured_media":2535,"comment_status":"open","ping_status":"open","sticky":false,"template":"","format":"standard","meta":{"footnotes":""},"categories":[52],"tags":[],"class_list":["post-2534","post","type-post","status-publish","format-standard","has-post-thumbnail","hentry","category-journaliste"],"yoast_head":"<!-- This site is optimized with the Yoast SEO plugin v27.2 - https:\/\/yoast.com\/product\/yoast-seo-wordpress\/ -->\n<title>Estelle Denis Fortune expliqu\u00e9e : TV, radio et revenus<\/title>\n<meta name=\"description\" content=\"Un aper\u00e7u clair de la Estelle Denis Fortune in 2026, incluant ses revenus issus des m\u00e9dias, ses projets r\u00e9cents et l\u2019absence d\u2019estimation,\" \/>\n<meta name=\"robots\" content=\"index, follow, max-snippet:-1, max-image-preview:large, max-video-preview:-1\" \/>\n<link rel=\"canonical\" href=\"https:\/\/fashubash.com\/fr\/estelle-denis-fortune\/\" \/>\n<meta property=\"og:locale\" content=\"fr_FR\" \/>\n<meta property=\"og:type\" content=\"article\" \/>\n<meta property=\"og:title\" content=\"Estelle Denis Fortune expliqu\u00e9e : TV, radio et revenus\" \/>\n<meta property=\"og:description\" content=\"Un aper\u00e7u clair de la Estelle Denis Fortune in 2026, incluant ses revenus issus des m\u00e9dias, ses projets r\u00e9cents et l\u2019absence d\u2019estimation,\" \/>\n<meta property=\"og:url\" content=\"https:\/\/fashubash.com\/fr\/estelle-denis-fortune\/\" \/>\n<meta property=\"og:site_name\" content=\"FashuBash\" \/>\n<meta property=\"article:published_time\" content=\"2025-12-28T22:29:57+00:00\" \/>\n<meta property=\"og:image\" content=\"https:\/\/fashubash.com\/fr\/wp-content\/uploads\/2025\/12\/Estelle-Denis-Fortune-expliquee-TV-radio-et-revenus.png\" \/>\n\t<meta property=\"og:image:width\" content=\"383\" \/>\n\t<meta property=\"og:image:height\" content=\"325\" \/>\n\t<meta property=\"og:image:type\" content=\"image\/png\" \/>\n<meta name=\"author\" content=\"Alex C\" \/>\n<meta name=\"twitter:card\" content=\"summary_large_image\" \/>\n<meta name=\"twitter:label1\" content=\"\u00c9crit par\" \/>\n\t<meta name=\"twitter:data1\" content=\"Alex C\" \/>\n\t<meta name=\"twitter:label2\" content=\"Dur\u00e9e de lecture estim\u00e9e\" \/>\n\t<meta name=\"twitter:data2\" content=\"6 minutes\" \/>\n<script type=\"application\/ld+json\" class=\"yoast-schema-graph\">{\"@context\":\"https:\/\/schema.org\",\"@graph\":[{\"@type\":\"Article\",\"@id\":\"https:\/\/fashubash.com\/fr\/estelle-denis-fortune\/#article\",\"isPartOf\":{\"@id\":\"https:\/\/fashubash.com\/fr\/estelle-denis-fortune\/\"},\"author\":{\"name\":\"Alex C\",\"@id\":\"https:\/\/fashubash.com\/fr\/#\/schema\/person\/8ff2ec71248c40fea373970020877682\"},\"headline\":\"Estelle Denis Fortune expliqu\u00e9e : TV, radio et revenus\",\"datePublished\":\"2025-12-28T22:29:57+00:00\",\"mainEntityOfPage\":{\"@id\":\"https:\/\/fashubash.com\/fr\/estelle-denis-fortune\/\"},\"wordCount\":1257,\"commentCount\":0,\"image\":{\"@id\":\"https:\/\/fashubash.com\/fr\/estelle-denis-fortune\/#primaryimage\"},\"thumbnailUrl\":\"https:\/\/fashubash.com\/fr\/wp-content\/uploads\/2025\/12\/Estelle-Denis-Fortune-expliquee-TV-radio-et-revenus.png\",\"articleSection\":[\"Journaliste\"],\"inLanguage\":\"fr-FR\",\"potentialAction\":[{\"@type\":\"CommentAction\",\"name\":\"Comment\",\"target\":[\"https:\/\/fashubash.com\/fr\/estelle-denis-fortune\/#respond\"]}]},{\"@type\":\"WebPage\",\"@id\":\"https:\/\/fashubash.com\/fr\/estelle-denis-fortune\/\",\"url\":\"https:\/\/fashubash.com\/fr\/estelle-denis-fortune\/\",\"name\":\"Estelle Denis Fortune expliqu\u00e9e : TV, radio et revenus\",\"isPartOf\":{\"@id\":\"https:\/\/fashubash.com\/fr\/#website\"},\"primaryImageOfPage\":{\"@id\":\"https:\/\/fashubash.com\/fr\/estelle-denis-fortune\/#primaryimage\"},\"image\":{\"@id\":\"https:\/\/fashubash.com\/fr\/estelle-denis-fortune\/#primaryimage\"},\"thumbnailUrl\":\"https:\/\/fashubash.com\/fr\/wp-content\/uploads\/2025\/12\/Estelle-Denis-Fortune-expliquee-TV-radio-et-revenus.png\",\"datePublished\":\"2025-12-28T22:29:57+00:00\",\"author\":{\"@id\":\"https:\/\/fashubash.com\/fr\/#\/schema\/person\/8ff2ec71248c40fea373970020877682\"},\"description\":\"Un aper\u00e7u clair de la Estelle Denis Fortune in 2026, incluant ses revenus issus des m\u00e9dias, ses projets r\u00e9cents et l\u2019absence d\u2019estimation,\",\"breadcrumb\":{\"@id\":\"https:\/\/fashubash.com\/fr\/estelle-denis-fortune\/#breadcrumb\"},\"inLanguage\":\"fr-FR\",\"potentialAction\":[{\"@type\":\"ReadAction\",\"target\":[\"https:\/\/fashubash.com\/fr\/estelle-denis-fortune\/\"]}]},{\"@type\":\"ImageObject\",\"inLanguage\":\"fr-FR\",\"@id\":\"https:\/\/fashubash.com\/fr\/estelle-denis-fortune\/#primaryimage\",\"url\":\"https:\/\/fashubash.com\/fr\/wp-content\/uploads\/2025\/12\/Estelle-Denis-Fortune-expliquee-TV-radio-et-revenus.png\",\"contentUrl\":\"https:\/\/fashubash.com\/fr\/wp-content\/uploads\/2025\/12\/Estelle-Denis-Fortune-expliquee-TV-radio-et-revenus.png\",\"width\":383,\"height\":325,\"caption\":\"Estelle Denis Fortune\"},{\"@type\":\"BreadcrumbList\",\"@id\":\"https:\/\/fashubash.com\/fr\/estelle-denis-fortune\/#breadcrumb\",\"itemListElement\":[{\"@type\":\"ListItem\",\"position\":1,\"name\":\"Accueil\",\"item\":\"https:\/\/fashubash.com\/fr\/\"},{\"@type\":\"ListItem\",\"position\":2,\"name\":\"Estelle Denis Fortune expliqu\u00e9e : TV, radio et revenus\"}]},{\"@type\":\"WebSite\",\"@id\":\"https:\/\/fashubash.com\/fr\/#website\",\"url\":\"https:\/\/fashubash.com\/fr\/\",\"name\":\"FashuBash\",\"description\":\"Estime Fortune\",\"potentialAction\":[{\"@type\":\"SearchAction\",\"target\":{\"@type\":\"EntryPoint\",\"urlTemplate\":\"https:\/\/fashubash.com\/fr\/?s={search_term_string}\"},\"query-input\":{\"@type\":\"PropertyValueSpecification\",\"valueRequired\":true,\"valueName\":\"search_term_string\"}}],\"inLanguage\":\"fr-FR\"},{\"@type\":\"Person\",\"@id\":\"https:\/\/fashubash.com\/fr\/#\/schema\/person\/8ff2ec71248c40fea373970020877682\",\"name\":\"Alex C\",\"image\":{\"@type\":\"ImageObject\",\"inLanguage\":\"fr-FR\",\"@id\":\"https:\/\/secure.gravatar.com\/avatar\/4171ee932dff73cb47d6416e67667dcab1f489bd31739fbb405732d7d700ea3d?s=96&d=mm&r=g\",\"url\":\"https:\/\/secure.gravatar.com\/avatar\/4171ee932dff73cb47d6416e67667dcab1f489bd31739fbb405732d7d700ea3d?s=96&d=mm&r=g\",\"contentUrl\":\"https:\/\/secure.gravatar.com\/avatar\/4171ee932dff73cb47d6416e67667dcab1f489bd31739fbb405732d7d700ea3d?s=96&d=mm&r=g\",\"caption\":\"Alex C\"},\"sameAs\":[\"https:\/\/fashubash.com\/fr\/\"],\"url\":\"https:\/\/fashubash.com\/fr\/author\/alexander-c22\/\"}]}<\/script>\n<!-- \/ Yoast SEO plugin. -->","yoast_head_json":{"title":"Estelle Denis Fortune expliqu\u00e9e : TV, radio et revenus","description":"Un aper\u00e7u clair de la Estelle Denis Fortune in 2026, incluant ses revenus issus des m\u00e9dias, ses projets r\u00e9cents et l\u2019absence d\u2019estimation,","robots":{"index":"index","follow":"follow","max-snippet":"max-snippet:-1","max-image-preview":"max-image-preview:large","max-video-preview":"max-video-preview:-1"},"canonical":"https:\/\/fashubash.com\/fr\/estelle-denis-fortune\/","og_locale":"fr_FR","og_type":"article","og_title":"Estelle Denis Fortune expliqu\u00e9e : TV, radio et revenus","og_description":"Un aper\u00e7u clair de la Estelle Denis Fortune in 2026, incluant ses revenus issus des m\u00e9dias, ses projets r\u00e9cents et l\u2019absence d\u2019estimation,","og_url":"https:\/\/fashubash.com\/fr\/estelle-denis-fortune\/","og_site_name":"FashuBash","article_published_time":"2025-12-28T22:29:57+00:00","og_image":[{"width":383,"height":325,"url":"https:\/\/fashubash.com\/fr\/wp-content\/uploads\/2025\/12\/Estelle-Denis-Fortune-expliquee-TV-radio-et-revenus.png","type":"image\/png"}],"author":"Alex C","twitter_card":"summary_large_image","twitter_misc":{"\u00c9crit par":"Alex C","Dur\u00e9e de lecture estim\u00e9e":"6 minutes"},"schema":{"@context":"https:\/\/schema.org","@graph":[{"@type":"Article","@id":"https:\/\/fashubash.com\/fr\/estelle-denis-fortune\/#article","isPartOf":{"@id":"https:\/\/fashubash.com\/fr\/estelle-denis-fortune\/"},"author":{"name":"Alex C","@id":"https:\/\/fashubash.com\/fr\/#\/schema\/person\/8ff2ec71248c40fea373970020877682"},"headline":"Estelle Denis Fortune expliqu\u00e9e : TV, radio et revenus","datePublished":"2025-12-28T22:29:57+00:00","mainEntityOfPage":{"@id":"https:\/\/fashubash.com\/fr\/estelle-denis-fortune\/"},"wordCount":1257,"commentCount":0,"image":{"@id":"https:\/\/fashubash.com\/fr\/estelle-denis-fortune\/#primaryimage"},"thumbnailUrl":"https:\/\/fashubash.com\/fr\/wp-content\/uploads\/2025\/12\/Estelle-Denis-Fortune-expliquee-TV-radio-et-revenus.png","articleSection":["Journaliste"],"inLanguage":"fr-FR","potentialAction":[{"@type":"CommentAction","name":"Comment","target":["https:\/\/fashubash.com\/fr\/estelle-denis-fortune\/#respond"]}]},{"@type":"WebPage","@id":"https:\/\/fashubash.com\/fr\/estelle-denis-fortune\/","url":"https:\/\/fashubash.com\/fr\/estelle-denis-fortune\/","name":"Estelle Denis Fortune expliqu\u00e9e : TV, radio et revenus","isPartOf":{"@id":"https:\/\/fashubash.com\/fr\/#website"},"primaryImageOfPage":{"@id":"https:\/\/fashubash.com\/fr\/estelle-denis-fortune\/#primaryimage"},"image":{"@id":"https:\/\/fashubash.com\/fr\/estelle-denis-fortune\/#primaryimage"},"thumbnailUrl":"https:\/\/fashubash.com\/fr\/wp-content\/uploads\/2025\/12\/Estelle-Denis-Fortune-expliquee-TV-radio-et-revenus.png","datePublished":"2025-12-28T22:29:57+00:00","author":{"@id":"https:\/\/fashubash.com\/fr\/#\/schema\/person\/8ff2ec71248c40fea373970020877682"},"description":"Un aper\u00e7u clair de la Estelle Denis Fortune in 2026, incluant ses revenus issus des m\u00e9dias, ses projets r\u00e9cents et l\u2019absence d\u2019estimation,","breadcrumb":{"@id":"https:\/\/fashubash.com\/fr\/estelle-denis-fortune\/#breadcrumb"},"inLanguage":"fr-FR","potentialAction":[{"@type":"ReadAction","target":["https:\/\/fashubash.com\/fr\/estelle-denis-fortune\/"]}]},{"@type":"ImageObject","inLanguage":"fr-FR","@id":"https:\/\/fashubash.com\/fr\/estelle-denis-fortune\/#primaryimage","url":"https:\/\/fashubash.com\/fr\/wp-content\/uploads\/2025\/12\/Estelle-Denis-Fortune-expliquee-TV-radio-et-revenus.png","contentUrl":"https:\/\/fashubash.com\/fr\/wp-content\/uploads\/2025\/12\/Estelle-Denis-Fortune-expliquee-TV-radio-et-revenus.png","width":383,"height":325,"caption":"Estelle Denis Fortune"},{"@type":"BreadcrumbList","@id":"https:\/\/fashubash.com\/fr\/estelle-denis-fortune\/#breadcrumb","itemListElement":[{"@type":"ListItem","position":1,"name":"Accueil","item":"https:\/\/fashubash.com\/fr\/"},{"@type":"ListItem","position":2,"name":"Estelle Denis Fortune expliqu\u00e9e : TV, radio et revenus"}]},{"@type":"WebSite","@id":"https:\/\/fashubash.com\/fr\/#website","url":"https:\/\/fashubash.com\/fr\/","name":"FashuBash","description":"Estime Fortune","potentialAction":[{"@type":"SearchAction","target":{"@type":"EntryPoint","urlTemplate":"https:\/\/fashubash.com\/fr\/?s={search_term_string}"},"query-input":{"@type":"PropertyValueSpecification","valueRequired":true,"valueName":"search_term_string"}}],"inLanguage":"fr-FR"},{"@type":"Person","@id":"https:\/\/fashubash.com\/fr\/#\/schema\/person\/8ff2ec71248c40fea373970020877682","name":"Alex C","image":{"@type":"ImageObject","inLanguage":"fr-FR","@id":"https:\/\/secure.gravatar.com\/avatar\/4171ee932dff73cb47d6416e67667dcab1f489bd31739fbb405732d7d700ea3d?s=96&d=mm&r=g","url":"https:\/\/secure.gravatar.com\/avatar\/4171ee932dff73cb47d6416e67667dcab1f489bd31739fbb405732d7d700ea3d?s=96&d=mm&r=g","contentUrl":"https:\/\/secure.gravatar.com\/avatar\/4171ee932dff73cb47d6416e67667dcab1f489bd31739fbb405732d7d700ea3d?s=96&d=mm&r=g","caption":"Alex C"},"sameAs":["https:\/\/fashubash.com\/fr\/"],"url":"https:\/\/fashubash.com\/fr\/author\/alexander-c22\/"}]}},"_links":{"self":[{"href":"https:\/\/fashubash.com\/fr\/wp-json\/wp\/v2\/posts\/2534","targetHints":{"allow":["GET"]}}],"collection":[{"href":"https:\/\/fashubash.com\/fr\/wp-json\/wp\/v2\/posts"}],"about":[{"href":"https:\/\/fashubash.com\/fr\/wp-json\/wp\/v2\/types\/post"}],"author":[{"embeddable":true,"href":"https:\/\/fashubash.com\/fr\/wp-json\/wp\/v2\/users\/4"}],"replies":[{"embeddable":true,"href":"https:\/\/fashubash.com\/fr\/wp-json\/wp\/v2\/comments?post=2534"}],"version-history":[{"count":1,"href":"https:\/\/fashubash.com\/fr\/wp-json\/wp\/v2\/posts\/2534\/revisions"}],"predecessor-version":[{"id":2536,"href":"https:\/\/fashubash.com\/fr\/wp-json\/wp\/v2\/posts\/2534\/revisions\/2536"}],"wp:featuredmedia":[{"embeddable":true,"href":"https:\/\/fashubash.com\/fr\/wp-json\/wp\/v2\/media\/2535"}],"wp:attachment":[{"href":"https:\/\/fashubash.com\/fr\/wp-json\/wp\/v2\/media?parent=2534"}],"wp:term":[{"taxonomy":"category","embeddable":true,"href":"https:\/\/fashubash.com\/fr\/wp-json\/wp\/v2\/categories?post=2534"},{"taxonomy":"post_tag","embeddable":true,"href":"https:\/\/fashubash.com\/fr\/wp-json\/wp\/v2\/tags?post=2534"}],"curies":[{"name":"wp","href":"https:\/\/api.w.org\/{rel}","templated":true}]}}