{"id":2565,"date":"2025-12-31T20:05:30","date_gmt":"2025-12-31T20:05:30","guid":{"rendered":"https:\/\/fashubash.com\/fr\/?p=2565"},"modified":"2025-12-31T20:05:30","modified_gmt":"2025-12-31T20:05:30","slug":"dominique-dutreix-fortune","status":"publish","type":"post","link":"https:\/\/fashubash.com\/fr\/dominique-dutreix-fortune\/","title":{"rendered":"Dominique Dutreix Fortune : parcours immobilier et patrimoine"},"content":{"rendered":"<p data-start=\"249\" data-end=\"575\">Dominique Dutreix est n\u00e9 le 1er mars 1950 \u00e0 Neuilly-sur-Seine, en France. Il a poursuivi des \u00e9tudes sup\u00e9rieures \u00e0 Paris, o\u00f9 il a obtenu un dipl\u00f4me d\u2019ing\u00e9nieur \u00e0 l\u2019\u00c9cole Sp\u00e9ciale des Travaux Publics (ESTP) en 1972, puis a \u00e9t\u00e9 dipl\u00f4m\u00e9 de l\u2019Institut Sup\u00e9rieur des Sciences \u00c9conomiques et Commerciales (ISSEC) en 1975.<\/p>\n<h3 data-start=\"582\" data-end=\"606\">D\u00e9but de carri\u00e8re<\/h3>\n<p data-start=\"608\" data-end=\"928\">Ing\u00e9nieur de formation, Dominique Dutreix d\u00e9bute sa carri\u00e8re dans le <strong data-start=\"677\" data-end=\"708\">secteur immobilier parisien<\/strong>. Apr\u00e8s avoir termin\u00e9 ses \u00e9tudes \u00e0 l\u2019ESTP (1972) puis \u00e0 l\u2019ISSEC (1975), il rejoint l\u2019<strong data-start=\"793\" data-end=\"837\">Union Fran\u00e7aise des Fermiers Immobiliers<\/strong> (filiale du <strong data-start=\"850\" data-end=\"869\">Cr\u00e9dit Lyonnais<\/strong>) en tant que <strong data-start=\"883\" data-end=\"904\">chef de programme<\/strong> entre <strong data-start=\"911\" data-end=\"927\">1972 et 1978<\/strong>.<\/p>\n<p data-start=\"930\" data-end=\"1206\">Il int\u00e8gre ensuite <strong data-start=\"949\" data-end=\"972\">Bouygues Immobilier<\/strong>, o\u00f9 il occupe le poste de <strong data-start=\"999\" data-end=\"1028\">Directeur G\u00e9n\u00e9ral Adjoint<\/strong> de <strong data-start=\"1032\" data-end=\"1047\">1978 \u00e0 1988<\/strong>.<br data-start=\"1048\" data-end=\"1051\" \/>Durant cette p\u00e9riode, il d\u00e9veloppe une solide expertise dans les <strong data-start=\"1116\" data-end=\"1154\">projets r\u00e9sidentiels et tertiaires<\/strong>, posant ainsi les bases de ses futures entreprises.<\/p>\n<h3>Dominique Dutreix<\/h3>\n<table style=\"width: 100%; border-collapse: collapse;\">\n<thead>\n<tr>\n<th style=\"border: 1px solid #ddd; padding: 10px; text-align: left;\">Cat\u00e9gorie<\/th>\n<th style=\"border: 1px solid #ddd; padding: 10px; text-align: left;\">Information v\u00e9rifi\u00e9e<\/th>\n<\/tr>\n<\/thead>\n<tbody>\n<tr>\n<td style=\"border: 1px solid #ddd; padding: 10px;\"><strong>Nom complet<\/strong><\/td>\n<td style=\"border: 1px solid #ddd; padding: 10px;\">Dominique Dutreix<\/td>\n<\/tr>\n<tr>\n<td style=\"border: 1px solid #ddd; padding: 10px;\"><strong>Date de naissance<\/strong><\/td>\n<td style=\"border: 1px solid #ddd; padding: 10px;\">1er mars 1950<\/td>\n<\/tr>\n<tr>\n<td style=\"border: 1px solid #ddd; padding: 10px;\"><strong>Lieu de naissance<\/strong><\/td>\n<td style=\"border: 1px solid #ddd; padding: 10px;\">Neuilly-sur-Seine, France<\/td>\n<\/tr>\n<tr>\n<td style=\"border: 1px solid #ddd; padding: 10px;\"><strong>Nationalit\u00e9<\/strong><\/td>\n<td style=\"border: 1px solid #ddd; padding: 10px;\">Fran\u00e7aise<\/td>\n<\/tr>\n<tr>\n<td style=\"border: 1px solid #ddd; padding: 10px;\"><strong>Fortune (patrimoine)<\/strong><\/td>\n<td style=\"border: 1px solid #ddd; padding: 10px;\">Aucun montant officiel ou public n\u2019est disponible en 2026.<\/td>\n<\/tr>\n<tr>\n<td style=\"border: 1px solid #ddd; padding: 10px;\"><strong>Source principale de revenus<\/strong><\/td>\n<td style=\"border: 1px solid #ddd; padding: 10px;\">Promotion immobili\u00e8re et d\u00e9tention d\u2019entreprises.<\/td>\n<\/tr>\n<tr>\n<td style=\"border: 1px solid #ddd; padding: 10px;\"><strong>Fondateur de Coffim<\/strong><\/td>\n<td style=\"border: 1px solid #ddd; padding: 10px;\">Groupe Coffim fond\u00e9 en 2001.<\/td>\n<\/tr>\n<tr>\n<td style=\"border: 1px solid #ddd; padding: 10px;\"><strong>Fonction actuelle<\/strong><\/td>\n<td style=\"border: 1px solid #ddd; padding: 10px;\">Pr\u00e9sident du Conseil de Surveillance de Coffim depuis 2022.<\/td>\n<\/tr>\n<tr>\n<td style=\"border: 1px solid #ddd; padding: 10px;\"><strong>Entreprise pr\u00e9c\u00e9dente<\/strong><\/td>\n<td style=\"border: 1px solid #ddd; padding: 10px;\">Fondateur et pr\u00e9sident de COPRIM (1988\u20132001).<\/td>\n<\/tr>\n<tr>\n<td style=\"border: 1px solid #ddd; padding: 10px;\"><strong>Projet culturel notable<\/strong><\/td>\n<td style=\"border: 1px solid #ddd; padding: 10px;\">Cofondateur de la Maison Gainsbourg (2023).<\/td>\n<\/tr>\n<\/tbody>\n<\/table>\n<h3 data-start=\"1213\" data-end=\"1259\">D\u00e9veloppement de carri\u00e8re et r\u00f4les cl\u00e9s<\/h3>\n<p data-start=\"1261\" data-end=\"1546\">En <strong data-start=\"1264\" data-end=\"1272\">1988<\/strong>, Dominique Dutreix quitte Bouygues Immobilier pour fonder <strong data-start=\"1331\" data-end=\"1341\">COPRIM<\/strong>, une soci\u00e9t\u00e9 ind\u00e9pendante de promotion immobili\u00e8re. En tant que <strong data-start=\"1408\" data-end=\"1443\">Pr\u00e9sident de COPRIM (1988\u20132001)<\/strong>, il dirige la construction d\u2019environ <strong data-start=\"1481\" data-end=\"1525\">200 immeubles r\u00e9sidentiels et de bureaux<\/strong> \u00e0 travers la France.<\/p>\n<p data-start=\"1548\" data-end=\"1836\">Sous sa direction, COPRIM devient un <strong data-start=\"1585\" data-end=\"1644\">acteur majeur de l\u2019immobilier r\u00e9sidentiel et commercial<\/strong>, acqu\u00e9rant une forte pr\u00e9sence sur le march\u00e9. Lorsque la branche immobili\u00e8re de la <strong data-start=\"1729\" data-end=\"1749\">Soci\u00e9t\u00e9 G\u00e9n\u00e9rale<\/strong> acquiert COPRIM en <strong data-start=\"1769\" data-end=\"1777\">2002<\/strong>, Dutreix se tourne vers un nouveau projet entrepreneurial.<\/p>\n<p data-start=\"1838\" data-end=\"2052\">En <strong data-start=\"1841\" data-end=\"1849\">2001<\/strong>, il fonde le <strong data-start=\"1863\" data-end=\"1880\">groupe Coffim<\/strong>, dont il devient <strong data-start=\"1898\" data-end=\"1929\">Pr\u00e9sident-Directeur G\u00e9n\u00e9ral<\/strong>. Au cours des deux d\u00e9cennies suivantes, Coffim \u00e9tend progressivement ses activit\u00e9s <strong data-start=\"2013\" data-end=\"2033\">au-del\u00e0 de Paris<\/strong>, vers les r\u00e9gions.<\/p>\n<ul>\n<li data-start=\"2056\" data-end=\"2134\">En <strong data-start=\"2059\" data-end=\"2067\">2016<\/strong>, ouverture d\u2019une agence en <strong data-start=\"2095\" data-end=\"2132\">Provence-Alpes-C\u00f4te d\u2019Azur (PACA)<\/strong><\/li>\n<li data-start=\"2137\" data-end=\"2209\">En <strong data-start=\"2140\" data-end=\"2148\">2022<\/strong>, ouverture d\u2019une agence en <strong data-start=\"2176\" data-end=\"2207\">Auvergne-Rh\u00f4ne-Alpes (AuRA)<\/strong><\/li>\n<\/ul>\n<p data-start=\"2211\" data-end=\"2346\">La m\u00eame ann\u00e9e, Coffim acquiert <strong data-start=\"2242\" data-end=\"2252\">Garona<\/strong>, un promoteur r\u00e9gional compl\u00e9mentaire, renfor\u00e7ant ainsi sa pr\u00e9sence dans le sud de la France.<\/p>\n<p data-start=\"2348\" data-end=\"2497\">Le portefeuille de Coffim comprend aujourd\u2019hui un large \u00e9ventail de <strong data-start=\"2416\" data-end=\"2443\">programmes r\u00e9sidentiels<\/strong>, de <strong data-start=\"2448\" data-end=\"2471\">logements \u00e9tudiants<\/strong> et de <strong data-start=\"2478\" data-end=\"2496\">projets mixtes<\/strong>.<\/p>\n<p data-start=\"2499\" data-end=\"2668\">De <strong data-start=\"2502\" data-end=\"2517\">2001 \u00e0 2022<\/strong>, Dominique Dutreix occupe simultan\u00e9ment les fonctions de <strong data-start=\"2575\" data-end=\"2609\">Pr\u00e9sident et Directeur G\u00e9n\u00e9ral<\/strong>, supervisant les grands projets et la strat\u00e9gie du groupe.<\/p>\n<p data-start=\"2670\" data-end=\"3003\">\u00c0 la mi-<strong data-start=\"2678\" data-end=\"2686\">2022<\/strong>, il adopte un r\u00f4le de supervision :<br data-start=\"2722\" data-end=\"2725\" \/>son fils <strong data-start=\"2734\" data-end=\"2754\">Thibault Dutreix<\/strong> est nomm\u00e9 <strong data-start=\"2765\" data-end=\"2792\">Pr\u00e9sident du Directoire<\/strong>, tandis que Dominique devient <strong data-start=\"2823\" data-end=\"2863\">Pr\u00e9sident du Conseil de Surveillance<\/strong>. Cette \u00e9volution marque une <strong data-start=\"2894\" data-end=\"2935\">transition g\u00e9n\u00e9rationnelle structur\u00e9e<\/strong>, tout en maintenant son influence strat\u00e9gique au niveau du conseil.<\/p>\n<h3 data-start=\"3010\" data-end=\"3038\">R\u00e9alisations majeures<\/h3>\n<p data-start=\"3040\" data-end=\"3341\">Dominique Dutreix est reconnu tant pour l\u2019ampleur de ses projets immobiliers que pour son <strong data-start=\"3130\" data-end=\"3180\">engagement en faveur de la culture et des arts<\/strong>. Il a conduit COPRIM \u00e0 la livraison de <strong data-start=\"3222\" data-end=\"3264\">pr\u00e8s de 200 immeubles de haute qualit\u00e9<\/strong> avant 2002, une performance notable dans le domaine du d\u00e9veloppement urbain.<\/p>\n<p data-start=\"3343\" data-end=\"3536\">Ses r\u00e9alisations sont salu\u00e9es pour leur capacit\u00e9 \u00e0 allier <strong data-start=\"3401\" data-end=\"3448\">fonctionnalit\u00e9 et esth\u00e9tique architecturale<\/strong>.<br data-start=\"3449\" data-end=\"3452\" \/>Parall\u00e8lement \u00e0 son activit\u00e9 commerciale, il s\u2019est impos\u00e9 comme un <strong data-start=\"3519\" data-end=\"3535\">m\u00e9c\u00e8ne actif<\/strong>.<\/p>\n<ul>\n<li data-start=\"3540\" data-end=\"3641\">En <strong data-start=\"3543\" data-end=\"3551\">1989<\/strong>, il fonde la <strong data-start=\"3565\" data-end=\"3598\">fondation d\u2019entreprise COPRIM<\/strong>, d\u00e9di\u00e9e au soutien de l\u2019art contemporain<\/li>\n<li data-start=\"3644\" data-end=\"3734\">De <strong data-start=\"3647\" data-end=\"3662\">2001 \u00e0 2006<\/strong>, il pr\u00e9side la <strong data-start=\"3678\" data-end=\"3698\">fondation Coffim<\/strong>, consacr\u00e9e aux artistes \u00e9mergents<\/li>\n<\/ul>\n<p data-start=\"3736\" data-end=\"3877\">En <strong data-start=\"3739\" data-end=\"3747\">1996<\/strong>, il re\u00e7oit l\u2019<strong data-start=\"3761\" data-end=\"3810\">Oscar du M\u00e9c\u00e9nat d\u2019Entreprise pour la Culture<\/strong>, r\u00e9compensant un engagement exceptionnel dans le soutien culturel.<\/p>\n<p data-start=\"3879\" data-end=\"4116\">Au-del\u00e0 des fondations, Dutreix int\u00e8gre l\u2019art au c\u0153ur de ses projets immobiliers. Il collectionne et expose des \u0153uvres modernes et contemporaines dans les bureaux de Coffim, contribuant \u00e0 <strong data-start=\"4067\" data-end=\"4115\">rendre la culture accessible au grand public<\/strong>.<\/p>\n<p data-start=\"4118\" data-end=\"4525\">Un projet embl\u00e9matique de cette d\u00e9marche est sa collaboration avec <strong data-start=\"4185\" data-end=\"4209\">Charlotte Gainsbourg<\/strong> pour l\u2019ouverture de la <strong data-start=\"4233\" data-end=\"4254\">Maison Gainsbourg<\/strong> \u00e0 Paris en <strong data-start=\"4266\" data-end=\"4274\">2023<\/strong>. Ce mus\u00e9e, install\u00e9 dans l\u2019ancienne demeure du chanteur Serge Gainsbourg, illustre la double passion de Dutreix pour <strong data-start=\"4394\" data-end=\"4424\">l\u2019immobilier et la culture<\/strong>. Son ouverture r\u00e9ussie au c\u0153ur de Paris est consid\u00e9r\u00e9e comme une <strong data-start=\"4490\" data-end=\"4524\">r\u00e9alisation culturelle majeure<\/strong>.<\/p>\n<h3 data-start=\"4532\" data-end=\"4561\">D\u00e9veloppements r\u00e9cents<\/h3>\n<p data-start=\"4563\" data-end=\"4701\">Ces derni\u00e8res ann\u00e9es, Dominique Dutreix s\u2019est davantage concentr\u00e9 sur la <strong data-start=\"4636\" data-end=\"4664\">gouvernance d\u2019entreprise<\/strong> et de nouveaux projets strat\u00e9giques.<\/p>\n<p data-start=\"4703\" data-end=\"4897\"><strong>En 2019, Coffim accueille un investisseur strat\u00e9gique :<\/strong><br data-start=\"4762\" data-end=\"4765\" \/>le fonds am\u00e9ricain <strong data-start=\"4784\" data-end=\"4803\">Oaktree Capital<\/strong> acquiert <strong data-start=\"4813\" data-end=\"4832\">30 % du capital<\/strong>, apportant des ressources pour soutenir la croissance du groupe.<\/p>\n<p data-start=\"4899\" data-end=\"5098\">Cet investissement pr\u00e9c\u00e8de la transition manag\u00e9riale de <strong data-start=\"4955\" data-end=\"4963\">2022<\/strong>, au cours de laquelle <strong data-start=\"4986\" data-end=\"5006\">Thibault Dutreix<\/strong> prend la direction op\u00e9rationnelle, tandis que Dominique rejoint le Conseil de Surveillance.<\/p>\n<p data-start=\"5100\" data-end=\"5340\">Tout au long de <strong data-start=\"5116\" data-end=\"5132\">2023 et 2024<\/strong>, Dutreix demeure actif \u00e0 la fois dans l\u2019immobilier et la culture.<br data-start=\"5198\" data-end=\"5201\" \/>Il continue d\u2019exercer ses fonctions de <strong data-start=\"5240\" data-end=\"5290\">Pr\u00e9sident du Conseil de Surveillance de Coffim<\/strong>, supervisant l\u2019orientation strat\u00e9gique du groupe.<\/p>\n<p data-start=\"5342\" data-end=\"5547\">En parall\u00e8le, la <strong data-start=\"5359\" data-end=\"5380\">Maison Gainsbourg<\/strong> conna\u00eet un fort succ\u00e8s public. Son ouverture en <strong data-start=\"5429\" data-end=\"5447\">septembre 2023<\/strong> attire des milliers de visiteurs, confirmant son impact sur la pr\u00e9servation du patrimoine culturel.<\/p>\n<p data-start=\"5549\" data-end=\"5725\">Fin <strong data-start=\"5553\" data-end=\"5561\">2024<\/strong>, la presse indique toutefois que la soci\u00e9t\u00e9 exploitant le mus\u00e9e fait l\u2019objet d\u2019une <strong data-start=\"5645\" data-end=\"5675\">restructuration financi\u00e8re<\/strong> dans le cadre de proc\u00e9dures judiciaires en cours.<\/p>\n<p data-start=\"5727\" data-end=\"6116\">Malgr\u00e9 ces d\u00e9veloppements, la place de Dominique Dutreix comme <strong data-start=\"5790\" data-end=\"5833\">promoteur immobilier et m\u00e9c\u00e8ne culturel<\/strong> est solidement \u00e9tablie par plusieurs d\u00e9cennies de projets et de leadership. Sa long\u00e9vit\u00e9 chez Coffim et son engagement constant dans des initiatives culturelles majeures t\u00e9moignent d\u2019une carri\u00e8re marqu\u00e9e par la <strong data-start=\"6045\" data-end=\"6115\">croissance durable, le leadership sectoriel et le soutien aux arts<\/strong>.<\/p>\n<h2 data-start=\"6123\" data-end=\"6158\">Fortune de Dominique Dutreix<\/h2>\n<p data-start=\"6160\" data-end=\"6366\">En <strong data-start=\"6163\" data-end=\"6171\">2026<\/strong>, aucune source fiable n\u2019a publi\u00e9 d\u2019estimation pr\u00e9cise de la <strong data-start=\"6232\" data-end=\"6276\">fortune personnelle de Dominique Dutreix<\/strong>.<br data-start=\"6277\" data-end=\"6280\" \/>Il est un <strong data-start=\"6290\" data-end=\"6323\">promoteur immobilier fran\u00e7ais<\/strong>, entrepreneur et <strong data-start=\"6341\" data-end=\"6365\">collectionneur d\u2019art<\/strong>.<\/p>\n<p data-start=\"6368\" data-end=\"6574\">Fondateur du <strong data-start=\"6381\" data-end=\"6409\">groupe immobilier Coffim<\/strong>, cr\u00e9\u00e9 en <strong data-start=\"6419\" data-end=\"6427\">1988<\/strong>, il en pr\u00e9side aujourd\u2019hui le <strong data-start=\"6458\" data-end=\"6485\">Conseil de Surveillance<\/strong>. Coffim est devenu un <strong data-start=\"6508\" data-end=\"6535\">acteur national reconnu<\/strong> du d\u00e9veloppement immobilier en France.<\/p>\n<p data-start=\"6576\" data-end=\"6702\">En <strong data-start=\"6579\" data-end=\"6587\">2023<\/strong>, il s\u2019est associ\u00e9 \u00e0 la chanteuse <strong data-start=\"6621\" data-end=\"6645\">Charlotte Gainsbourg<\/strong> pour l\u2019ouverture du mus\u00e9e <strong data-start=\"6672\" data-end=\"6693\">Maison Gainsbourg<\/strong> \u00e0 Paris. Sa richesse provient principalement de ses <strong data-start=\"6747\" data-end=\"6785\">activit\u00e9s de promotion immobili\u00e8re<\/strong> ainsi que de ses <strong data-start=\"6803\" data-end=\"6841\">investissements culturels associ\u00e9s<\/strong>.<\/p>\n","protected":false},"excerpt":{"rendered":"<p>Dominique Dutreix est n\u00e9 le 1er mars 1950 \u00e0 Neuilly-sur-Seine, en France. Il a poursuivi des \u00e9tudes sup\u00e9rieures \u00e0 Paris, o\u00f9 il a obtenu un dipl\u00f4me d\u2019ing\u00e9nieur \u00e0 l\u2019\u00c9cole Sp\u00e9ciale des Travaux Publics (ESTP) en 1972, puis a \u00e9t\u00e9 dipl\u00f4m\u00e9 de l\u2019Institut Sup\u00e9rieur des Sciences \u00c9conomiques et Commerciales (ISSEC) en 1975. D\u00e9but de carri\u00e8re Ing\u00e9nieur &hellip;<\/p>\n","protected":false},"author":4,"featured_media":2566,"comment_status":"open","ping_status":"open","sticky":false,"template":"","format":"standard","meta":{"footnotes":""},"categories":[54],"tags":[],"class_list":["post-2565","post","type-post","status-publish","format-standard","has-post-thumbnail","hentry","category-promoteur-immobilier"],"yoast_head":"<!-- This site is optimized with the Yoast SEO plugin v27.2 - https:\/\/yoast.com\/product\/yoast-seo-wordpress\/ -->\n<title>Dominique Dutreix Fortune : parcours immobilier et patrimoine<\/title>\n<meta name=\"description\" content=\"La fortune de Dominique Dutreix expliqu\u00e9e \u00e0 partir de faits v\u00e9rifi\u00e9s, de son parcours professionnel, de ses activit\u00e9s et de ce qui est,\" \/>\n<meta name=\"robots\" content=\"index, follow, max-snippet:-1, max-image-preview:large, max-video-preview:-1\" \/>\n<link rel=\"canonical\" href=\"https:\/\/fashubash.com\/fr\/dominique-dutreix-fortune\/\" \/>\n<meta property=\"og:locale\" content=\"fr_FR\" \/>\n<meta property=\"og:type\" content=\"article\" \/>\n<meta property=\"og:title\" content=\"Dominique Dutreix Fortune : parcours immobilier et patrimoine\" \/>\n<meta property=\"og:description\" content=\"La fortune de Dominique Dutreix expliqu\u00e9e \u00e0 partir de faits v\u00e9rifi\u00e9s, de son parcours professionnel, de ses activit\u00e9s et de ce qui est,\" \/>\n<meta property=\"og:url\" content=\"https:\/\/fashubash.com\/fr\/dominique-dutreix-fortune\/\" \/>\n<meta property=\"og:site_name\" content=\"FashuBash\" \/>\n<meta property=\"article:published_time\" content=\"2025-12-31T20:05:30+00:00\" \/>\n<meta property=\"og:image\" content=\"https:\/\/fashubash.com\/fr\/wp-content\/uploads\/2025\/12\/Dominique-Dutreix-Fortune-parcours-immobilier-et-patrimoine.jpg\" \/>\n\t<meta property=\"og:image:width\" content=\"870\" \/>\n\t<meta property=\"og:image:height\" content=\"490\" \/>\n\t<meta property=\"og:image:type\" content=\"image\/jpeg\" \/>\n<meta name=\"author\" content=\"Alex C\" \/>\n<meta name=\"twitter:card\" content=\"summary_large_image\" \/>\n<meta name=\"twitter:label1\" content=\"\u00c9crit par\" \/>\n\t<meta name=\"twitter:data1\" content=\"Alex C\" \/>\n\t<meta name=\"twitter:label2\" content=\"Dur\u00e9e de lecture estim\u00e9e\" \/>\n\t<meta name=\"twitter:data2\" content=\"6 minutes\" \/>\n<script type=\"application\/ld+json\" class=\"yoast-schema-graph\">{\"@context\":\"https:\/\/schema.org\",\"@graph\":[{\"@type\":\"Article\",\"@id\":\"https:\/\/fashubash.com\/fr\/dominique-dutreix-fortune\/#article\",\"isPartOf\":{\"@id\":\"https:\/\/fashubash.com\/fr\/dominique-dutreix-fortune\/\"},\"author\":{\"name\":\"Alex C\",\"@id\":\"https:\/\/fashubash.com\/fr\/#\/schema\/person\/8ff2ec71248c40fea373970020877682\"},\"headline\":\"Dominique Dutreix Fortune : parcours immobilier et patrimoine\",\"datePublished\":\"2025-12-31T20:05:30+00:00\",\"mainEntityOfPage\":{\"@id\":\"https:\/\/fashubash.com\/fr\/dominique-dutreix-fortune\/\"},\"wordCount\":1099,\"commentCount\":0,\"image\":{\"@id\":\"https:\/\/fashubash.com\/fr\/dominique-dutreix-fortune\/#primaryimage\"},\"thumbnailUrl\":\"https:\/\/fashubash.com\/fr\/wp-content\/uploads\/2025\/12\/Dominique-Dutreix-Fortune-parcours-immobilier-et-patrimoine.jpg\",\"articleSection\":[\"Promoteur immobilier\"],\"inLanguage\":\"fr-FR\",\"potentialAction\":[{\"@type\":\"CommentAction\",\"name\":\"Comment\",\"target\":[\"https:\/\/fashubash.com\/fr\/dominique-dutreix-fortune\/#respond\"]}]},{\"@type\":\"WebPage\",\"@id\":\"https:\/\/fashubash.com\/fr\/dominique-dutreix-fortune\/\",\"url\":\"https:\/\/fashubash.com\/fr\/dominique-dutreix-fortune\/\",\"name\":\"Dominique Dutreix Fortune : parcours immobilier et patrimoine\",\"isPartOf\":{\"@id\":\"https:\/\/fashubash.com\/fr\/#website\"},\"primaryImageOfPage\":{\"@id\":\"https:\/\/fashubash.com\/fr\/dominique-dutreix-fortune\/#primaryimage\"},\"image\":{\"@id\":\"https:\/\/fashubash.com\/fr\/dominique-dutreix-fortune\/#primaryimage\"},\"thumbnailUrl\":\"https:\/\/fashubash.com\/fr\/wp-content\/uploads\/2025\/12\/Dominique-Dutreix-Fortune-parcours-immobilier-et-patrimoine.jpg\",\"datePublished\":\"2025-12-31T20:05:30+00:00\",\"author\":{\"@id\":\"https:\/\/fashubash.com\/fr\/#\/schema\/person\/8ff2ec71248c40fea373970020877682\"},\"description\":\"La fortune de Dominique Dutreix expliqu\u00e9e \u00e0 partir de faits v\u00e9rifi\u00e9s, de son parcours professionnel, de ses activit\u00e9s et de ce qui est,\",\"breadcrumb\":{\"@id\":\"https:\/\/fashubash.com\/fr\/dominique-dutreix-fortune\/#breadcrumb\"},\"inLanguage\":\"fr-FR\",\"potentialAction\":[{\"@type\":\"ReadAction\",\"target\":[\"https:\/\/fashubash.com\/fr\/dominique-dutreix-fortune\/\"]}]},{\"@type\":\"ImageObject\",\"inLanguage\":\"fr-FR\",\"@id\":\"https:\/\/fashubash.com\/fr\/dominique-dutreix-fortune\/#primaryimage\",\"url\":\"https:\/\/fashubash.com\/fr\/wp-content\/uploads\/2025\/12\/Dominique-Dutreix-Fortune-parcours-immobilier-et-patrimoine.jpg\",\"contentUrl\":\"https:\/\/fashubash.com\/fr\/wp-content\/uploads\/2025\/12\/Dominique-Dutreix-Fortune-parcours-immobilier-et-patrimoine.jpg\",\"width\":870,\"height\":490,\"caption\":\"Dominique Dutreix Fortune\"},{\"@type\":\"BreadcrumbList\",\"@id\":\"https:\/\/fashubash.com\/fr\/dominique-dutreix-fortune\/#breadcrumb\",\"itemListElement\":[{\"@type\":\"ListItem\",\"position\":1,\"name\":\"Accueil\",\"item\":\"https:\/\/fashubash.com\/fr\/\"},{\"@type\":\"ListItem\",\"position\":2,\"name\":\"Dominique Dutreix Fortune : parcours immobilier et patrimoine\"}]},{\"@type\":\"WebSite\",\"@id\":\"https:\/\/fashubash.com\/fr\/#website\",\"url\":\"https:\/\/fashubash.com\/fr\/\",\"name\":\"FashuBash\",\"description\":\"Estime Fortune\",\"potentialAction\":[{\"@type\":\"SearchAction\",\"target\":{\"@type\":\"EntryPoint\",\"urlTemplate\":\"https:\/\/fashubash.com\/fr\/?s={search_term_string}\"},\"query-input\":{\"@type\":\"PropertyValueSpecification\",\"valueRequired\":true,\"valueName\":\"search_term_string\"}}],\"inLanguage\":\"fr-FR\"},{\"@type\":\"Person\",\"@id\":\"https:\/\/fashubash.com\/fr\/#\/schema\/person\/8ff2ec71248c40fea373970020877682\",\"name\":\"Alex C\",\"image\":{\"@type\":\"ImageObject\",\"inLanguage\":\"fr-FR\",\"@id\":\"https:\/\/secure.gravatar.com\/avatar\/4171ee932dff73cb47d6416e67667dcab1f489bd31739fbb405732d7d700ea3d?s=96&d=mm&r=g\",\"url\":\"https:\/\/secure.gravatar.com\/avatar\/4171ee932dff73cb47d6416e67667dcab1f489bd31739fbb405732d7d700ea3d?s=96&d=mm&r=g\",\"contentUrl\":\"https:\/\/secure.gravatar.com\/avatar\/4171ee932dff73cb47d6416e67667dcab1f489bd31739fbb405732d7d700ea3d?s=96&d=mm&r=g\",\"caption\":\"Alex C\"},\"sameAs\":[\"https:\/\/fashubash.com\/fr\/\"],\"url\":\"https:\/\/fashubash.com\/fr\/author\/alexander-c22\/\"}]}<\/script>\n<!-- \/ Yoast SEO plugin. -->","yoast_head_json":{"title":"Dominique Dutreix Fortune : parcours immobilier et patrimoine","description":"La fortune de Dominique Dutreix expliqu\u00e9e \u00e0 partir de faits v\u00e9rifi\u00e9s, de son parcours professionnel, de ses activit\u00e9s et de ce qui est,","robots":{"index":"index","follow":"follow","max-snippet":"max-snippet:-1","max-image-preview":"max-image-preview:large","max-video-preview":"max-video-preview:-1"},"canonical":"https:\/\/fashubash.com\/fr\/dominique-dutreix-fortune\/","og_locale":"fr_FR","og_type":"article","og_title":"Dominique Dutreix Fortune : parcours immobilier et patrimoine","og_description":"La fortune de Dominique Dutreix expliqu\u00e9e \u00e0 partir de faits v\u00e9rifi\u00e9s, de son parcours professionnel, de ses activit\u00e9s et de ce qui est,","og_url":"https:\/\/fashubash.com\/fr\/dominique-dutreix-fortune\/","og_site_name":"FashuBash","article_published_time":"2025-12-31T20:05:30+00:00","og_image":[{"width":870,"height":490,"url":"https:\/\/fashubash.com\/fr\/wp-content\/uploads\/2025\/12\/Dominique-Dutreix-Fortune-parcours-immobilier-et-patrimoine.jpg","type":"image\/jpeg"}],"author":"Alex C","twitter_card":"summary_large_image","twitter_misc":{"\u00c9crit par":"Alex C","Dur\u00e9e de lecture estim\u00e9e":"6 minutes"},"schema":{"@context":"https:\/\/schema.org","@graph":[{"@type":"Article","@id":"https:\/\/fashubash.com\/fr\/dominique-dutreix-fortune\/#article","isPartOf":{"@id":"https:\/\/fashubash.com\/fr\/dominique-dutreix-fortune\/"},"author":{"name":"Alex C","@id":"https:\/\/fashubash.com\/fr\/#\/schema\/person\/8ff2ec71248c40fea373970020877682"},"headline":"Dominique Dutreix Fortune : parcours immobilier et patrimoine","datePublished":"2025-12-31T20:05:30+00:00","mainEntityOfPage":{"@id":"https:\/\/fashubash.com\/fr\/dominique-dutreix-fortune\/"},"wordCount":1099,"commentCount":0,"image":{"@id":"https:\/\/fashubash.com\/fr\/dominique-dutreix-fortune\/#primaryimage"},"thumbnailUrl":"https:\/\/fashubash.com\/fr\/wp-content\/uploads\/2025\/12\/Dominique-Dutreix-Fortune-parcours-immobilier-et-patrimoine.jpg","articleSection":["Promoteur immobilier"],"inLanguage":"fr-FR","potentialAction":[{"@type":"CommentAction","name":"Comment","target":["https:\/\/fashubash.com\/fr\/dominique-dutreix-fortune\/#respond"]}]},{"@type":"WebPage","@id":"https:\/\/fashubash.com\/fr\/dominique-dutreix-fortune\/","url":"https:\/\/fashubash.com\/fr\/dominique-dutreix-fortune\/","name":"Dominique Dutreix Fortune : parcours immobilier et patrimoine","isPartOf":{"@id":"https:\/\/fashubash.com\/fr\/#website"},"primaryImageOfPage":{"@id":"https:\/\/fashubash.com\/fr\/dominique-dutreix-fortune\/#primaryimage"},"image":{"@id":"https:\/\/fashubash.com\/fr\/dominique-dutreix-fortune\/#primaryimage"},"thumbnailUrl":"https:\/\/fashubash.com\/fr\/wp-content\/uploads\/2025\/12\/Dominique-Dutreix-Fortune-parcours-immobilier-et-patrimoine.jpg","datePublished":"2025-12-31T20:05:30+00:00","author":{"@id":"https:\/\/fashubash.com\/fr\/#\/schema\/person\/8ff2ec71248c40fea373970020877682"},"description":"La fortune de Dominique Dutreix expliqu\u00e9e \u00e0 partir de faits v\u00e9rifi\u00e9s, de son parcours professionnel, de ses activit\u00e9s et de ce qui est,","breadcrumb":{"@id":"https:\/\/fashubash.com\/fr\/dominique-dutreix-fortune\/#breadcrumb"},"inLanguage":"fr-FR","potentialAction":[{"@type":"ReadAction","target":["https:\/\/fashubash.com\/fr\/dominique-dutreix-fortune\/"]}]},{"@type":"ImageObject","inLanguage":"fr-FR","@id":"https:\/\/fashubash.com\/fr\/dominique-dutreix-fortune\/#primaryimage","url":"https:\/\/fashubash.com\/fr\/wp-content\/uploads\/2025\/12\/Dominique-Dutreix-Fortune-parcours-immobilier-et-patrimoine.jpg","contentUrl":"https:\/\/fashubash.com\/fr\/wp-content\/uploads\/2025\/12\/Dominique-Dutreix-Fortune-parcours-immobilier-et-patrimoine.jpg","width":870,"height":490,"caption":"Dominique Dutreix Fortune"},{"@type":"BreadcrumbList","@id":"https:\/\/fashubash.com\/fr\/dominique-dutreix-fortune\/#breadcrumb","itemListElement":[{"@type":"ListItem","position":1,"name":"Accueil","item":"https:\/\/fashubash.com\/fr\/"},{"@type":"ListItem","position":2,"name":"Dominique Dutreix Fortune : parcours immobilier et patrimoine"}]},{"@type":"WebSite","@id":"https:\/\/fashubash.com\/fr\/#website","url":"https:\/\/fashubash.com\/fr\/","name":"FashuBash","description":"Estime Fortune","potentialAction":[{"@type":"SearchAction","target":{"@type":"EntryPoint","urlTemplate":"https:\/\/fashubash.com\/fr\/?s={search_term_string}"},"query-input":{"@type":"PropertyValueSpecification","valueRequired":true,"valueName":"search_term_string"}}],"inLanguage":"fr-FR"},{"@type":"Person","@id":"https:\/\/fashubash.com\/fr\/#\/schema\/person\/8ff2ec71248c40fea373970020877682","name":"Alex C","image":{"@type":"ImageObject","inLanguage":"fr-FR","@id":"https:\/\/secure.gravatar.com\/avatar\/4171ee932dff73cb47d6416e67667dcab1f489bd31739fbb405732d7d700ea3d?s=96&d=mm&r=g","url":"https:\/\/secure.gravatar.com\/avatar\/4171ee932dff73cb47d6416e67667dcab1f489bd31739fbb405732d7d700ea3d?s=96&d=mm&r=g","contentUrl":"https:\/\/secure.gravatar.com\/avatar\/4171ee932dff73cb47d6416e67667dcab1f489bd31739fbb405732d7d700ea3d?s=96&d=mm&r=g","caption":"Alex C"},"sameAs":["https:\/\/fashubash.com\/fr\/"],"url":"https:\/\/fashubash.com\/fr\/author\/alexander-c22\/"}]}},"_links":{"self":[{"href":"https:\/\/fashubash.com\/fr\/wp-json\/wp\/v2\/posts\/2565","targetHints":{"allow":["GET"]}}],"collection":[{"href":"https:\/\/fashubash.com\/fr\/wp-json\/wp\/v2\/posts"}],"about":[{"href":"https:\/\/fashubash.com\/fr\/wp-json\/wp\/v2\/types\/post"}],"author":[{"embeddable":true,"href":"https:\/\/fashubash.com\/fr\/wp-json\/wp\/v2\/users\/4"}],"replies":[{"embeddable":true,"href":"https:\/\/fashubash.com\/fr\/wp-json\/wp\/v2\/comments?post=2565"}],"version-history":[{"count":1,"href":"https:\/\/fashubash.com\/fr\/wp-json\/wp\/v2\/posts\/2565\/revisions"}],"predecessor-version":[{"id":2567,"href":"https:\/\/fashubash.com\/fr\/wp-json\/wp\/v2\/posts\/2565\/revisions\/2567"}],"wp:featuredmedia":[{"embeddable":true,"href":"https:\/\/fashubash.com\/fr\/wp-json\/wp\/v2\/media\/2566"}],"wp:attachment":[{"href":"https:\/\/fashubash.com\/fr\/wp-json\/wp\/v2\/media?parent=2565"}],"wp:term":[{"taxonomy":"category","embeddable":true,"href":"https:\/\/fashubash.com\/fr\/wp-json\/wp\/v2\/categories?post=2565"},{"taxonomy":"post_tag","embeddable":true,"href":"https:\/\/fashubash.com\/fr\/wp-json\/wp\/v2\/tags?post=2565"}],"curies":[{"name":"wp","href":"https:\/\/api.w.org\/{rel}","templated":true}]}}