{"id":2573,"date":"2026-01-02T21:15:09","date_gmt":"2026-01-02T21:15:09","guid":{"rendered":"https:\/\/fashubash.com\/fr\/?p=2573"},"modified":"2026-01-02T21:15:09","modified_gmt":"2026-01-02T21:15:09","slug":"adriana-karembeu-fortune","status":"publish","type":"post","link":"https:\/\/fashubash.com\/fr\/adriana-karembeu-fortune\/","title":{"rendered":"Adriana Karembeu Fortune : du mannequinat au business"},"content":{"rendered":"<p data-start=\"18\" data-end=\"328\">Adriana Sklena\u0159\u00edkov\u00e1 (connue sous le nom d\u2019Adriana Karembeu) est n\u00e9e le 17 septembre 1971 \u00e0 Brezno, alors en Tch\u00e9coslovaquie. Sa m\u00e8re, <strong data-start=\"169\" data-end=\"196\">Zlatica (n\u00e9e Gazdikov\u00e1)<\/strong>, est slovaque et exer\u00e7ait la profession de <strong data-start=\"240\" data-end=\"251\">m\u00e9decin<\/strong>, tandis que son p\u00e8re, <strong data-start=\"274\" data-end=\"296\">Miroslav Sklena\u0159\u00edk<\/strong>, \u00e9tait <strong data-start=\"304\" data-end=\"325\">ing\u00e9nieur tch\u00e8que<\/strong>.<\/p>\n<p data-start=\"330\" data-end=\"550\">Adriana a une s\u0153ur cadette, <strong data-start=\"358\" data-end=\"369\">Natalia<\/strong>, devenue <strong data-start=\"379\" data-end=\"398\">avocate \u00e0 Paris<\/strong>. Ses parents \u00e9tant encore \u00e9tudiants \u00e0 sa naissance, Adriana a \u00e9t\u00e9 \u00e9lev\u00e9e par ses <strong data-start=\"480\" data-end=\"511\">grands-parents en Slovaquie<\/strong> jusqu\u2019\u00e0 l\u2019\u00e2ge d\u2019environ <strong data-start=\"536\" data-end=\"547\">six ans<\/strong>.<\/p>\n<p data-start=\"552\" data-end=\"989\">En <strong data-start=\"555\" data-end=\"563\">1989<\/strong>, elle termine ses \u00e9tudes secondaires au <strong data-start=\"604\" data-end=\"637\">gymnase Jozef Gregor Tajovsk\u00fd<\/strong> \u00e0 <strong data-start=\"640\" data-end=\"659\">Bansk\u00e1 Bystrica<\/strong>. Suivant l\u2019exemple de sa m\u00e8re, elle s\u2019inscrit ensuite \u00e0 la <strong data-start=\"719\" data-end=\"775\">Facult\u00e9 de m\u00e9decine de l\u2019Universit\u00e9 Charles \u00e0 Prague<\/strong>.<br data-start=\"776\" data-end=\"779\" \/><em data-start=\"779\" data-end=\"861\">(Elle aspirait depuis longtemps \u00e0 une carri\u00e8re m\u00e9dicale, sa m\u00e8re \u00e9tant m\u00e9decin.)<\/em><br data-start=\"861\" data-end=\"864\" \/>Cette p\u00e9riode marque la fin de sa formation acad\u00e9mique, puisqu\u2019elle quitte l\u2019universit\u00e9 <strong data-start=\"952\" data-end=\"988\">avant l\u2019obtention de son dipl\u00f4me<\/strong>.<\/p>\n<h3>Faits cl\u00e9s sur Adriana Karembeu<\/h3>\n<table style=\"width: 100%; border-collapse: collapse;\">\n<thead>\n<tr>\n<th style=\"border: 1px solid #ddd; padding: 10px; text-align: left;\">\u00c9l\u00e9ment important<\/th>\n<th style=\"border: 1px solid #ddd; padding: 10px; text-align: left;\">Informations v\u00e9rifi\u00e9es et utiles<\/th>\n<\/tr>\n<\/thead>\n<tbody>\n<tr>\n<td style=\"border: 1px solid #ddd; padding: 10px;\">Fortune estim\u00e9e (2026)<\/td>\n<td style=\"border: 1px solid #ddd; padding: 10px;\">Estim\u00e9e entre <strong>5 et 25 millions de dollars<\/strong>.<\/td>\n<\/tr>\n<tr>\n<td style=\"border: 1px solid #ddd; padding: 10px;\">Source principale de revenus<\/td>\n<td style=\"border: 1px solid #ddd; padding: 10px;\"><strong>Contrats de mannequinat internationaux<\/strong>.<\/td>\n<\/tr>\n<tr>\n<td style=\"border: 1px solid #ddd; padding: 10px;\">Campagne d\u00e9cisive<\/td>\n<td style=\"border: 1px solid #ddd; padding: 10px;\">Notori\u00e9t\u00e9 mondiale gr\u00e2ce \u00e0 <strong>Wonderbra (1998)<\/strong>.<\/td>\n<\/tr>\n<tr>\n<td style=\"border: 1px solid #ddd; padding: 10px;\">Carri\u00e8re t\u00e9l\u00e9vis\u00e9e<\/td>\n<td style=\"border: 1px solid #ddd; padding: 10px;\">Animatrice et participante sur les <strong>cha\u00eenes fran\u00e7aises majeures<\/strong>.<\/td>\n<\/tr>\n<tr>\n<td style=\"border: 1px solid #ddd; padding: 10px;\">Activit\u00e9s entrepreneuriales<\/td>\n<td style=\"border: 1px solid #ddd; padding: 10px;\">Cofondatrice de <strong>AKD<\/strong> (cosm\u00e9tiques et spas).<\/td>\n<\/tr>\n<tr>\n<td style=\"border: 1px solid #ddd; padding: 10px;\">Investissements h\u00f4teliers<\/td>\n<td style=\"border: 1px solid #ddd; padding: 10px;\">Co-propri\u00e9taire du <strong>Palais Ronsard<\/strong> \u00e0 Marrakech.<\/td>\n<\/tr>\n<tr>\n<td style=\"border: 1px solid #ddd; padding: 10px;\">Pr\u00e9sence internationale<\/td>\n<td style=\"border: 1px solid #ddd; padding: 10px;\">Carri\u00e8re men\u00e9e en <strong>Europe, aux \u00c9tats-Unis et au Maroc<\/strong>.<\/td>\n<\/tr>\n<tr>\n<td style=\"border: 1px solid #ddd; padding: 10px;\">Long\u00e9vit\u00e9 professionnelle<\/td>\n<td style=\"border: 1px solid #ddd; padding: 10px;\">Transition du mannequinat vers les <strong>m\u00e9dias et le business<\/strong>.<\/td>\n<\/tr>\n<tr>\n<td style=\"border: 1px solid #ddd; padding: 10px;\">Engagement humanitaire<\/td>\n<td style=\"border: 1px solid #ddd; padding: 10px;\">Ambassadrice de la <strong>Croix-Rouge fran\u00e7aise<\/strong> depuis 2000.<\/td>\n<\/tr>\n<tr>\n<td style=\"border: 1px solid #ddd; padding: 10px;\">Reconnaissance publique<\/td>\n<td style=\"border: 1px solid #ddd; padding: 10px;\">D\u00e9tentrice d\u2019un <strong>record du monde Guinness<\/strong>.<\/td>\n<\/tr>\n<\/tbody>\n<\/table>\n<blockquote class=\"instagram-media\" style=\"background: #FFF; border: 0; border-radius: 3px; box-shadow: 0 0 1px 0 rgba(0,0,0,0.5),0 1px 10px 0 rgba(0,0,0,0.15); margin: 1px; max-width: 540px; min-width: 326px; padding: 0; width: calc(100% - 2px);\" data-instgrm-permalink=\"https:\/\/www.instagram.com\/p\/DKEkTCkM_1U\/?utm_source=ig_embed&amp;utm_campaign=loading\" data-instgrm-version=\"14\">\n<div style=\"padding: 16px;\">\n<p>&nbsp;<\/p>\n<div style=\"display: flex; flex-direction: row; align-items: center;\">\n<div style=\"background-color: #f4f4f4; border-radius: 50%; flex-grow: 0; height: 40px; margin-right: 14px; width: 40px;\"><\/div>\n<div style=\"display: flex; flex-direction: column; flex-grow: 1; justify-content: center;\">\n<div style=\"background-color: #f4f4f4; border-radius: 4px; flex-grow: 0; height: 14px; margin-bottom: 6px; width: 100px;\"><\/div>\n<div style=\"background-color: #f4f4f4; border-radius: 4px; flex-grow: 0; height: 14px; width: 60px;\"><\/div>\n<\/div>\n<\/div>\n<div style=\"padding: 19% 0;\"><\/div>\n<div style=\"display: block; height: 50px; margin: 0 auto 12px; width: 50px;\"><\/div>\n<div style=\"padding-top: 8px;\">\n<div style=\"color: #3897f0; font-family: Arial,sans-serif; font-size: 14px; font-style: normal; font-weight: 550; line-height: 18px;\">View this post on Instagram<\/div>\n<\/div>\n<div style=\"padding: 12.5% 0;\"><\/div>\n<div style=\"display: flex; flex-direction: row; margin-bottom: 14px; align-items: center;\">\n<div>\n<div style=\"background-color: #f4f4f4; border-radius: 50%; height: 12.5px; width: 12.5px; transform: translateX(0px) translateY(7px);\"><\/div>\n<div style=\"background-color: #f4f4f4; height: 12.5px; transform: rotate(-45deg) translateX(3px) translateY(1px); width: 12.5px; flex-grow: 0; margin-right: 14px; margin-left: 2px;\"><\/div>\n<div style=\"background-color: #f4f4f4; border-radius: 50%; height: 12.5px; width: 12.5px; transform: translateX(9px) translateY(-18px);\"><\/div>\n<\/div>\n<div style=\"margin-left: 8px;\">\n<div style=\"background-color: #f4f4f4; border-radius: 50%; flex-grow: 0; height: 20px; width: 20px;\"><\/div>\n<div style=\"width: 0; height: 0; border-top: 2px solid transparent; border-left: 6px solid #f4f4f4; border-bottom: 2px solid transparent; transform: translateX(16px) translateY(-4px) rotate(30deg);\"><\/div>\n<\/div>\n<div style=\"margin-left: auto;\">\n<div style=\"width: 0px; border-top: 8px solid #F4F4F4; border-right: 8px solid transparent; transform: translateY(16px);\"><\/div>\n<div style=\"background-color: #f4f4f4; flex-grow: 0; height: 12px; width: 16px; transform: translateY(-4px);\"><\/div>\n<div style=\"width: 0; height: 0; border-top: 8px solid #F4F4F4; border-left: 8px solid transparent; transform: translateY(-4px) translateX(8px);\"><\/div>\n<\/div>\n<\/div>\n<div style=\"display: flex; flex-direction: column; flex-grow: 1; justify-content: center; margin-bottom: 24px;\">\n<div style=\"background-color: #f4f4f4; border-radius: 4px; flex-grow: 0; height: 14px; margin-bottom: 6px; width: 224px;\"><\/div>\n<div style=\"background-color: #f4f4f4; border-radius: 4px; flex-grow: 0; height: 14px; width: 144px;\"><\/div>\n<\/div>\n<p>&nbsp;<\/p>\n<p style=\"color: #c9c8cd; font-family: Arial,sans-serif; font-size: 14px; line-height: 17px; margin-bottom: 0; margin-top: 8px; overflow: hidden; padding: 8px 0 7px; text-align: center; text-overflow: ellipsis; white-space: nowrap;\"><a style=\"color: #c9c8cd; font-family: Arial,sans-serif; font-size: 14px; font-style: normal; font-weight: normal; line-height: 17px; text-decoration: none;\" href=\"https:\/\/www.instagram.com\/p\/DKEkTCkM_1U\/?utm_source=ig_embed&amp;utm_campaign=loading\" target=\"_blank\" rel=\"noopener\">A post shared by Adriana Ohanian Sklenarikova (@adrianakarembeusklenarikova)<\/a><\/p>\n<\/div>\n<\/blockquote>\n<p><script async src=\"\/\/www.instagram.com\/embed.js\"><\/script><\/p>\n<h3 data-start=\"996\" data-end=\"1022\">D\u00e9buts de carri\u00e8re<\/h3>\n<p data-start=\"1024\" data-end=\"1230\">Adriana Karembeu d\u00e9bute sa carri\u00e8re lorsqu\u2019un <strong data-start=\"1070\" data-end=\"1106\">chasseur de t\u00eates du mannequinat<\/strong> la remarque en Slovaquie. Elle s\u2019installe \u00e0 <strong data-start=\"1151\" data-end=\"1185\">Paris \u00e0 la fin des ann\u00e9es 1990<\/strong> pour poursuivre une carri\u00e8re dans la mode.<\/p>\n<p data-start=\"1232\" data-end=\"1387\">Elle devient rapidement un <strong data-start=\"1259\" data-end=\"1287\">mannequin tr\u00e8s recherch\u00e9<\/strong>, d\u00e9filant pour de grands cr\u00e9ateurs tels que <strong data-start=\"1332\" data-end=\"1350\">Thierry Mugler<\/strong>, <strong data-start=\"1352\" data-end=\"1370\">Karl Lagerfeld<\/strong> et <strong data-start=\"1374\" data-end=\"1384\">Lanvin<\/strong>.<\/p>\n<p data-start=\"1389\" data-end=\"1608\">En <strong data-start=\"1392\" data-end=\"1400\">1998<\/strong>, elle d\u00e9croche une <strong data-start=\"1420\" data-end=\"1475\">campagne de lingerie tr\u00e8s m\u00e9diatis\u00e9e avec Wonderbra<\/strong>, qui la propulse sur la sc\u00e8ne internationale. \u00c0 la m\u00eame p\u00e9riode, elle pose \u00e9galement pour des marques comme <strong data-start=\"1584\" data-end=\"1605\">Victoria\u2019s Secret<\/strong>.<\/p>\n<p data-start=\"1610\" data-end=\"1838\">Durant ces ann\u00e9es, elle fait la couverture de nombreux magazines de mode prestigieux (<strong data-start=\"1696\" data-end=\"1742\">Elle, Vogue, Harper\u2019s Bazaar, Cosmopolitan<\/strong>, etc.), s\u2019imposant comme <strong data-start=\"1768\" data-end=\"1837\">l\u2019un des mannequins les plus populaires de la fin des ann\u00e9es 1990<\/strong>.<\/p>\n<h3 data-start=\"1845\" data-end=\"1888\">\u00c9volution de carri\u00e8re et r\u00f4les cl\u00e9s<\/h3>\n<p data-start=\"1890\" data-end=\"2005\">Au d\u00e9but des <strong data-start=\"1903\" data-end=\"1918\">ann\u00e9es 2000<\/strong>, Adriana Karembeu \u00e9largit son champ d\u2019activit\u00e9 \u00e0 la <strong data-start=\"1971\" data-end=\"1985\">t\u00e9l\u00e9vision<\/strong> et au <strong data-start=\"1992\" data-end=\"2002\">cin\u00e9ma<\/strong>. En <strong data-start=\"2010\" data-end=\"2020\">Italie<\/strong>, elle coanime l\u2019\u00e9mission de vari\u00e9t\u00e9s dominicale <strong data-start=\"2069\" data-end=\"2084\">Domenica In<\/strong> sur <strong data-start=\"2089\" data-end=\"2098\">Rai 1<\/strong> (1999\u20132000).<\/p>\n<p data-start=\"2115\" data-end=\"2376\">De retour en <strong data-start=\"2128\" data-end=\"2138\">France<\/strong>, elle participe \u00e0 divers projets m\u00e9diatiques et \u00e9missions de divertissement. Elle anime notamment <strong data-start=\"2237\" data-end=\"2250\">Top Model<\/strong> sur <strong data-start=\"2255\" data-end=\"2261\">M6<\/strong> en <strong data-start=\"2265\" data-end=\"2273\">2007<\/strong> et participe \u00e0 l\u2019\u00e9mission d\u2019aventure <strong data-start=\"2311\" data-end=\"2344\">Rendez-vous en terre inconnue<\/strong> sur <strong data-start=\"2349\" data-end=\"2361\">France 2<\/strong> en <strong data-start=\"2365\" data-end=\"2373\">2008<\/strong>.<\/p>\n<p data-start=\"2378\" data-end=\"2530\">Elle se lance \u00e9galement dans le cin\u00e9ma, interpr\u00e9tant par exemple le r\u00f4le de <strong data-start=\"2454\" data-end=\"2475\">Madame Agecanonix<\/strong> dans le film <strong data-start=\"2489\" data-end=\"2520\">Ast\u00e9rix aux Jeux Olympiques<\/strong> (2008).<\/p>\n<p data-start=\"2532\" data-end=\"2669\">En <strong data-start=\"2535\" data-end=\"2543\">2011<\/strong>, elle rejoint le casting de <strong data-start=\"2572\" data-end=\"2596\">Danse avec les stars<\/strong> sur <strong data-start=\"2601\" data-end=\"2608\">TF1<\/strong>, o\u00f9 elle termine <strong data-start=\"2626\" data-end=\"2639\">quatri\u00e8me<\/strong> lors de la premi\u00e8re saison.<\/p>\n<p data-start=\"2671\" data-end=\"2905\">\u00c0 la m\u00eame p\u00e9riode, elle devient <strong data-start=\"2703\" data-end=\"2719\">coanimatrice<\/strong>, aux c\u00f4t\u00e9s du <strong data-start=\"2734\" data-end=\"2753\">Dr Michel Cymes<\/strong>, de l\u2019\u00e9mission scientifique et m\u00e9dicale <strong data-start=\"2794\" data-end=\"2842\">Les Pouvoirs extraordinaires du corps humain<\/strong> sur <strong data-start=\"2847\" data-end=\"2859\">France 2<\/strong>, qu\u2019elle pr\u00e9sente pendant plusieurs ann\u00e9es.<\/p>\n<p data-start=\"2907\" data-end=\"3011\">Parall\u00e8lement, elle d\u00e9veloppe des <strong data-start=\"2941\" data-end=\"2969\">projets entrepreneuriaux<\/strong> li\u00e9s \u00e0 la <strong data-start=\"2980\" data-end=\"2990\">beaut\u00e9<\/strong> et au <strong data-start=\"2997\" data-end=\"3010\">bien-\u00eatre<\/strong>.<\/p>\n<ul>\n<li data-start=\"3015\" data-end=\"3145\">En <strong data-start=\"3018\" data-end=\"3026\">2005<\/strong>, elle lance une gamme de cosm\u00e9tiques \u00e0 base de <strong data-start=\"3074\" data-end=\"3096\">silicium organique<\/strong>, commercialis\u00e9e sous le nom <strong data-start=\"3125\" data-end=\"3142\">\u00ab Silicium+ \u00bb<\/strong>.<\/li>\n<li data-start=\"3148\" data-end=\"3291\">Elle cofonde \u00e9galement <strong data-start=\"3171\" data-end=\"3207\">Adriana Karembeu Diffusion (AKD)<\/strong>, une soci\u00e9t\u00e9 sp\u00e9cialis\u00e9e dans les <strong data-start=\"3242\" data-end=\"3262\">soins de la peau<\/strong> et la gestion de <strong data-start=\"3280\" data-end=\"3288\">spas<\/strong>.<\/li>\n<\/ul>\n<p data-start=\"3293\" data-end=\"3449\">En tant que <strong data-start=\"3305\" data-end=\"3330\">vice-pr\u00e9sidente d\u2019AKD<\/strong>, elle participe \u00e0 la cr\u00e9ation des produits et \u00e0 la strat\u00e9gie marketing, tandis qu\u2019un partenaire g\u00e8re les op\u00e9rations.<\/p>\n<p data-start=\"3451\" data-end=\"3626\">L\u2019entreprise entre en <strong data-start=\"3473\" data-end=\"3491\">bourse en 2011<\/strong> sur <strong data-start=\"3496\" data-end=\"3514\">Euronext Paris<\/strong>, levant <strong data-start=\"3523\" data-end=\"3547\">1,34 million d\u2019euros<\/strong> afin de d\u00e9velopper son activit\u00e9 dans les domaines des spas et des cosm\u00e9tiques.<\/p>\n<h3 data-start=\"3633\" data-end=\"3662\">R\u00e9alisations majeures<\/h3>\n<p data-start=\"3664\" data-end=\"3767\">Les accomplissements professionnels d\u2019Adriana Karembeu comprennent plusieurs distinctions marquantes.<\/p>\n<ul>\n<li data-start=\"3771\" data-end=\"4018\">Elle est reconnue par le <strong data-start=\"3796\" data-end=\"3843\">Guinness World Records (\u00e9dition europ\u00e9enne)<\/strong> pour poss\u00e9der les <strong data-start=\"3862\" data-end=\"3919\">jambes les plus longues parmi les mannequins f\u00e9minins<\/strong> (<strong data-start=\"3921\" data-end=\"3935\">1,24 m\u00e8tre<\/strong>), un record qui attire une attention m\u00e9diatique importante dans les ann\u00e9es 1990.<\/li>\n<li data-start=\"4021\" data-end=\"4156\">En <strong data-start=\"4024\" data-end=\"4032\">2006<\/strong>, elle est \u00e9lue <strong data-start=\"4048\" data-end=\"4083\">\u00ab Femme la plus sexy du monde \u00bb<\/strong> par <strong data-start=\"4088\" data-end=\"4102\">FHM France<\/strong>, confirmant sa notori\u00e9t\u00e9 dans l\u2019univers de la mode.<\/li>\n<\/ul>\n<p data-start=\"4158\" data-end=\"4502\">En tant qu\u2019<strong data-start=\"4169\" data-end=\"4186\">entrepreneure<\/strong>, elle fait partie des rares mannequins de renomm\u00e9e internationale \u00e0 avoir r\u00e9ussi \u00e0 <strong data-start=\"4270\" data-end=\"4320\">cr\u00e9er et d\u00e9velopper une entreprise d\u2019envergure<\/strong>. La soci\u00e9t\u00e9 <strong data-start=\"4333\" data-end=\"4340\">AKD<\/strong> emploie jusqu\u2019\u00e0 <strong data-start=\"4357\" data-end=\"4382\">plus de 300 personnes<\/strong> dans les secteurs du d\u00e9veloppement de produits et de la gestion de spas, marquant durablement le march\u00e9 de la beaut\u00e9.<\/p>\n<p data-start=\"4504\" data-end=\"4805\">Adriana Karembeu met \u00e9galement sa notori\u00e9t\u00e9 au service de causes humanitaires. Depuis <strong data-start=\"4590\" data-end=\"4598\">2000<\/strong>, elle est <strong data-start=\"4609\" data-end=\"4668\">ambassadrice de longue date de la Croix-Rouge fran\u00e7aise<\/strong>, contribuant \u00e0 la collecte de fonds et \u00e0 la sensibilisation aux actions de formation aux premiers secours et aux campagnes humanitaires.<\/p>\n<blockquote class=\"instagram-media\" style=\"background: #FFF; border: 0; border-radius: 3px; box-shadow: 0 0 1px 0 rgba(0,0,0,0.5),0 1px 10px 0 rgba(0,0,0,0.15); margin: 1px; max-width: 540px; min-width: 326px; padding: 0; width: calc(100% - 2px);\" data-instgrm-permalink=\"https:\/\/www.instagram.com\/reel\/DI0-e1Jg912\/?utm_source=ig_embed&amp;utm_campaign=loading\" data-instgrm-version=\"14\">\n<div style=\"padding: 16px;\">\n<p>&nbsp;<\/p>\n<div style=\"display: flex; flex-direction: row; align-items: center;\">\n<div style=\"background-color: #f4f4f4; border-radius: 50%; flex-grow: 0; height: 40px; margin-right: 14px; width: 40px;\"><\/div>\n<div style=\"display: flex; flex-direction: column; flex-grow: 1; justify-content: center;\">\n<div style=\"background-color: #f4f4f4; border-radius: 4px; flex-grow: 0; height: 14px; margin-bottom: 6px; width: 100px;\"><\/div>\n<div style=\"background-color: #f4f4f4; border-radius: 4px; flex-grow: 0; height: 14px; width: 60px;\"><\/div>\n<\/div>\n<\/div>\n<div style=\"padding: 19% 0;\"><\/div>\n<div style=\"display: block; height: 50px; margin: 0 auto 12px; width: 50px;\"><\/div>\n<div style=\"padding-top: 8px;\">\n<div style=\"color: #3897f0; font-family: Arial,sans-serif; font-size: 14px; font-style: normal; font-weight: 550; line-height: 18px;\">View this post on Instagram<\/div>\n<\/div>\n<div style=\"padding: 12.5% 0;\"><\/div>\n<div style=\"display: flex; flex-direction: row; margin-bottom: 14px; align-items: center;\">\n<div>\n<div style=\"background-color: #f4f4f4; border-radius: 50%; height: 12.5px; width: 12.5px; transform: translateX(0px) translateY(7px);\"><\/div>\n<div style=\"background-color: #f4f4f4; height: 12.5px; transform: rotate(-45deg) translateX(3px) translateY(1px); width: 12.5px; flex-grow: 0; margin-right: 14px; margin-left: 2px;\"><\/div>\n<div style=\"background-color: #f4f4f4; border-radius: 50%; height: 12.5px; width: 12.5px; transform: translateX(9px) translateY(-18px);\"><\/div>\n<\/div>\n<div style=\"margin-left: 8px;\">\n<div style=\"background-color: #f4f4f4; border-radius: 50%; flex-grow: 0; height: 20px; width: 20px;\"><\/div>\n<div style=\"width: 0; height: 0; border-top: 2px solid transparent; border-left: 6px solid #f4f4f4; border-bottom: 2px solid transparent; transform: translateX(16px) translateY(-4px) rotate(30deg);\"><\/div>\n<\/div>\n<div style=\"margin-left: auto;\">\n<div style=\"width: 0px; border-top: 8px solid #F4F4F4; border-right: 8px solid transparent; transform: translateY(16px);\"><\/div>\n<div style=\"background-color: #f4f4f4; flex-grow: 0; height: 12px; width: 16px; transform: translateY(-4px);\"><\/div>\n<div style=\"width: 0; height: 0; border-top: 8px solid #F4F4F4; border-left: 8px solid transparent; transform: translateY(-4px) translateX(8px);\"><\/div>\n<\/div>\n<\/div>\n<div style=\"display: flex; flex-direction: column; flex-grow: 1; justify-content: center; margin-bottom: 24px;\">\n<div style=\"background-color: #f4f4f4; border-radius: 4px; flex-grow: 0; height: 14px; margin-bottom: 6px; width: 224px;\"><\/div>\n<div style=\"background-color: #f4f4f4; border-radius: 4px; flex-grow: 0; height: 14px; width: 144px;\"><\/div>\n<\/div>\n<p>&nbsp;<\/p>\n<p style=\"color: #c9c8cd; font-family: Arial,sans-serif; font-size: 14px; line-height: 17px; margin-bottom: 0; margin-top: 8px; overflow: hidden; padding: 8px 0 7px; text-align: center; text-overflow: ellipsis; white-space: nowrap;\"><a style=\"color: #c9c8cd; font-family: Arial,sans-serif; font-size: 14px; font-style: normal; font-weight: normal; line-height: 17px; text-decoration: none;\" href=\"https:\/\/www.instagram.com\/reel\/DI0-e1Jg912\/?utm_source=ig_embed&amp;utm_campaign=loading\" target=\"_blank\" rel=\"noopener\">A post shared by Adriana Ohanian Sklenarikova (@adrianakarembeusklenarikova)<\/a><\/p>\n<\/div>\n<\/blockquote>\n<p><script async src=\"\/\/www.instagram.com\/embed.js\"><\/script><\/p>\n<h3 data-start=\"4812\" data-end=\"4842\">D\u00e9veloppements r\u00e9cents<\/h3>\n<p data-start=\"4844\" data-end=\"4976\">Ces derni\u00e8res ann\u00e9es, Adriana Karembeu a diversifi\u00e9 ses activit\u00e9s dans les domaines de <strong data-start=\"4931\" data-end=\"4955\">l\u2019h\u00f4tellerie de luxe<\/strong> et des <strong data-start=\"4963\" data-end=\"4973\">m\u00e9dias<\/strong>.<\/p>\n<p data-start=\"4978\" data-end=\"5158\">En <strong data-start=\"4981\" data-end=\"4989\">2019<\/strong>, elle ouvre avec son partenaire <strong data-start=\"5022\" data-end=\"5043\">Le Palais Ronsard<\/strong>, une <strong data-start=\"5049\" data-end=\"5098\">maison d\u2019h\u00f4tes cinq \u00e9toiles Relais &amp; Ch\u00e2teaux<\/strong>, situ\u00e9e dans le quartier de la <strong data-start=\"5130\" data-end=\"5155\">Palmeraie \u00e0 Marrakech<\/strong>.<\/p>\n<p data-start=\"5160\" data-end=\"5362\">Ce domaine de prestige, comprenant <strong data-start=\"5195\" data-end=\"5216\">27 villas priv\u00e9es<\/strong>, <strong data-start=\"5218\" data-end=\"5238\">deux restaurants<\/strong> et un <strong data-start=\"5245\" data-end=\"5252\">spa<\/strong>, illustre son int\u00e9r\u00eat constant pour le <strong data-start=\"5292\" data-end=\"5305\">bien-\u00eatre<\/strong> et l\u2019<strong data-start=\"5311\" data-end=\"5330\">entrepreneuriat<\/strong>, au-del\u00e0 du monde de la mode.<\/p>\n<p data-start=\"5364\" data-end=\"5418\">Elle reste \u00e9galement tr\u00e8s pr\u00e9sente \u00e0 la t\u00e9l\u00e9vision :<\/p>\n<ul>\n<li data-start=\"5421\" data-end=\"5516\">Animatrice de la <strong data-start=\"5438\" data-end=\"5484\">finale mondiale de Top Model International<\/strong> en <strong data-start=\"5488\" data-end=\"5496\">2024<\/strong> sur <strong data-start=\"5501\" data-end=\"5514\">TV Monaco<\/strong><\/li>\n<li data-start=\"5519\" data-end=\"5559\"><strong data-start=\"5519\" data-end=\"5557\">Membre du jury de Miss France 2024<\/strong><\/li>\n<\/ul>\n<p data-start=\"5561\" data-end=\"5689\">En <strong data-start=\"5564\" data-end=\"5572\">2024<\/strong>, elle publie ses m\u00e9moires intitul\u00e9es <strong data-start=\"5610\" data-end=\"5619\">Libre<\/strong> aux <strong data-start=\"5624\" data-end=\"5642\">\u00c9ditions Leduc<\/strong>, marquant ses d\u00e9buts en tant qu\u2019<strong data-start=\"5675\" data-end=\"5686\">auteure<\/strong>.<\/p>\n<p data-start=\"5691\" data-end=\"5762\">Tout au long de sa carri\u00e8re, elle conserve ses r\u00f4les d\u2019ambassadrice :<\/p>\n<ul>\n<li data-start=\"5765\" data-end=\"5806\"><strong data-start=\"5765\" data-end=\"5790\">Croix-Rouge fran\u00e7aise<\/strong> (depuis 2000)<\/li>\n<li data-start=\"5809\" data-end=\"6010\"><strong data-start=\"5809\" data-end=\"5845\">Ambassadrice du football f\u00e9minin<\/strong> aupr\u00e8s de la <strong data-start=\"5859\" data-end=\"5901\">F\u00e9d\u00e9ration fran\u00e7aise de football (FFF)<\/strong> depuis <strong data-start=\"5909\" data-end=\"5917\">2010<\/strong>, \u0153uvrant \u00e0 la promotion du sport dans les \u00e9coles et lors d\u2019\u00e9v\u00e9nements \u00e0 travers la France.<\/li>\n<\/ul>\n<p data-start=\"6012\" data-end=\"6138\">Ces activit\u00e9s r\u00e9centes t\u00e9moignent de son engagement continu dans les domaines <strong data-start=\"6090\" data-end=\"6104\">\u00e9conomique<\/strong>, <strong data-start=\"6106\" data-end=\"6120\">m\u00e9diatique<\/strong> et <strong data-start=\"6124\" data-end=\"6137\">caritatif<\/strong>.<\/p>\n<h2 data-start=\"6145\" data-end=\"6179\">Fortune d\u2019Adriana Karembeu<\/h2>\n<p data-start=\"6181\" data-end=\"6500\">En <strong data-start=\"6184\" data-end=\"6192\">2026<\/strong>, la <strong data-start=\"6197\" data-end=\"6233\">fortune nette d\u2019Adriana Karembeu<\/strong> est estim\u00e9e entre <strong data-start=\"6252\" data-end=\"6283\">5 et 25 millions de dollars<\/strong>. Elle a b\u00e2ti ce patrimoine gr\u00e2ce \u00e0 une longue carri\u00e8re de <strong data-start=\"6342\" data-end=\"6368\">mannequin et d\u2019actrice<\/strong>, en participant \u00e0 des campagnes majeures telles que <strong data-start=\"6421\" data-end=\"6434\">Wonderbra<\/strong> et en travaillant pour des marques comme <strong data-start=\"6476\" data-end=\"6497\">Victoria\u2019s Secret<\/strong>.<\/p>\n<p data-start=\"6502\" data-end=\"6762\" data-is-last-node=\"\" data-is-only-node=\"\">Ses apparitions \u00e0 la t\u00e9l\u00e9vision fran\u00e7aise (<strong data-start=\"6545\" data-end=\"6569\">Danse avec les stars<\/strong>), ses r\u00f4les au cin\u00e9ma, ainsi que ses <strong data-start=\"6607\" data-end=\"6643\">entreprises dans les cosm\u00e9tiques<\/strong>, la <strong data-start=\"6648\" data-end=\"6658\">beaut\u00e9<\/strong> et ses <strong data-start=\"6666\" data-end=\"6697\">investissements immobiliers<\/strong>, ont \u00e9galement contribu\u00e9 de mani\u00e8re significative \u00e0 ses revenus.<\/p>\n","protected":false},"excerpt":{"rendered":"<p>Adriana Sklena\u0159\u00edkov\u00e1 (connue sous le nom d\u2019Adriana Karembeu) est n\u00e9e le 17 septembre 1971 \u00e0 Brezno, alors en Tch\u00e9coslovaquie. Sa m\u00e8re, Zlatica (n\u00e9e Gazdikov\u00e1), est slovaque et exer\u00e7ait la profession de m\u00e9decin, tandis que son p\u00e8re, Miroslav Sklena\u0159\u00edk, \u00e9tait ing\u00e9nieur tch\u00e8que. Adriana a une s\u0153ur cadette, Natalia, devenue avocate \u00e0 Paris. Ses parents \u00e9tant encore &hellip;<\/p>\n","protected":false},"author":4,"featured_media":2574,"comment_status":"open","ping_status":"open","sticky":false,"template":"","format":"standard","meta":{"footnotes":""},"categories":[33],"tags":[],"class_list":["post-2573","post","type-post","status-publish","format-standard","has-post-thumbnail","hentry","category-actrice"],"yoast_head":"<!-- This site is optimized with the Yoast SEO plugin v27.2 - https:\/\/yoast.com\/product\/yoast-seo-wordpress\/ -->\n<title>Adriana Karembeu Fortune : du mannequinat au business<\/title>\n<meta name=\"description\" content=\"Profil financier de la Adriana Karembeu Fortune in 2026, avec un aper\u00e7u de ses revenus de carri\u00e8re, de ses marques et de ses projets h\u00f4teliers.\" \/>\n<meta name=\"robots\" content=\"index, follow, max-snippet:-1, max-image-preview:large, max-video-preview:-1\" \/>\n<link rel=\"canonical\" href=\"https:\/\/fashubash.com\/fr\/adriana-karembeu-fortune\/\" \/>\n<meta property=\"og:locale\" content=\"fr_FR\" \/>\n<meta property=\"og:type\" content=\"article\" \/>\n<meta property=\"og:title\" content=\"Adriana Karembeu Fortune : du mannequinat au business\" \/>\n<meta property=\"og:description\" content=\"Profil financier de la Adriana Karembeu Fortune in 2026, avec un aper\u00e7u de ses revenus de carri\u00e8re, de ses marques et de ses projets h\u00f4teliers.\" \/>\n<meta property=\"og:url\" content=\"https:\/\/fashubash.com\/fr\/adriana-karembeu-fortune\/\" \/>\n<meta property=\"og:site_name\" content=\"FashuBash\" \/>\n<meta property=\"article:published_time\" content=\"2026-01-02T21:15:09+00:00\" \/>\n<meta property=\"og:image\" content=\"https:\/\/fashubash.com\/fr\/wp-content\/uploads\/2026\/01\/Adriana-Karembeu-Fortune-du-mannequinat-au-business.png\" \/>\n\t<meta property=\"og:image:width\" content=\"554\" \/>\n\t<meta property=\"og:image:height\" content=\"338\" \/>\n\t<meta property=\"og:image:type\" content=\"image\/png\" \/>\n<meta name=\"author\" content=\"Alex C\" \/>\n<meta name=\"twitter:card\" content=\"summary_large_image\" \/>\n<meta name=\"twitter:label1\" content=\"\u00c9crit par\" \/>\n\t<meta name=\"twitter:data1\" content=\"Alex C\" \/>\n\t<meta name=\"twitter:label2\" content=\"Dur\u00e9e de lecture estim\u00e9e\" \/>\n\t<meta name=\"twitter:data2\" content=\"6 minutes\" \/>\n<script type=\"application\/ld+json\" class=\"yoast-schema-graph\">{\"@context\":\"https:\/\/schema.org\",\"@graph\":[{\"@type\":\"Article\",\"@id\":\"https:\/\/fashubash.com\/fr\/adriana-karembeu-fortune\/#article\",\"isPartOf\":{\"@id\":\"https:\/\/fashubash.com\/fr\/adriana-karembeu-fortune\/\"},\"author\":{\"name\":\"Alex C\",\"@id\":\"https:\/\/fashubash.com\/fr\/#\/schema\/person\/8ff2ec71248c40fea373970020877682\"},\"headline\":\"Adriana Karembeu Fortune : du mannequinat au business\",\"datePublished\":\"2026-01-02T21:15:09+00:00\",\"mainEntityOfPage\":{\"@id\":\"https:\/\/fashubash.com\/fr\/adriana-karembeu-fortune\/\"},\"wordCount\":1217,\"commentCount\":0,\"image\":{\"@id\":\"https:\/\/fashubash.com\/fr\/adriana-karembeu-fortune\/#primaryimage\"},\"thumbnailUrl\":\"https:\/\/fashubash.com\/fr\/wp-content\/uploads\/2026\/01\/Adriana-Karembeu-Fortune-du-mannequinat-au-business.png\",\"articleSection\":[\"Actrice\"],\"inLanguage\":\"fr-FR\",\"potentialAction\":[{\"@type\":\"CommentAction\",\"name\":\"Comment\",\"target\":[\"https:\/\/fashubash.com\/fr\/adriana-karembeu-fortune\/#respond\"]}]},{\"@type\":\"WebPage\",\"@id\":\"https:\/\/fashubash.com\/fr\/adriana-karembeu-fortune\/\",\"url\":\"https:\/\/fashubash.com\/fr\/adriana-karembeu-fortune\/\",\"name\":\"Adriana Karembeu Fortune : du mannequinat au business\",\"isPartOf\":{\"@id\":\"https:\/\/fashubash.com\/fr\/#website\"},\"primaryImageOfPage\":{\"@id\":\"https:\/\/fashubash.com\/fr\/adriana-karembeu-fortune\/#primaryimage\"},\"image\":{\"@id\":\"https:\/\/fashubash.com\/fr\/adriana-karembeu-fortune\/#primaryimage\"},\"thumbnailUrl\":\"https:\/\/fashubash.com\/fr\/wp-content\/uploads\/2026\/01\/Adriana-Karembeu-Fortune-du-mannequinat-au-business.png\",\"datePublished\":\"2026-01-02T21:15:09+00:00\",\"author\":{\"@id\":\"https:\/\/fashubash.com\/fr\/#\/schema\/person\/8ff2ec71248c40fea373970020877682\"},\"description\":\"Profil financier de la Adriana Karembeu Fortune in 2026, avec un aper\u00e7u de ses revenus de carri\u00e8re, de ses marques et de ses projets h\u00f4teliers.\",\"breadcrumb\":{\"@id\":\"https:\/\/fashubash.com\/fr\/adriana-karembeu-fortune\/#breadcrumb\"},\"inLanguage\":\"fr-FR\",\"potentialAction\":[{\"@type\":\"ReadAction\",\"target\":[\"https:\/\/fashubash.com\/fr\/adriana-karembeu-fortune\/\"]}]},{\"@type\":\"ImageObject\",\"inLanguage\":\"fr-FR\",\"@id\":\"https:\/\/fashubash.com\/fr\/adriana-karembeu-fortune\/#primaryimage\",\"url\":\"https:\/\/fashubash.com\/fr\/wp-content\/uploads\/2026\/01\/Adriana-Karembeu-Fortune-du-mannequinat-au-business.png\",\"contentUrl\":\"https:\/\/fashubash.com\/fr\/wp-content\/uploads\/2026\/01\/Adriana-Karembeu-Fortune-du-mannequinat-au-business.png\",\"width\":554,\"height\":338,\"caption\":\"Adriana Karembeu Fortune\"},{\"@type\":\"BreadcrumbList\",\"@id\":\"https:\/\/fashubash.com\/fr\/adriana-karembeu-fortune\/#breadcrumb\",\"itemListElement\":[{\"@type\":\"ListItem\",\"position\":1,\"name\":\"Accueil\",\"item\":\"https:\/\/fashubash.com\/fr\/\"},{\"@type\":\"ListItem\",\"position\":2,\"name\":\"Adriana Karembeu Fortune : du mannequinat au business\"}]},{\"@type\":\"WebSite\",\"@id\":\"https:\/\/fashubash.com\/fr\/#website\",\"url\":\"https:\/\/fashubash.com\/fr\/\",\"name\":\"FashuBash\",\"description\":\"Estime Fortune\",\"potentialAction\":[{\"@type\":\"SearchAction\",\"target\":{\"@type\":\"EntryPoint\",\"urlTemplate\":\"https:\/\/fashubash.com\/fr\/?s={search_term_string}\"},\"query-input\":{\"@type\":\"PropertyValueSpecification\",\"valueRequired\":true,\"valueName\":\"search_term_string\"}}],\"inLanguage\":\"fr-FR\"},{\"@type\":\"Person\",\"@id\":\"https:\/\/fashubash.com\/fr\/#\/schema\/person\/8ff2ec71248c40fea373970020877682\",\"name\":\"Alex C\",\"image\":{\"@type\":\"ImageObject\",\"inLanguage\":\"fr-FR\",\"@id\":\"https:\/\/secure.gravatar.com\/avatar\/4171ee932dff73cb47d6416e67667dcab1f489bd31739fbb405732d7d700ea3d?s=96&d=mm&r=g\",\"url\":\"https:\/\/secure.gravatar.com\/avatar\/4171ee932dff73cb47d6416e67667dcab1f489bd31739fbb405732d7d700ea3d?s=96&d=mm&r=g\",\"contentUrl\":\"https:\/\/secure.gravatar.com\/avatar\/4171ee932dff73cb47d6416e67667dcab1f489bd31739fbb405732d7d700ea3d?s=96&d=mm&r=g\",\"caption\":\"Alex C\"},\"sameAs\":[\"https:\/\/fashubash.com\/fr\/\"],\"url\":\"https:\/\/fashubash.com\/fr\/author\/alexander-c22\/\"}]}<\/script>\n<!-- \/ Yoast SEO plugin. -->","yoast_head_json":{"title":"Adriana Karembeu Fortune : du mannequinat au business","description":"Profil financier de la Adriana Karembeu Fortune in 2026, avec un aper\u00e7u de ses revenus de carri\u00e8re, de ses marques et de ses projets h\u00f4teliers.","robots":{"index":"index","follow":"follow","max-snippet":"max-snippet:-1","max-image-preview":"max-image-preview:large","max-video-preview":"max-video-preview:-1"},"canonical":"https:\/\/fashubash.com\/fr\/adriana-karembeu-fortune\/","og_locale":"fr_FR","og_type":"article","og_title":"Adriana Karembeu Fortune : du mannequinat au business","og_description":"Profil financier de la Adriana Karembeu Fortune in 2026, avec un aper\u00e7u de ses revenus de carri\u00e8re, de ses marques et de ses projets h\u00f4teliers.","og_url":"https:\/\/fashubash.com\/fr\/adriana-karembeu-fortune\/","og_site_name":"FashuBash","article_published_time":"2026-01-02T21:15:09+00:00","og_image":[{"width":554,"height":338,"url":"https:\/\/fashubash.com\/fr\/wp-content\/uploads\/2026\/01\/Adriana-Karembeu-Fortune-du-mannequinat-au-business.png","type":"image\/png"}],"author":"Alex C","twitter_card":"summary_large_image","twitter_misc":{"\u00c9crit par":"Alex C","Dur\u00e9e de lecture estim\u00e9e":"6 minutes"},"schema":{"@context":"https:\/\/schema.org","@graph":[{"@type":"Article","@id":"https:\/\/fashubash.com\/fr\/adriana-karembeu-fortune\/#article","isPartOf":{"@id":"https:\/\/fashubash.com\/fr\/adriana-karembeu-fortune\/"},"author":{"name":"Alex C","@id":"https:\/\/fashubash.com\/fr\/#\/schema\/person\/8ff2ec71248c40fea373970020877682"},"headline":"Adriana Karembeu Fortune : du mannequinat au business","datePublished":"2026-01-02T21:15:09+00:00","mainEntityOfPage":{"@id":"https:\/\/fashubash.com\/fr\/adriana-karembeu-fortune\/"},"wordCount":1217,"commentCount":0,"image":{"@id":"https:\/\/fashubash.com\/fr\/adriana-karembeu-fortune\/#primaryimage"},"thumbnailUrl":"https:\/\/fashubash.com\/fr\/wp-content\/uploads\/2026\/01\/Adriana-Karembeu-Fortune-du-mannequinat-au-business.png","articleSection":["Actrice"],"inLanguage":"fr-FR","potentialAction":[{"@type":"CommentAction","name":"Comment","target":["https:\/\/fashubash.com\/fr\/adriana-karembeu-fortune\/#respond"]}]},{"@type":"WebPage","@id":"https:\/\/fashubash.com\/fr\/adriana-karembeu-fortune\/","url":"https:\/\/fashubash.com\/fr\/adriana-karembeu-fortune\/","name":"Adriana Karembeu Fortune : du mannequinat au business","isPartOf":{"@id":"https:\/\/fashubash.com\/fr\/#website"},"primaryImageOfPage":{"@id":"https:\/\/fashubash.com\/fr\/adriana-karembeu-fortune\/#primaryimage"},"image":{"@id":"https:\/\/fashubash.com\/fr\/adriana-karembeu-fortune\/#primaryimage"},"thumbnailUrl":"https:\/\/fashubash.com\/fr\/wp-content\/uploads\/2026\/01\/Adriana-Karembeu-Fortune-du-mannequinat-au-business.png","datePublished":"2026-01-02T21:15:09+00:00","author":{"@id":"https:\/\/fashubash.com\/fr\/#\/schema\/person\/8ff2ec71248c40fea373970020877682"},"description":"Profil financier de la Adriana Karembeu Fortune in 2026, avec un aper\u00e7u de ses revenus de carri\u00e8re, de ses marques et de ses projets h\u00f4teliers.","breadcrumb":{"@id":"https:\/\/fashubash.com\/fr\/adriana-karembeu-fortune\/#breadcrumb"},"inLanguage":"fr-FR","potentialAction":[{"@type":"ReadAction","target":["https:\/\/fashubash.com\/fr\/adriana-karembeu-fortune\/"]}]},{"@type":"ImageObject","inLanguage":"fr-FR","@id":"https:\/\/fashubash.com\/fr\/adriana-karembeu-fortune\/#primaryimage","url":"https:\/\/fashubash.com\/fr\/wp-content\/uploads\/2026\/01\/Adriana-Karembeu-Fortune-du-mannequinat-au-business.png","contentUrl":"https:\/\/fashubash.com\/fr\/wp-content\/uploads\/2026\/01\/Adriana-Karembeu-Fortune-du-mannequinat-au-business.png","width":554,"height":338,"caption":"Adriana Karembeu Fortune"},{"@type":"BreadcrumbList","@id":"https:\/\/fashubash.com\/fr\/adriana-karembeu-fortune\/#breadcrumb","itemListElement":[{"@type":"ListItem","position":1,"name":"Accueil","item":"https:\/\/fashubash.com\/fr\/"},{"@type":"ListItem","position":2,"name":"Adriana Karembeu Fortune : du mannequinat au business"}]},{"@type":"WebSite","@id":"https:\/\/fashubash.com\/fr\/#website","url":"https:\/\/fashubash.com\/fr\/","name":"FashuBash","description":"Estime Fortune","potentialAction":[{"@type":"SearchAction","target":{"@type":"EntryPoint","urlTemplate":"https:\/\/fashubash.com\/fr\/?s={search_term_string}"},"query-input":{"@type":"PropertyValueSpecification","valueRequired":true,"valueName":"search_term_string"}}],"inLanguage":"fr-FR"},{"@type":"Person","@id":"https:\/\/fashubash.com\/fr\/#\/schema\/person\/8ff2ec71248c40fea373970020877682","name":"Alex C","image":{"@type":"ImageObject","inLanguage":"fr-FR","@id":"https:\/\/secure.gravatar.com\/avatar\/4171ee932dff73cb47d6416e67667dcab1f489bd31739fbb405732d7d700ea3d?s=96&d=mm&r=g","url":"https:\/\/secure.gravatar.com\/avatar\/4171ee932dff73cb47d6416e67667dcab1f489bd31739fbb405732d7d700ea3d?s=96&d=mm&r=g","contentUrl":"https:\/\/secure.gravatar.com\/avatar\/4171ee932dff73cb47d6416e67667dcab1f489bd31739fbb405732d7d700ea3d?s=96&d=mm&r=g","caption":"Alex C"},"sameAs":["https:\/\/fashubash.com\/fr\/"],"url":"https:\/\/fashubash.com\/fr\/author\/alexander-c22\/"}]}},"_links":{"self":[{"href":"https:\/\/fashubash.com\/fr\/wp-json\/wp\/v2\/posts\/2573","targetHints":{"allow":["GET"]}}],"collection":[{"href":"https:\/\/fashubash.com\/fr\/wp-json\/wp\/v2\/posts"}],"about":[{"href":"https:\/\/fashubash.com\/fr\/wp-json\/wp\/v2\/types\/post"}],"author":[{"embeddable":true,"href":"https:\/\/fashubash.com\/fr\/wp-json\/wp\/v2\/users\/4"}],"replies":[{"embeddable":true,"href":"https:\/\/fashubash.com\/fr\/wp-json\/wp\/v2\/comments?post=2573"}],"version-history":[{"count":1,"href":"https:\/\/fashubash.com\/fr\/wp-json\/wp\/v2\/posts\/2573\/revisions"}],"predecessor-version":[{"id":2575,"href":"https:\/\/fashubash.com\/fr\/wp-json\/wp\/v2\/posts\/2573\/revisions\/2575"}],"wp:featuredmedia":[{"embeddable":true,"href":"https:\/\/fashubash.com\/fr\/wp-json\/wp\/v2\/media\/2574"}],"wp:attachment":[{"href":"https:\/\/fashubash.com\/fr\/wp-json\/wp\/v2\/media?parent=2573"}],"wp:term":[{"taxonomy":"category","embeddable":true,"href":"https:\/\/fashubash.com\/fr\/wp-json\/wp\/v2\/categories?post=2573"},{"taxonomy":"post_tag","embeddable":true,"href":"https:\/\/fashubash.com\/fr\/wp-json\/wp\/v2\/tags?post=2573"}],"curies":[{"name":"wp","href":"https:\/\/api.w.org\/{rel}","templated":true}]}}