{"id":2600,"date":"2026-01-08T16:01:33","date_gmt":"2026-01-08T16:01:33","guid":{"rendered":"https:\/\/fashubash.com\/fr\/?p=2600"},"modified":"2026-01-08T16:01:33","modified_gmt":"2026-01-08T16:01:33","slug":"charles-aznavour-fortune","status":"publish","type":"post","link":"https:\/\/fashubash.com\/fr\/charles-aznavour-fortune\/","title":{"rendered":"Quelle \u00e9tait la fortune de Charles Aznavour au moment de sa mort ?"},"content":{"rendered":"<div class=\"flex flex-col text-sm pb-25\">\n<article class=\"text-token-text-primary w-full focus:outline-none [--shadow-height:45px] has-data-writing-block:pointer-events-none has-data-writing-block:-mt-(--shadow-height) has-data-writing-block:pt-(--shadow-height) [&amp;:has([data-writing-block])&gt;*]:pointer-events-auto scroll-mt-[calc(var(--header-height)+min(200px,max(70px,20svh)))]\" dir=\"auto\" data-turn-id=\"request-695fabe2-c968-832f-b953-9735a72ab5e6-6\" data-testid=\"conversation-turn-8\" data-scroll-anchor=\"true\" data-turn=\"assistant\">\n<div class=\"text-base my-auto mx-auto pb-10 [--thread-content-margin:--spacing(4)] @w-sm\/main:[--thread-content-margin:--spacing(6)] @w-lg\/main:[--thread-content-margin:--spacing(16)] px-(--thread-content-margin)\">\n<div class=\"[--thread-content-max-width:40rem] @w-lg\/main:[--thread-content-max-width:48rem] mx-auto max-w-(--thread-content-max-width) flex-1 group\/turn-messages focus-visible:outline-hidden relative flex w-full min-w-0 flex-col agent-turn\">\n<div class=\"flex max-w-full flex-col grow\">\n<div class=\"min-h-8 text-message relative flex w-full flex-col items-end gap-2 text-start break-words whitespace-normal [.text-message+&amp;]:mt-1\" dir=\"auto\" data-message-author-role=\"assistant\" data-message-id=\"9de9e16d-8593-4901-8ecd-fefd995b5196\" data-message-model-slug=\"gpt-5-2\">\n<div class=\"flex w-full flex-col gap-1 empty:hidden first:pt-[1px]\">\n<div class=\"markdown prose dark:prose-invert w-full break-words dark markdown-new-styling\">\n<p data-start=\"18\" data-end=\"419\">Charles Aznavour est n\u00e9 sous le nom de <strong data-start=\"57\" data-end=\"90\">Shahnour Vaghinag Aznavourian<\/strong> le <strong data-start=\"94\" data-end=\"109\">22 mai 1924<\/strong>, dans le quartier de <strong data-start=\"131\" data-end=\"165\">Saint-Germain-des-Pr\u00e9s \u00e0 Paris<\/strong>. Il \u00e9tait le fils de <strong data-start=\"187\" data-end=\"230\">Michael (\u00ab Misha \u00bb) et Knar Aznavourian<\/strong>, d\u2019origine <strong data-start=\"242\" data-end=\"256\">arm\u00e9nienne<\/strong>, tous deux r\u00e9fugi\u00e9s en France apr\u00e8s avoir fui le <strong data-start=\"306\" data-end=\"335\">g\u00e9nocide arm\u00e9nien de 1915<\/strong> perp\u00e9tr\u00e9 dans l\u2019Empire ottoman. Il avait une s\u0153ur a\u00een\u00e9e, <strong data-start=\"393\" data-end=\"401\">Aida<\/strong>, n\u00e9e en <strong data-start=\"410\" data-end=\"418\">1923<\/strong>.<\/p>\n<p data-start=\"421\" data-end=\"714\">Avant de s\u2019installer d\u00e9finitivement en France, la famille a v\u00e9cu <strong data-start=\"486\" data-end=\"512\">quelque temps en Gr\u00e8ce<\/strong>. Son p\u00e8re \u00e9tait <strong data-start=\"529\" data-end=\"541\">chanteur<\/strong>, tandis que sa m\u00e8re exer\u00e7ait le m\u00e9tier <strong data-start=\"581\" data-end=\"594\">d\u2019actrice<\/strong>. \u00c0 la maison, la <strong data-start=\"612\" data-end=\"633\">langue arm\u00e9nienne<\/strong> et le <strong data-start=\"640\" data-end=\"661\">folklore arm\u00e9nien<\/strong> occupaient une place centrale dans la vie familiale.<\/p>\n<p data-start=\"716\" data-end=\"991\">Durant la <strong data-start=\"726\" data-end=\"747\">Grande D\u00e9pression<\/strong>, la famille connut de <strong data-start=\"770\" data-end=\"804\">graves difficult\u00e9s financi\u00e8res<\/strong>. Elle exploita un petit restaurant nomm\u00e9 <strong data-start=\"846\" data-end=\"862\">\u00ab Caucasus \u00bb<\/strong>, qui finit par fermer. Apr\u00e8s cette fermeture, sa m\u00e8re travailla comme <strong data-start=\"933\" data-end=\"947\">couturi\u00e8re<\/strong> afin de subvenir aux besoins de la famille.<\/p>\n<table>\n<thead>\n<tr>\n<th>Cat\u00e9gorie du fait<\/th>\n<th>Fait v\u00e9rifi\u00e9 important<\/th>\n<\/tr>\n<\/thead>\n<tbody>\n<tr>\n<td>Fortune nette<\/td>\n<td>Estim\u00e9e entre <strong>25 et 145 millions de dollars<\/strong> lors de son d\u00e9c\u00e8s en 2018.<\/td>\n<\/tr>\n<tr>\n<td>Revenus principaux<\/td>\n<td>Droits musicaux, tourn\u00e9es, \u00e9criture de chansons, cin\u00e9ma.<\/td>\n<\/tr>\n<tr>\n<td>Ventes de disques<\/td>\n<td>Plus de <strong>180 millions de disques vendus<\/strong> dans le monde.<\/td>\n<\/tr>\n<tr>\n<td>Chansons \u00e9crites<\/td>\n<td>Auteur de <strong>plus de 1 000 chansons<\/strong>.<\/td>\n<\/tr>\n<tr>\n<td>Langues<\/td>\n<td>Enregistrements dans <strong>9 langues<\/strong>.<\/td>\n<\/tr>\n<tr>\n<td>Dur\u00e9e de carri\u00e8re<\/td>\n<td>Carri\u00e8re active pendant <strong>plus de 70 ans<\/strong>.<\/td>\n<\/tr>\n<tr>\n<td>\u00c2ge en tourn\u00e9e<\/td>\n<td>S\u2019est produit sur sc\u00e8ne jusqu\u2019\u00e0 <strong>92 ans<\/strong>.<\/td>\n<\/tr>\n<tr>\n<td>Carri\u00e8re cin\u00e9matographique<\/td>\n<td>A jou\u00e9 dans <strong>plus de 60 films<\/strong>.<\/td>\n<\/tr>\n<tr>\n<td>Patrimoine immobilier<\/td>\n<td>Propri\u00e9t\u00e9s en <strong>France et en Suisse<\/strong>.<\/td>\n<\/tr>\n<tr>\n<td>Fonctions officielles<\/td>\n<td>D\u00e9l\u00e9gu\u00e9 de l\u2019Arm\u00e9nie aupr\u00e8s de <strong>l\u2019UNESCO<\/strong>.<\/td>\n<\/tr>\n<\/tbody>\n<\/table>\n<blockquote class=\"instagram-media\" style=\"background: #FFF; border: 0; border-radius: 3px; box-shadow: 0 0 1px 0 rgba(0,0,0,0.5),0 1px 10px 0 rgba(0,0,0,0.15); margin: 1px; max-width: 540px; min-width: 326px; padding: 0; width: calc(100% - 2px);\" data-instgrm-permalink=\"https:\/\/www.instagram.com\/reel\/DShfzcSkgCW\/?utm_source=ig_embed&amp;utm_campaign=loading\" data-instgrm-version=\"14\">\n<div style=\"padding: 16px;\">\n<p>&nbsp;<\/p>\n<div style=\"display: flex; flex-direction: row; align-items: center;\">\n<div style=\"background-color: #f4f4f4; border-radius: 50%; flex-grow: 0; height: 40px; margin-right: 14px; width: 40px;\"><\/div>\n<div style=\"display: flex; flex-direction: column; flex-grow: 1; justify-content: center;\">\n<div style=\"background-color: #f4f4f4; border-radius: 4px; flex-grow: 0; height: 14px; margin-bottom: 6px; width: 100px;\"><\/div>\n<div style=\"background-color: #f4f4f4; border-radius: 4px; flex-grow: 0; height: 14px; width: 60px;\"><\/div>\n<\/div>\n<\/div>\n<div style=\"padding: 19% 0;\"><\/div>\n<div style=\"display: block; height: 50px; margin: 0 auto 12px; width: 50px;\"><\/div>\n<div style=\"padding-top: 8px;\">\n<div style=\"color: #3897f0; font-family: Arial,sans-serif; font-size: 14px; font-style: normal; font-weight: 550; line-height: 18px;\">View this post on Instagram<\/div>\n<\/div>\n<div style=\"padding: 12.5% 0;\"><\/div>\n<div style=\"display: flex; flex-direction: row; margin-bottom: 14px; align-items: center;\">\n<div>\n<div style=\"background-color: #f4f4f4; border-radius: 50%; height: 12.5px; width: 12.5px; transform: translateX(0px) translateY(7px);\"><\/div>\n<div style=\"background-color: #f4f4f4; height: 12.5px; transform: rotate(-45deg) translateX(3px) translateY(1px); width: 12.5px; flex-grow: 0; margin-right: 14px; margin-left: 2px;\"><\/div>\n<div style=\"background-color: #f4f4f4; border-radius: 50%; height: 12.5px; width: 12.5px; transform: translateX(9px) translateY(-18px);\"><\/div>\n<\/div>\n<div style=\"margin-left: 8px;\">\n<div style=\"background-color: #f4f4f4; border-radius: 50%; flex-grow: 0; height: 20px; width: 20px;\"><\/div>\n<div style=\"width: 0; height: 0; border-top: 2px solid transparent; border-left: 6px solid #f4f4f4; border-bottom: 2px solid transparent; transform: translateX(16px) translateY(-4px) rotate(30deg);\"><\/div>\n<\/div>\n<div style=\"margin-left: auto;\">\n<div style=\"width: 0px; border-top: 8px solid #F4F4F4; border-right: 8px solid transparent; transform: translateY(16px);\"><\/div>\n<div style=\"background-color: #f4f4f4; flex-grow: 0; height: 12px; width: 16px; transform: translateY(-4px);\"><\/div>\n<div style=\"width: 0; height: 0; border-top: 8px solid #F4F4F4; border-left: 8px solid transparent; transform: translateY(-4px) translateX(8px);\"><\/div>\n<\/div>\n<\/div>\n<div style=\"display: flex; flex-direction: column; flex-grow: 1; justify-content: center; margin-bottom: 24px;\">\n<div style=\"background-color: #f4f4f4; border-radius: 4px; flex-grow: 0; height: 14px; margin-bottom: 6px; width: 224px;\"><\/div>\n<div style=\"background-color: #f4f4f4; border-radius: 4px; flex-grow: 0; height: 14px; width: 144px;\"><\/div>\n<\/div>\n<p>&nbsp;<\/p>\n<p style=\"color: #c9c8cd; font-family: Arial,sans-serif; font-size: 14px; line-height: 17px; margin-bottom: 0; margin-top: 8px; overflow: hidden; padding: 8px 0 7px; text-align: center; text-overflow: ellipsis; white-space: nowrap;\"><a style=\"color: #c9c8cd; font-family: Arial,sans-serif; font-size: 14px; font-style: normal; font-weight: normal; line-height: 17px; text-decoration: none;\" href=\"https:\/\/www.instagram.com\/reel\/DShfzcSkgCW\/?utm_source=ig_embed&amp;utm_campaign=loading\" target=\"_blank\" rel=\"noopener\">A post shared by Charles Aznavour (@aznavourofficial)<\/a><\/p>\n<\/div>\n<\/blockquote>\n<p><script async src=\"\/\/www.instagram.com\/embed.js\"><\/script><\/p>\n<h3 data-start=\"998\" data-end=\"1027\">D\u00e9buts professionnels<\/h3>\n<p data-start=\"1029\" data-end=\"1475\">La carri\u00e8re musicale professionnelle de Charles Aznavour prend son essor dans les <strong data-start=\"1111\" data-end=\"1134\">ann\u00e9es 1940 \u00e0 Paris<\/strong>. Il se produit d\u2019abord dans des <strong data-start=\"1167\" data-end=\"1194\">cabarets et music-halls<\/strong>, souvent en duo avec le pianiste <strong data-start=\"1228\" data-end=\"1244\">Pierre Roche<\/strong>. En raison des contraintes li\u00e9es \u00e0 la guerre et du manque d\u2019auteurs-compositeurs, Aznavour commence \u00e0 <strong data-start=\"1347\" data-end=\"1378\">\u00e9crire ses propres chansons<\/strong> et obtient un <strong data-start=\"1393\" data-end=\"1414\">contrat d\u2019\u00e9dition<\/strong> aupr\u00e8s de <strong data-start=\"1425\" data-end=\"1441\">Raoul Breton<\/strong>, l\u2019\u00e9diteur de <strong data-start=\"1456\" data-end=\"1474\">Charles Trenet<\/strong>.<\/p>\n<p data-start=\"1477\" data-end=\"1898\">Ses premi\u00e8res compositions attirent rapidement l\u2019attention de <strong data-start=\"1539\" data-end=\"1567\">grands artistes fran\u00e7ais<\/strong>. Des interpr\u00e8tes tels que <strong data-start=\"1594\" data-end=\"1612\">Gilbert B\u00e9caud<\/strong>, <strong data-start=\"1614\" data-end=\"1632\">Juliette Gr\u00e9co<\/strong> et <strong data-start=\"1636\" data-end=\"1650\">\u00c9dith Piaf<\/strong> enregistrent ses chansons. En <strong data-start=\"1681\" data-end=\"1689\">1946<\/strong>, Piaf l\u2019invite \u00e0 l\u2019accompagner lors d\u2019une <strong data-start=\"1732\" data-end=\"1758\">tourn\u00e9e aux \u00c9tats-Unis<\/strong>, o\u00f9 il officie comme <strong data-start=\"1780\" data-end=\"1802\">pianiste et auteur<\/strong>, acqu\u00e9rant une exp\u00e9rience d\u00e9terminante en <strong data-start=\"1845\" data-end=\"1866\">\u00e9criture musicale<\/strong> et en <strong data-start=\"1873\" data-end=\"1897\">performance sc\u00e9nique<\/strong>.<\/p>\n<p data-start=\"1900\" data-end=\"2205\">La v\u00e9ritable perc\u00e9e d\u2019Aznavour en tant qu\u2019<strong data-start=\"1942\" data-end=\"1958\">artiste solo<\/strong> survient au <strong data-start=\"1971\" data-end=\"1997\">milieu des ann\u00e9es 1950<\/strong>. Apr\u00e8s plusieurs ann\u00e9es d\u2019efforts, sa prestation \u00e0 l\u2019<strong data-start=\"2051\" data-end=\"2079\">Olympia de Paris en 1955<\/strong> lui apporte son premier grand succ\u00e8s avec la chanson <strong data-start=\"2133\" data-end=\"2151\">\u00ab Sur ma vie \u00bb<\/strong>, qui le propulse sur le devant de la sc\u00e8ne nationale.<\/p>\n<p data-start=\"2207\" data-end=\"2565\">Longtemps critiqu\u00e9 pour sa <strong data-start=\"2234\" data-end=\"2249\">voix nasale<\/strong> et son style atypique, il voit progressivement l\u2019opinion se retourner en sa faveur. Son <strong data-start=\"2338\" data-end=\"2355\">t\u00e9nor vibrant<\/strong>, reconnaissable entre tous, devient sa signature. \u00c0 la fin des ann\u00e9es 1950, il est omnipr\u00e9sent \u00e0 la radio et dans les grandes salles fran\u00e7aises, s\u2019imposant comme une <strong data-start=\"2522\" data-end=\"2564\">figure majeure de la chanson fran\u00e7aise<\/strong>.<\/p>\n<h3 data-start=\"2572\" data-end=\"2630\">\u00c9volution des r\u00f4les et contributions \u00e0 l\u2019industrie<\/h3>\n<p data-start=\"2632\" data-end=\"3032\">Au fil des d\u00e9cennies suivantes, Charles Aznavour s\u2019affirme comme un <strong data-start=\"2700\" data-end=\"2764\">auteur-compositeur-interpr\u00e8te d\u2019une exceptionnelle f\u00e9condit\u00e9<\/strong>. Il compose un r\u00e9pertoire immense dans <strong data-start=\"2804\" data-end=\"2820\">neuf langues<\/strong>, m\u00ealant la <strong data-start=\"2832\" data-end=\"2868\">chanson fran\u00e7aise traditionnelle<\/strong> \u00e0 des influences <strong data-start=\"2886\" data-end=\"2901\">jazz et pop<\/strong>. Afin de toucher un public international, il apprend \u00e0 <strong data-start=\"2957\" data-end=\"2991\">chanter dans plusieurs langues<\/strong> avant de partir en tourn\u00e9e \u00e0 l\u2019\u00e9tranger.<\/p>\n<p data-start=\"3034\" data-end=\"3356\">Sa discographie comprend <strong data-start=\"3059\" data-end=\"3091\">des dizaines d\u2019albums studio<\/strong>, et il se produit sans rel\u00e2che \u00e0 travers le monde, en <strong data-start=\"3146\" data-end=\"3156\">Europe<\/strong>, en <strong data-start=\"3161\" data-end=\"3181\">Am\u00e9rique du Nord<\/strong>, en <strong data-start=\"3186\" data-end=\"3194\">Asie<\/strong> et ailleurs. En <strong data-start=\"3211\" data-end=\"3219\">1993<\/strong>, il r\u00e9alise notamment une <strong data-start=\"3246\" data-end=\"3284\">tourn\u00e9e de duos avec Liza Minnelli<\/strong>, couronn\u00e9e par un spectacle m\u00e9morable au <strong data-start=\"3326\" data-end=\"3355\">Carnegie Hall de New York<\/strong>.<\/p>\n<p data-start=\"3358\" data-end=\"3738\">Parall\u00e8lement \u00e0 sa carri\u00e8re musicale, Aznavour m\u00e8ne une <strong data-start=\"3414\" data-end=\"3453\">carri\u00e8re cin\u00e9matographique soutenue<\/strong>. D\u00e8s la fin des ann\u00e9es 1950, il appara\u00eet dans <strong data-start=\"3500\" data-end=\"3526\">plus de soixante films<\/strong>. Il interpr\u00e8te des r\u00f4les vari\u00e9s, allant du drame \u2014 comme dans <em data-start=\"3589\" data-end=\"3612\">Tirez sur le pianiste<\/em> de <strong data-start=\"3616\" data-end=\"3637\">Fran\u00e7ois Truffaut<\/strong> (1960) \u2014 \u00e0 la com\u00e9die, notamment <em data-start=\"3671\" data-end=\"3707\">Le Diable et les Dix Commandements<\/em> de <strong data-start=\"3711\" data-end=\"3730\">Christian-Jaque<\/strong> (1962).<\/p>\n<p data-start=\"3740\" data-end=\"4007\">En <strong data-start=\"3743\" data-end=\"3751\">2002<\/strong>, il tient le r\u00f4le principal dans <em data-start=\"3785\" data-end=\"3793\">Ararat<\/em> d\u2019<strong data-start=\"3796\" data-end=\"3811\">Atom Egoyan<\/strong>, un film consacr\u00e9 au <strong data-start=\"3833\" data-end=\"3854\">g\u00e9nocide arm\u00e9nien<\/strong>. Ces prestations au cin\u00e9ma, ainsi que ses apparitions sur sc\u00e8ne et \u00e0 la t\u00e9l\u00e9vision, renforcent sa <strong data-start=\"3953\" data-end=\"3981\">notori\u00e9t\u00e9 internationale<\/strong> au-del\u00e0 du monde musical.<\/p>\n<p data-start=\"4009\" data-end=\"4281\">Aznavour occupe \u00e9galement des <strong data-start=\"4039\" data-end=\"4070\">fonctions de responsabilit\u00e9<\/strong> dans l\u2019industrie musicale et dans la sph\u00e8re publique. En <strong data-start=\"4128\" data-end=\"4136\">1992<\/strong>, il devient <strong data-start=\"4149\" data-end=\"4204\">co-propri\u00e9taire de la maison d\u2019\u00e9dition Raoul Breton<\/strong>, contribuant \u00e0 la gestion d\u2019un <strong data-start=\"4236\" data-end=\"4280\">catalogue majeur de la chanson fran\u00e7aise<\/strong>.<\/p>\n<p data-start=\"4283\" data-end=\"4660\">Son engagement humanitaire est tout aussi marquant. Apr\u00e8s le <strong data-start=\"4344\" data-end=\"4385\">s\u00e9isme d\u00e9vastateur de 1988 en Arm\u00e9nie<\/strong>, il organise le single caritatif <strong data-start=\"4419\" data-end=\"4444\">\u00ab Pour toi, Arm\u00e9nie \u00bb<\/strong>, co\u00e9crit avec <strong data-start=\"4459\" data-end=\"4481\">Georges Garvarentz<\/strong>. Interpr\u00e9t\u00e9e par <strong data-start=\"4499\" data-end=\"4531\">plus de 90 artistes fran\u00e7ais<\/strong>, la chanson reste plusieurs semaines en t\u00eate des classements et permet de r\u00e9colter <strong data-start=\"4615\" data-end=\"4641\">des millions de francs<\/strong> pour les victimes.<\/p>\n<p data-start=\"4662\" data-end=\"4964\">Plus tard, il assume des <strong data-start=\"4687\" data-end=\"4720\">responsabilit\u00e9s diplomatiques<\/strong>. Il obtient la <strong data-start=\"4736\" data-end=\"4770\">nationalit\u00e9 arm\u00e9nienne en 2008<\/strong>, puis est nomm\u00e9 en <strong data-start=\"4790\" data-end=\"4833\">2009 ambassadeur de l\u2019Arm\u00e9nie en Suisse<\/strong>. Il avait auparavant occup\u00e9 le poste de <strong data-start=\"4874\" data-end=\"4935\">d\u00e9l\u00e9gu\u00e9 permanent de l\u2019Arm\u00e9nie aupr\u00e8s de l\u2019UNESCO \u00e0 Paris<\/strong> de <strong data-start=\"4939\" data-end=\"4963\">1995 jusqu\u2019\u00e0 sa mort<\/strong>.<\/p>\n<p data-start=\"4966\" data-end=\"5141\">Ces fonctions illustrent son attachement \u00e0 la <strong data-start=\"5012\" data-end=\"5037\">diplomatie culturelle<\/strong> et \u00e0 la <strong data-start=\"5046\" data-end=\"5076\">coop\u00e9ration internationale<\/strong>, reliant \u00e9troitement sa carri\u00e8re artistique \u00e0 l\u2019action publique.<\/p>\n<blockquote class=\"instagram-media\" style=\"background: #FFF; border: 0; border-radius: 3px; box-shadow: 0 0 1px 0 rgba(0,0,0,0.5),0 1px 10px 0 rgba(0,0,0,0.15); margin: 1px; max-width: 540px; min-width: 326px; padding: 0; width: calc(100% - 2px);\" data-instgrm-permalink=\"https:\/\/www.instagram.com\/reel\/DSFJOnoDBAw\/?utm_source=ig_embed&amp;utm_campaign=loading\" data-instgrm-version=\"14\">\n<div style=\"padding: 16px;\">\n<p>&nbsp;<\/p>\n<div style=\"display: flex; flex-direction: row; align-items: center;\">\n<div style=\"background-color: #f4f4f4; border-radius: 50%; flex-grow: 0; height: 40px; margin-right: 14px; width: 40px;\"><\/div>\n<div style=\"display: flex; flex-direction: column; flex-grow: 1; justify-content: center;\">\n<div style=\"background-color: #f4f4f4; border-radius: 4px; flex-grow: 0; height: 14px; margin-bottom: 6px; width: 100px;\"><\/div>\n<div style=\"background-color: #f4f4f4; border-radius: 4px; flex-grow: 0; height: 14px; width: 60px;\"><\/div>\n<\/div>\n<\/div>\n<div style=\"padding: 19% 0;\"><\/div>\n<div style=\"display: block; height: 50px; margin: 0 auto 12px; width: 50px;\"><\/div>\n<div style=\"padding-top: 8px;\">\n<div style=\"color: #3897f0; font-family: Arial,sans-serif; font-size: 14px; font-style: normal; font-weight: 550; line-height: 18px;\">View this post on Instagram<\/div>\n<\/div>\n<div style=\"padding: 12.5% 0;\"><\/div>\n<div style=\"display: flex; flex-direction: row; margin-bottom: 14px; align-items: center;\">\n<div>\n<div style=\"background-color: #f4f4f4; border-radius: 50%; height: 12.5px; width: 12.5px; transform: translateX(0px) translateY(7px);\"><\/div>\n<div style=\"background-color: #f4f4f4; height: 12.5px; transform: rotate(-45deg) translateX(3px) translateY(1px); width: 12.5px; flex-grow: 0; margin-right: 14px; margin-left: 2px;\"><\/div>\n<div style=\"background-color: #f4f4f4; border-radius: 50%; height: 12.5px; width: 12.5px; transform: translateX(9px) translateY(-18px);\"><\/div>\n<\/div>\n<div style=\"margin-left: 8px;\">\n<div style=\"background-color: #f4f4f4; border-radius: 50%; flex-grow: 0; height: 20px; width: 20px;\"><\/div>\n<div style=\"width: 0; height: 0; border-top: 2px solid transparent; border-left: 6px solid #f4f4f4; border-bottom: 2px solid transparent; transform: translateX(16px) translateY(-4px) rotate(30deg);\"><\/div>\n<\/div>\n<div style=\"margin-left: auto;\">\n<div style=\"width: 0px; border-top: 8px solid #F4F4F4; border-right: 8px solid transparent; transform: translateY(16px);\"><\/div>\n<div style=\"background-color: #f4f4f4; flex-grow: 0; height: 12px; width: 16px; transform: translateY(-4px);\"><\/div>\n<div style=\"width: 0; height: 0; border-top: 8px solid #F4F4F4; border-left: 8px solid transparent; transform: translateY(-4px) translateX(8px);\"><\/div>\n<\/div>\n<\/div>\n<div style=\"display: flex; flex-direction: column; flex-grow: 1; justify-content: center; margin-bottom: 24px;\">\n<div style=\"background-color: #f4f4f4; border-radius: 4px; flex-grow: 0; height: 14px; margin-bottom: 6px; width: 224px;\"><\/div>\n<div style=\"background-color: #f4f4f4; border-radius: 4px; flex-grow: 0; height: 14px; width: 144px;\"><\/div>\n<\/div>\n<p>&nbsp;<\/p>\n<p style=\"color: #c9c8cd; font-family: Arial,sans-serif; font-size: 14px; line-height: 17px; margin-bottom: 0; margin-top: 8px; overflow: hidden; padding: 8px 0 7px; text-align: center; text-overflow: ellipsis; white-space: nowrap;\"><a style=\"color: #c9c8cd; font-family: Arial,sans-serif; font-size: 14px; font-style: normal; font-weight: normal; line-height: 17px; text-decoration: none;\" href=\"https:\/\/www.instagram.com\/reel\/DSFJOnoDBAw\/?utm_source=ig_embed&amp;utm_campaign=loading\" target=\"_blank\" rel=\"noopener\">A post shared by Charles Aznavour (@aznavourofficial)<\/a><\/p>\n<\/div>\n<\/blockquote>\n<p><script async src=\"\/\/www.instagram.com\/embed.js\"><\/script><\/p>\n<h3 data-start=\"5148\" data-end=\"5188\">Moments marquants de sa carri\u00e8re<\/h3>\n<p data-start=\"5190\" data-end=\"5291\">La carri\u00e8re de Charles Aznavour se distingue par des <strong data-start=\"5243\" data-end=\"5289\">chiffres et accomplissements exceptionnels<\/strong> :<\/p>\n<ul>\n<li data-start=\"5295\" data-end=\"5336\">Environ <strong data-start=\"5303\" data-end=\"5334\">1 400 chansons enregistr\u00e9es<\/strong><\/li>\n<li data-start=\"5339\" data-end=\"5397\"><strong data-start=\"5339\" data-end=\"5381\">Plus de 200 millions de disques vendus<\/strong> dans le monde<\/li>\n<li data-start=\"5400\" data-end=\"5496\">Des dizaines d\u2019albums studio, faisant de lui l\u2019un des <strong data-start=\"5454\" data-end=\"5496\">artistes les plus vendus du XX\u1d49 si\u00e8cle<\/strong><\/li>\n<\/ul>\n<p data-start=\"5498\" data-end=\"5564\">Plusieurs de ses titres deviennent des <strong data-start=\"5537\" data-end=\"5562\">succ\u00e8s internationaux<\/strong> :<\/p>\n<ul>\n<li data-start=\"5568\" data-end=\"5651\"><strong data-start=\"5568\" data-end=\"5602\">\u00ab Yesterday When I Was Young \u00bb<\/strong> (1970), devenu un standard en Am\u00e9rique du Nord<\/li>\n<li data-start=\"5654\" data-end=\"5773\"><strong data-start=\"5654\" data-end=\"5665\">\u00ab She \u00bb<\/strong> (1974), class\u00e9 <strong data-start=\"5681\" data-end=\"5727\">n\u00b01 au Royaume-Uni pendant quatre semaines<\/strong>, avec une certification <strong data-start=\"5752\" data-end=\"5773\">disque de platine<\/strong><\/li>\n<\/ul>\n<p data-start=\"5775\" data-end=\"6165\">Il bat des <strong data-start=\"5786\" data-end=\"5809\">records d\u2019affluence<\/strong> lors de ses tourn\u00e9es, remplissant des salles prestigieuses telles que l\u2019<strong data-start=\"5882\" data-end=\"5902\">Olympia de Paris<\/strong>, le <strong data-start=\"5907\" data-end=\"5939\">Royal Albert Hall de Londres<\/strong> et le <strong data-start=\"5946\" data-end=\"5975\">Carnegie Hall de New York<\/strong>.<br data-start=\"5976\" data-end=\"5979\" \/>Fait remarquable, Aznavour continue \u00e0 se produire <strong data-start=\"6029\" data-end=\"6055\">jusqu\u2019\u00e0 plus de 90 ans<\/strong>. Sa derni\u00e8re tourn\u00e9e mondiale s\u2019ach\u00e8ve en <strong data-start=\"6098\" data-end=\"6138\">2016 au Pantages Theatre d\u2019Hollywood<\/strong>, alors qu\u2019il a <strong data-start=\"6154\" data-end=\"6164\">92 ans<\/strong>.<\/p>\n<p data-start=\"6167\" data-end=\"6204\">Son \u0153uvre est largement r\u00e9compens\u00e9e :<\/p>\n<ul>\n<li data-start=\"6208\" data-end=\"6277\"><strong data-start=\"6208\" data-end=\"6216\">1996<\/strong> : intronisation au <strong data-start=\"6236\" data-end=\"6264\">Songwriters Hall of Fame<\/strong> \u00e0 New York<\/li>\n<li data-start=\"6280\" data-end=\"6344\"><strong data-start=\"6280\" data-end=\"6288\">1997<\/strong> : nomm\u00e9 <strong data-start=\"6297\" data-end=\"6332\">Officier de la L\u00e9gion d\u2019honneur<\/strong> en France<\/li>\n<li data-start=\"6347\" data-end=\"6400\"><strong data-start=\"6347\" data-end=\"6355\">2004<\/strong> : proclam\u00e9 <strong data-start=\"6367\" data-end=\"6398\">H\u00e9ros national de l\u2019Arm\u00e9nie<\/strong><\/li>\n<li data-start=\"6403\" data-end=\"6475\"><strong data-start=\"6403\" data-end=\"6411\">2015<\/strong> : d\u00e9cor\u00e9 <strong data-start=\"6421\" data-end=\"6473\">Commandeur de l\u2019Ordre de la Couronne de Belgique<\/strong><\/li>\n<li data-start=\"6478\" data-end=\"6548\"><strong data-start=\"6478\" data-end=\"6486\">2017<\/strong> : \u00e9toile sur le <strong data-start=\"6503\" data-end=\"6529\">Hollywood Walk of Fame<\/strong> (Live Performance)<\/li>\n<\/ul>\n<p data-start=\"6550\" data-end=\"6653\">Ces distinctions, attribu\u00e9es par plusieurs pays, consacrent son <strong data-start=\"6614\" data-end=\"6652\">statut d\u2019ic\u00f4ne culturelle mondiale<\/strong>.<\/p>\n<h3 data-start=\"6660\" data-end=\"6697\">H\u00e9ritage et influence durable<\/h3>\n<p data-start=\"6699\" data-end=\"6966\">L\u2019h\u00e9ritage de Charles Aznavour repose sur la <strong data-start=\"6744\" data-end=\"6786\">dimension intemporelle de ses chansons<\/strong> et sur son r\u00f4le de <strong data-start=\"6806\" data-end=\"6836\">passeur entre les cultures<\/strong>. Il est souvent surnomm\u00e9 <strong data-start=\"6862\" data-end=\"6895\">\u00ab le Frank Sinatra fran\u00e7ais \u00bb<\/strong>, pour avoir insuffl\u00e9 une port\u00e9e internationale \u00e0 la chanson fran\u00e7aise.<\/p>\n<p data-start=\"6968\" data-end=\"7266\">Ses textes empreints de <strong data-start=\"6992\" data-end=\"7018\">sinc\u00e9rit\u00e9 \u00e9motionnelle<\/strong> et sa voix singuli\u00e8re ont contribu\u00e9 \u00e0 moderniser la <strong data-start=\"7071\" data-end=\"7092\">chanson fran\u00e7aise<\/strong>, la rendant plus intime et universelle. De nombreuses \u0153uvres demeurent aujourd\u2019hui des <strong data-start=\"7180\" data-end=\"7193\">standards<\/strong>, r\u00e9guli\u00e8rement repris par des artistes contemporains \u00e0 travers le monde.<\/p>\n<p data-start=\"7268\" data-end=\"7619\">Tout au long de sa vie, il fut un <strong data-start=\"7302\" data-end=\"7340\">ambassadeur de la langue fran\u00e7aise<\/strong>, tout en int\u00e9grant fr\u00e9quemment la <strong data-start=\"7375\" data-end=\"7397\">culture arm\u00e9nienne<\/strong> \u00e0 son travail. En <strong data-start=\"7416\" data-end=\"7424\">2018<\/strong>, lors de son hommage national, le pr\u00e9sident <strong data-start=\"7469\" data-end=\"7488\">Emmanuel Macron<\/strong> d\u00e9clara que <strong data-start=\"7501\" data-end=\"7561\">\u00ab Charles Aznavour nous a fait vivre avec ses chansons \u00bb<\/strong>, soulignant le lien profond entre son \u0153uvre et le public.<\/p>\n<p data-start=\"7621\" data-end=\"7944\">\u00c0 l\u2019occasion du <strong data-start=\"7637\" data-end=\"7675\">centenaire de sa naissance en 2024<\/strong>, l\u2019UNESCO a salu\u00e9 un artiste dont l\u2019\u0153uvre <strong data-start=\"7718\" data-end=\"7763\">\u00ab a travers\u00e9 le temps et les fronti\u00e8res \u00bb<\/strong>.<br data-start=\"7764\" data-end=\"7767\" \/>En <strong data-start=\"7770\" data-end=\"7778\">2016<\/strong>, Aznavour et sa famille fondent la <strong data-start=\"7814\" data-end=\"7836\">Fondation Aznavour<\/strong>, d\u00e9di\u00e9e \u00e0 l\u2019<strong data-start=\"7849\" data-end=\"7862\">\u00e9ducation<\/strong>, \u00e0 la <strong data-start=\"7869\" data-end=\"7880\">culture<\/strong> et aux <strong data-start=\"7888\" data-end=\"7912\">actions humanitaires<\/strong>, prolongeant ainsi ses valeurs.<\/p>\n<p data-start=\"7946\" data-end=\"8204\">Concerts comm\u00e9moratifs, expositions, reprises musicales et festivals continuent d\u2019honorer sa m\u00e9moire. Charles Aznavour demeure une <strong data-start=\"8077\" data-end=\"8118\">figure majeure de la musique mondiale<\/strong>, c\u00e9l\u00e9br\u00e9e pour son humanisme, sa long\u00e9vit\u00e9 artistique et son impact culturel durable.<\/p>\n<\/div>\n<\/div>\n<\/div>\n<\/div>\n<\/div>\n<\/div>\n<\/article>\n<\/div>\n<div class=\"flex flex-col text-sm pb-25\">\n<article class=\"text-token-text-primary w-full focus:outline-none [--shadow-height:45px] has-data-writing-block:pointer-events-none has-data-writing-block:-mt-(--shadow-height) has-data-writing-block:pt-(--shadow-height) [&amp;:has([data-writing-block])&gt;*]:pointer-events-auto scroll-mt-[calc(var(--header-height)+min(200px,max(70px,20svh)))]\" dir=\"auto\" data-turn-id=\"request-695fabe2-c968-832f-b953-9735a72ab5e6-6\" data-testid=\"conversation-turn-8\" data-scroll-anchor=\"true\" data-turn=\"assistant\">\n<div class=\"text-base my-auto mx-auto pb-10 [--thread-content-margin:--spacing(4)] @w-sm\/main:[--thread-content-margin:--spacing(6)] @w-lg\/main:[--thread-content-margin:--spacing(16)] px-(--thread-content-margin)\">\n<div class=\"[--thread-content-max-width:40rem] @w-lg\/main:[--thread-content-max-width:48rem] mx-auto max-w-(--thread-content-max-width) flex-1 group\/turn-messages focus-visible:outline-hidden relative flex w-full min-w-0 flex-col agent-turn\">\n<div class=\"flex max-w-full flex-col grow\">\n<div class=\"min-h-8 text-message relative flex w-full flex-col items-end gap-2 text-start break-words whitespace-normal [.text-message+&amp;]:mt-1\" dir=\"auto\" data-message-author-role=\"assistant\" data-message-id=\"9de9e16d-8593-4901-8ecd-fefd995b5196\" data-message-model-slug=\"gpt-5-2\">\n<div class=\"flex w-full flex-col gap-1 empty:hidden first:pt-[1px]\">\n<div class=\"markdown prose dark:prose-invert w-full break-words dark markdown-new-styling\">\n<h2 data-start=\"8211\" data-end=\"8246\">Fortune de Charles Aznavour<\/h2>\n<p data-start=\"8248\" data-end=\"8511\">Au moment de son d\u00e9c\u00e8s en <strong data-start=\"8274\" data-end=\"8282\">2018<\/strong>, la <strong data-start=\"8287\" data-end=\"8318\">fortune de Charles Aznavour<\/strong> \u00e9tait estim\u00e9e entre <strong data-start=\"8339\" data-end=\"8372\">25 et 145 millions de dollars<\/strong>. Cette richesse provenait d\u2019une carri\u00e8re s\u2019\u00e9tendant sur <strong data-start=\"8429\" data-end=\"8455\">plus de sept d\u00e9cennies<\/strong> en tant que <strong data-start=\"8468\" data-end=\"8510\">chanteur, auteur-compositeur et acteur<\/strong>.<\/p>\n<p data-start=\"8513\" data-end=\"8928\" data-is-last-node=\"\" data-is-only-node=\"\">Il a \u00e9crit <strong data-start=\"8524\" data-end=\"8550\">plus de 1 000 chansons<\/strong>, vendu environ <strong data-start=\"8566\" data-end=\"8593\">180 millions de disques<\/strong>, jou\u00e9 dans <strong data-start=\"8605\" data-end=\"8625\">plus de 60 films<\/strong> et per\u00e7u des <strong data-start=\"8639\" data-end=\"8667\">droits d\u2019auteur durables<\/strong> sur ses succ\u00e8s embl\u00e9matiques.<br data-start=\"8697\" data-end=\"8700\" \/>Ses revenus \u00e9taient \u00e9galement soutenus par des <strong data-start=\"8747\" data-end=\"8786\">tourn\u00e9es internationales intensives<\/strong> et des <strong data-start=\"8794\" data-end=\"8825\">investissements immobiliers<\/strong>. \u00c0 sa mort, il poss\u00e9dait notamment <strong data-start=\"8861\" data-end=\"8893\">un h\u00f4tel particulier \u00e0 Paris<\/strong> ainsi que des <strong data-start=\"8908\" data-end=\"8927\">biens en Suisse<\/strong>.<\/p>\n<\/div>\n<\/div>\n<\/div>\n<\/div>\n<\/div>\n<\/div>\n<\/article>\n<\/div>\n","protected":false},"excerpt":{"rendered":"<p>Charles Aznavour est n\u00e9 sous le nom de Shahnour Vaghinag Aznavourian le 22 mai 1924, dans le quartier de Saint-Germain-des-Pr\u00e9s \u00e0 Paris. Il \u00e9tait le fils de Michael (\u00ab Misha \u00bb) et Knar Aznavourian, d\u2019origine arm\u00e9nienne, tous deux r\u00e9fugi\u00e9s en France apr\u00e8s avoir fui le g\u00e9nocide arm\u00e9nien de 1915 perp\u00e9tr\u00e9 dans l\u2019Empire ottoman. Il avait &hellip;<\/p>\n","protected":false},"author":4,"featured_media":2603,"comment_status":"open","ping_status":"open","sticky":false,"template":"","format":"standard","meta":{"footnotes":""},"categories":[44],"tags":[],"class_list":["post-2600","post","type-post","status-publish","format-standard","has-post-thumbnail","hentry","category-chanteuse"],"yoast_head":"<!-- This site is optimized with the Yoast SEO plugin v27.2 - https:\/\/yoast.com\/product\/yoast-seo-wordpress\/ -->\n<title>Quelle \u00e9tait la fortune de Charles Aznavour au moment de sa mort ?<\/title>\n<meta name=\"description\" content=\"Un aper\u00e7u clair de la fortune de Charles Aznavour, incluant les ventes de disques, les revenus de tourn\u00e9es, sa carri\u00e8re d\u2019acteur et les,\" \/>\n<meta name=\"robots\" content=\"index, follow, max-snippet:-1, max-image-preview:large, max-video-preview:-1\" \/>\n<link rel=\"canonical\" href=\"https:\/\/fashubash.com\/fr\/charles-aznavour-fortune\/\" \/>\n<meta property=\"og:locale\" content=\"fr_FR\" \/>\n<meta property=\"og:type\" content=\"article\" \/>\n<meta property=\"og:title\" content=\"Quelle \u00e9tait la fortune de Charles Aznavour au moment de sa mort ?\" \/>\n<meta property=\"og:description\" content=\"Un aper\u00e7u clair de la fortune de Charles Aznavour, incluant les ventes de disques, les revenus de tourn\u00e9es, sa carri\u00e8re d\u2019acteur et les,\" \/>\n<meta property=\"og:url\" content=\"https:\/\/fashubash.com\/fr\/charles-aznavour-fortune\/\" \/>\n<meta property=\"og:site_name\" content=\"FashuBash\" \/>\n<meta property=\"article:published_time\" content=\"2026-01-08T16:01:33+00:00\" \/>\n<meta property=\"og:image\" content=\"https:\/\/fashubash.com\/fr\/wp-content\/uploads\/2026\/01\/Quelle-etait-la-fortune-de-Charles-Aznavour-au-moment-de-sa-mort.jpg\" \/>\n\t<meta property=\"og:image:width\" content=\"225\" \/>\n\t<meta property=\"og:image:height\" content=\"225\" \/>\n\t<meta property=\"og:image:type\" content=\"image\/jpeg\" \/>\n<meta name=\"author\" content=\"Alex C\" \/>\n<meta name=\"twitter:card\" content=\"summary_large_image\" \/>\n<meta name=\"twitter:label1\" content=\"\u00c9crit par\" \/>\n\t<meta name=\"twitter:data1\" content=\"Alex C\" \/>\n\t<meta name=\"twitter:label2\" content=\"Dur\u00e9e de lecture estim\u00e9e\" \/>\n\t<meta name=\"twitter:data2\" content=\"8 minutes\" \/>\n<script type=\"application\/ld+json\" class=\"yoast-schema-graph\">{\"@context\":\"https:\/\/schema.org\",\"@graph\":[{\"@type\":\"Article\",\"@id\":\"https:\/\/fashubash.com\/fr\/charles-aznavour-fortune\/#article\",\"isPartOf\":{\"@id\":\"https:\/\/fashubash.com\/fr\/charles-aznavour-fortune\/\"},\"author\":{\"name\":\"Alex C\",\"@id\":\"https:\/\/fashubash.com\/fr\/#\/schema\/person\/8ff2ec71248c40fea373970020877682\"},\"headline\":\"Quelle \u00e9tait la fortune de Charles Aznavour au moment de sa mort ?\",\"datePublished\":\"2026-01-08T16:01:33+00:00\",\"mainEntityOfPage\":{\"@id\":\"https:\/\/fashubash.com\/fr\/charles-aznavour-fortune\/\"},\"wordCount\":1555,\"commentCount\":0,\"image\":{\"@id\":\"https:\/\/fashubash.com\/fr\/charles-aznavour-fortune\/#primaryimage\"},\"thumbnailUrl\":\"https:\/\/fashubash.com\/fr\/wp-content\/uploads\/2026\/01\/Quelle-etait-la-fortune-de-Charles-Aznavour-au-moment-de-sa-mort.jpg\",\"articleSection\":[\"Chanteuse\"],\"inLanguage\":\"fr-FR\",\"potentialAction\":[{\"@type\":\"CommentAction\",\"name\":\"Comment\",\"target\":[\"https:\/\/fashubash.com\/fr\/charles-aznavour-fortune\/#respond\"]}]},{\"@type\":\"WebPage\",\"@id\":\"https:\/\/fashubash.com\/fr\/charles-aznavour-fortune\/\",\"url\":\"https:\/\/fashubash.com\/fr\/charles-aznavour-fortune\/\",\"name\":\"Quelle \u00e9tait la fortune de Charles Aznavour au moment de sa mort ?\",\"isPartOf\":{\"@id\":\"https:\/\/fashubash.com\/fr\/#website\"},\"primaryImageOfPage\":{\"@id\":\"https:\/\/fashubash.com\/fr\/charles-aznavour-fortune\/#primaryimage\"},\"image\":{\"@id\":\"https:\/\/fashubash.com\/fr\/charles-aznavour-fortune\/#primaryimage\"},\"thumbnailUrl\":\"https:\/\/fashubash.com\/fr\/wp-content\/uploads\/2026\/01\/Quelle-etait-la-fortune-de-Charles-Aznavour-au-moment-de-sa-mort.jpg\",\"datePublished\":\"2026-01-08T16:01:33+00:00\",\"author\":{\"@id\":\"https:\/\/fashubash.com\/fr\/#\/schema\/person\/8ff2ec71248c40fea373970020877682\"},\"description\":\"Un aper\u00e7u clair de la fortune de Charles Aznavour, incluant les ventes de disques, les revenus de tourn\u00e9es, sa carri\u00e8re d\u2019acteur et les,\",\"breadcrumb\":{\"@id\":\"https:\/\/fashubash.com\/fr\/charles-aznavour-fortune\/#breadcrumb\"},\"inLanguage\":\"fr-FR\",\"potentialAction\":[{\"@type\":\"ReadAction\",\"target\":[\"https:\/\/fashubash.com\/fr\/charles-aznavour-fortune\/\"]}]},{\"@type\":\"ImageObject\",\"inLanguage\":\"fr-FR\",\"@id\":\"https:\/\/fashubash.com\/fr\/charles-aznavour-fortune\/#primaryimage\",\"url\":\"https:\/\/fashubash.com\/fr\/wp-content\/uploads\/2026\/01\/Quelle-etait-la-fortune-de-Charles-Aznavour-au-moment-de-sa-mort.jpg\",\"contentUrl\":\"https:\/\/fashubash.com\/fr\/wp-content\/uploads\/2026\/01\/Quelle-etait-la-fortune-de-Charles-Aznavour-au-moment-de-sa-mort.jpg\",\"width\":225,\"height\":225,\"caption\":\"Charles Aznavour Fortune\"},{\"@type\":\"BreadcrumbList\",\"@id\":\"https:\/\/fashubash.com\/fr\/charles-aznavour-fortune\/#breadcrumb\",\"itemListElement\":[{\"@type\":\"ListItem\",\"position\":1,\"name\":\"Accueil\",\"item\":\"https:\/\/fashubash.com\/fr\/\"},{\"@type\":\"ListItem\",\"position\":2,\"name\":\"Quelle \u00e9tait la fortune de Charles Aznavour au moment de sa mort ?\"}]},{\"@type\":\"WebSite\",\"@id\":\"https:\/\/fashubash.com\/fr\/#website\",\"url\":\"https:\/\/fashubash.com\/fr\/\",\"name\":\"FashuBash\",\"description\":\"Estime Fortune\",\"potentialAction\":[{\"@type\":\"SearchAction\",\"target\":{\"@type\":\"EntryPoint\",\"urlTemplate\":\"https:\/\/fashubash.com\/fr\/?s={search_term_string}\"},\"query-input\":{\"@type\":\"PropertyValueSpecification\",\"valueRequired\":true,\"valueName\":\"search_term_string\"}}],\"inLanguage\":\"fr-FR\"},{\"@type\":\"Person\",\"@id\":\"https:\/\/fashubash.com\/fr\/#\/schema\/person\/8ff2ec71248c40fea373970020877682\",\"name\":\"Alex C\",\"image\":{\"@type\":\"ImageObject\",\"inLanguage\":\"fr-FR\",\"@id\":\"https:\/\/secure.gravatar.com\/avatar\/4171ee932dff73cb47d6416e67667dcab1f489bd31739fbb405732d7d700ea3d?s=96&d=mm&r=g\",\"url\":\"https:\/\/secure.gravatar.com\/avatar\/4171ee932dff73cb47d6416e67667dcab1f489bd31739fbb405732d7d700ea3d?s=96&d=mm&r=g\",\"contentUrl\":\"https:\/\/secure.gravatar.com\/avatar\/4171ee932dff73cb47d6416e67667dcab1f489bd31739fbb405732d7d700ea3d?s=96&d=mm&r=g\",\"caption\":\"Alex C\"},\"sameAs\":[\"https:\/\/fashubash.com\/fr\/\"],\"url\":\"https:\/\/fashubash.com\/fr\/author\/alexander-c22\/\"}]}<\/script>\n<!-- \/ Yoast SEO plugin. -->","yoast_head_json":{"title":"Quelle \u00e9tait la fortune de Charles Aznavour au moment de sa mort ?","description":"Un aper\u00e7u clair de la fortune de Charles Aznavour, incluant les ventes de disques, les revenus de tourn\u00e9es, sa carri\u00e8re d\u2019acteur et les,","robots":{"index":"index","follow":"follow","max-snippet":"max-snippet:-1","max-image-preview":"max-image-preview:large","max-video-preview":"max-video-preview:-1"},"canonical":"https:\/\/fashubash.com\/fr\/charles-aznavour-fortune\/","og_locale":"fr_FR","og_type":"article","og_title":"Quelle \u00e9tait la fortune de Charles Aznavour au moment de sa mort ?","og_description":"Un aper\u00e7u clair de la fortune de Charles Aznavour, incluant les ventes de disques, les revenus de tourn\u00e9es, sa carri\u00e8re d\u2019acteur et les,","og_url":"https:\/\/fashubash.com\/fr\/charles-aznavour-fortune\/","og_site_name":"FashuBash","article_published_time":"2026-01-08T16:01:33+00:00","og_image":[{"width":225,"height":225,"url":"https:\/\/fashubash.com\/fr\/wp-content\/uploads\/2026\/01\/Quelle-etait-la-fortune-de-Charles-Aznavour-au-moment-de-sa-mort.jpg","type":"image\/jpeg"}],"author":"Alex C","twitter_card":"summary_large_image","twitter_misc":{"\u00c9crit par":"Alex C","Dur\u00e9e de lecture estim\u00e9e":"8 minutes"},"schema":{"@context":"https:\/\/schema.org","@graph":[{"@type":"Article","@id":"https:\/\/fashubash.com\/fr\/charles-aznavour-fortune\/#article","isPartOf":{"@id":"https:\/\/fashubash.com\/fr\/charles-aznavour-fortune\/"},"author":{"name":"Alex C","@id":"https:\/\/fashubash.com\/fr\/#\/schema\/person\/8ff2ec71248c40fea373970020877682"},"headline":"Quelle \u00e9tait la fortune de Charles Aznavour au moment de sa mort ?","datePublished":"2026-01-08T16:01:33+00:00","mainEntityOfPage":{"@id":"https:\/\/fashubash.com\/fr\/charles-aznavour-fortune\/"},"wordCount":1555,"commentCount":0,"image":{"@id":"https:\/\/fashubash.com\/fr\/charles-aznavour-fortune\/#primaryimage"},"thumbnailUrl":"https:\/\/fashubash.com\/fr\/wp-content\/uploads\/2026\/01\/Quelle-etait-la-fortune-de-Charles-Aznavour-au-moment-de-sa-mort.jpg","articleSection":["Chanteuse"],"inLanguage":"fr-FR","potentialAction":[{"@type":"CommentAction","name":"Comment","target":["https:\/\/fashubash.com\/fr\/charles-aznavour-fortune\/#respond"]}]},{"@type":"WebPage","@id":"https:\/\/fashubash.com\/fr\/charles-aznavour-fortune\/","url":"https:\/\/fashubash.com\/fr\/charles-aznavour-fortune\/","name":"Quelle \u00e9tait la fortune de Charles Aznavour au moment de sa mort ?","isPartOf":{"@id":"https:\/\/fashubash.com\/fr\/#website"},"primaryImageOfPage":{"@id":"https:\/\/fashubash.com\/fr\/charles-aznavour-fortune\/#primaryimage"},"image":{"@id":"https:\/\/fashubash.com\/fr\/charles-aznavour-fortune\/#primaryimage"},"thumbnailUrl":"https:\/\/fashubash.com\/fr\/wp-content\/uploads\/2026\/01\/Quelle-etait-la-fortune-de-Charles-Aznavour-au-moment-de-sa-mort.jpg","datePublished":"2026-01-08T16:01:33+00:00","author":{"@id":"https:\/\/fashubash.com\/fr\/#\/schema\/person\/8ff2ec71248c40fea373970020877682"},"description":"Un aper\u00e7u clair de la fortune de Charles Aznavour, incluant les ventes de disques, les revenus de tourn\u00e9es, sa carri\u00e8re d\u2019acteur et les,","breadcrumb":{"@id":"https:\/\/fashubash.com\/fr\/charles-aznavour-fortune\/#breadcrumb"},"inLanguage":"fr-FR","potentialAction":[{"@type":"ReadAction","target":["https:\/\/fashubash.com\/fr\/charles-aznavour-fortune\/"]}]},{"@type":"ImageObject","inLanguage":"fr-FR","@id":"https:\/\/fashubash.com\/fr\/charles-aznavour-fortune\/#primaryimage","url":"https:\/\/fashubash.com\/fr\/wp-content\/uploads\/2026\/01\/Quelle-etait-la-fortune-de-Charles-Aznavour-au-moment-de-sa-mort.jpg","contentUrl":"https:\/\/fashubash.com\/fr\/wp-content\/uploads\/2026\/01\/Quelle-etait-la-fortune-de-Charles-Aznavour-au-moment-de-sa-mort.jpg","width":225,"height":225,"caption":"Charles Aznavour Fortune"},{"@type":"BreadcrumbList","@id":"https:\/\/fashubash.com\/fr\/charles-aznavour-fortune\/#breadcrumb","itemListElement":[{"@type":"ListItem","position":1,"name":"Accueil","item":"https:\/\/fashubash.com\/fr\/"},{"@type":"ListItem","position":2,"name":"Quelle \u00e9tait la fortune de Charles Aznavour au moment de sa mort ?"}]},{"@type":"WebSite","@id":"https:\/\/fashubash.com\/fr\/#website","url":"https:\/\/fashubash.com\/fr\/","name":"FashuBash","description":"Estime Fortune","potentialAction":[{"@type":"SearchAction","target":{"@type":"EntryPoint","urlTemplate":"https:\/\/fashubash.com\/fr\/?s={search_term_string}"},"query-input":{"@type":"PropertyValueSpecification","valueRequired":true,"valueName":"search_term_string"}}],"inLanguage":"fr-FR"},{"@type":"Person","@id":"https:\/\/fashubash.com\/fr\/#\/schema\/person\/8ff2ec71248c40fea373970020877682","name":"Alex C","image":{"@type":"ImageObject","inLanguage":"fr-FR","@id":"https:\/\/secure.gravatar.com\/avatar\/4171ee932dff73cb47d6416e67667dcab1f489bd31739fbb405732d7d700ea3d?s=96&d=mm&r=g","url":"https:\/\/secure.gravatar.com\/avatar\/4171ee932dff73cb47d6416e67667dcab1f489bd31739fbb405732d7d700ea3d?s=96&d=mm&r=g","contentUrl":"https:\/\/secure.gravatar.com\/avatar\/4171ee932dff73cb47d6416e67667dcab1f489bd31739fbb405732d7d700ea3d?s=96&d=mm&r=g","caption":"Alex C"},"sameAs":["https:\/\/fashubash.com\/fr\/"],"url":"https:\/\/fashubash.com\/fr\/author\/alexander-c22\/"}]}},"_links":{"self":[{"href":"https:\/\/fashubash.com\/fr\/wp-json\/wp\/v2\/posts\/2600","targetHints":{"allow":["GET"]}}],"collection":[{"href":"https:\/\/fashubash.com\/fr\/wp-json\/wp\/v2\/posts"}],"about":[{"href":"https:\/\/fashubash.com\/fr\/wp-json\/wp\/v2\/types\/post"}],"author":[{"embeddable":true,"href":"https:\/\/fashubash.com\/fr\/wp-json\/wp\/v2\/users\/4"}],"replies":[{"embeddable":true,"href":"https:\/\/fashubash.com\/fr\/wp-json\/wp\/v2\/comments?post=2600"}],"version-history":[{"count":3,"href":"https:\/\/fashubash.com\/fr\/wp-json\/wp\/v2\/posts\/2600\/revisions"}],"predecessor-version":[{"id":2604,"href":"https:\/\/fashubash.com\/fr\/wp-json\/wp\/v2\/posts\/2600\/revisions\/2604"}],"wp:featuredmedia":[{"embeddable":true,"href":"https:\/\/fashubash.com\/fr\/wp-json\/wp\/v2\/media\/2603"}],"wp:attachment":[{"href":"https:\/\/fashubash.com\/fr\/wp-json\/wp\/v2\/media?parent=2600"}],"wp:term":[{"taxonomy":"category","embeddable":true,"href":"https:\/\/fashubash.com\/fr\/wp-json\/wp\/v2\/categories?post=2600"},{"taxonomy":"post_tag","embeddable":true,"href":"https:\/\/fashubash.com\/fr\/wp-json\/wp\/v2\/tags?post=2600"}],"curies":[{"name":"wp","href":"https:\/\/api.w.org\/{rel}","templated":true}]}}