{"id":2653,"date":"2026-01-18T19:02:35","date_gmt":"2026-01-18T19:02:35","guid":{"rendered":"https:\/\/fashubash.com\/fr\/?p=2653"},"modified":"2026-01-18T19:02:35","modified_gmt":"2026-01-18T19:02:35","slug":"elodie-frege-fortune","status":"publish","type":"post","link":"https:\/\/fashubash.com\/fr\/elodie-frege-fortune\/","title":{"rendered":"\u00c9lodie Fr\u00e9g\u00e9 Fortune : ce que l\u2019on sait r\u00e9ellement en 2026"},"content":{"rendered":"<p data-start=\"30\" data-end=\"445\"><strong data-start=\"30\" data-end=\"46\">\u00c9lodie Fr\u00e9g\u00e9<\/strong> est n\u00e9e le <strong data-start=\"58\" data-end=\"95\">15 f\u00e9vrier 1982 \u00e0 Cosne-sur-Loire<\/strong>, dans le d\u00e9partement de la <strong data-start=\"123\" data-end=\"133\">Ni\u00e8vre<\/strong>, en France. Elle a grandi dans une <strong data-start=\"169\" data-end=\"188\">famille modeste<\/strong> de cette r\u00e9gion du centre de la France ; ses parents n\u2019\u00e9taient pas musiciens. Sa premi\u00e8re influence musicale lui vient de son <strong data-start=\"315\" data-end=\"348\">grand-p\u00e8re maternel, Giuseppe<\/strong>, accord\u00e9oniste professionnel, qui lui enseigne le <strong data-start=\"399\" data-end=\"410\">solf\u00e8ge<\/strong> d\u00e8s l\u2019\u00e2ge d\u2019environ <strong data-start=\"431\" data-end=\"442\">six ans<\/strong>.<\/p>\n<p data-start=\"447\" data-end=\"725\">D\u00e8s l\u2019enfance, \u00c9lodie Fr\u00e9g\u00e9 se tourne vers les <strong data-start=\"494\" data-end=\"521\">disciplines artistiques<\/strong>. Elle commence la <strong data-start=\"540\" data-end=\"560\">danse \u00e0 cinq ans<\/strong> et, \u00e0 <strong data-start=\"567\" data-end=\"580\">douze ans<\/strong>, int\u00e8gre l\u2019<strong data-start=\"592\" data-end=\"618\">\u00e9cole de danse Guy Tel<\/strong>, pr\u00e8s de <strong data-start=\"628\" data-end=\"638\">Nevers<\/strong>. En parall\u00e8le, elle \u00e9tudie \u00e9galement les <strong data-start=\"680\" data-end=\"699\">arts plastiques<\/strong> dans le cadre scolaire.<\/p>\n<p data-start=\"727\" data-end=\"944\">Outre la danse, elle s\u2019initie \u00e0 la <strong data-start=\"762\" data-end=\"773\">guitare<\/strong>. Elle demande son premier instrument \u00e0 <strong data-start=\"813\" data-end=\"825\">huit ans<\/strong> et suit des cours pendant <strong data-start=\"852\" data-end=\"867\">huit ann\u00e9es<\/strong>, obtenant un <strong data-start=\"881\" data-end=\"916\">certificat de guitare classique<\/strong> \u00e0 l\u2019\u00e2ge de <strong data-start=\"928\" data-end=\"941\">seize ans<\/strong>.<\/p>\n<p data-start=\"946\" data-end=\"1221\">Durant son adolescence, elle se produit lors d\u2019\u00e9v\u00e9nements locaux. En <strong data-start=\"1015\" data-end=\"1023\">1999<\/strong>, son professeur de danse lui propose de chanter dans le spectacle annuel <strong data-start=\"1097\" data-end=\"1115\">son et lumi\u00e8re<\/strong> de sa ville, <strong data-start=\"1129\" data-end=\"1159\">\u00ab Nuits du Vieux Ch\u00e2teau \u00bb<\/strong>, marquant ainsi sa <strong data-start=\"1179\" data-end=\"1218\">premi\u00e8re prestation vocale publique<\/strong>.<\/p>\n<p data-start=\"1223\" data-end=\"1535\">Parall\u00e8lement \u00e0 sa formation artistique, \u00c9lodie Fr\u00e9g\u00e9 m\u00e8ne avec succ\u00e8s son parcours scolaire. Elle obtient un <strong data-start=\"1333\" data-end=\"1360\">baccalaur\u00e9at litt\u00e9raire<\/strong> en <strong data-start=\"1364\" data-end=\"1372\">2000<\/strong>, puis s\u2019inscrit \u00e0 l\u2019<strong data-start=\"1393\" data-end=\"1416\">Universit\u00e9 de Dijon<\/strong> pour y \u00e9tudier l\u2019<strong data-start=\"1434\" data-end=\"1445\">anglais<\/strong>. Les sources publiques ne pr\u00e9cisent pas davantage la suite de son parcours universitaire.<\/p>\n<table>\n<thead>\n<tr>\n<th>Sujet<\/th>\n<th>Informations<\/th>\n<\/tr>\n<\/thead>\n<tbody>\n<tr>\n<td>Nom complet<\/td>\n<td>\u00c9lodie Fr\u00e9g\u00e9<\/td>\n<\/tr>\n<tr>\n<td>Date de naissance<\/td>\n<td>15 f\u00e9vrier 1982<\/td>\n<\/tr>\n<tr>\n<td>Lieu de naissance<\/td>\n<td>Cosne-sur-Loire, France<\/td>\n<\/tr>\n<tr>\n<td>Origines familiales<\/td>\n<td>Issue d\u2019une famille modeste<\/td>\n<\/tr>\n<tr>\n<td>Influence musicale<\/td>\n<td>Son grand-p\u00e8re \u00e9tait accord\u00e9oniste<\/td>\n<\/tr>\n<tr>\n<td>Formation musicale<\/td>\n<td>\u00c9tudes de solf\u00e8ge et de guitare classique<\/td>\n<\/tr>\n<tr>\n<td>Formation en danse<\/td>\n<td>Formation \u00e0 l\u2019\u00e9cole de danse Guy Tel<\/td>\n<\/tr>\n<tr>\n<td>Premi\u00e8re prestation publique<\/td>\n<td>Premi\u00e8re prestation vocale en 1999<\/td>\n<\/tr>\n<tr>\n<td>\u00c9tudes<\/td>\n<td>\u00c9tudes d\u2019anglais \u00e0 l\u2019Universit\u00e9 de Dijon<\/td>\n<\/tr>\n<tr>\n<td>R\u00e9v\u00e9lation publique<\/td>\n<td>Gagnante de Star Academy (2003-2004)<\/td>\n<\/tr>\n<tr>\n<td>R\u00f4le au cin\u00e9ma<\/td>\n<td>Apparition dans <em>Potiche<\/em> (2010)<\/td>\n<\/tr>\n<tr>\n<td>R\u00f4les \u00e0 la t\u00e9l\u00e9vision<\/td>\n<td>Membre du jury de <em>Nouvelle Star<\/em><\/td>\n<\/tr>\n<tr>\n<td>Travail th\u00e9\u00e2tral<\/td>\n<td>Participation \u00e0 des productions th\u00e9\u00e2trales<\/td>\n<\/tr>\n<tr>\n<td>Apparition TV r\u00e9cente<\/td>\n<td>Membre du jury de <em>Mask Singer<\/em> (2023)<\/td>\n<\/tr>\n<tr>\n<td>Fortune<\/td>\n<td>Estim\u00e9e entre 200 et 250 millions de dollars, chiffres contradictoires et non confirm\u00e9s<\/td>\n<\/tr>\n<\/tbody>\n<\/table>\n<blockquote class=\"instagram-media\" style=\"background: #FFF;border: 0;border-radius: 3px;margin: 1px;max-width: 540px;min-width: 326px;padding: 0;width: calc(100% - 2px)\" data-instgrm-permalink=\"https:\/\/www.instagram.com\/p\/DGINIXdghW9\/?utm_source=ig_embed&amp;utm_campaign=loading\" data-instgrm-version=\"14\">\n<div style=\"padding: 16px\">\n<p>&nbsp;<\/p>\n<div style=\"flex-direction: row;align-items: center\">\n<div style=\"background-color: #f4f4f4;border-radius: 50%;flex-grow: 0;height: 40px;margin-right: 14px;width: 40px\"><\/div>\n<div style=\"flex-direction: column;flex-grow: 1;justify-content: center\">\n<div style=\"background-color: #f4f4f4;border-radius: 4px;flex-grow: 0;height: 14px;margin-bottom: 6px;width: 100px\"><\/div>\n<div style=\"background-color: #f4f4f4;border-radius: 4px;flex-grow: 0;height: 14px;width: 60px\"><\/div>\n<\/div>\n<\/div>\n<div style=\"padding: 19% 0\"><\/div>\n<div style=\"height: 50px;margin: 0 auto 12px;width: 50px\"><\/div>\n<div style=\"padding-top: 8px\">\n<div style=\"color: #3897f0;font-family: Arial,sans-serif;font-size: 14px;font-style: normal;font-weight: 550;line-height: 18px\">View this post on Instagram<\/div>\n<\/div>\n<div style=\"padding: 12.5% 0\"><\/div>\n<div style=\"flex-direction: row;margin-bottom: 14px;align-items: center\">\n<div>\n<div style=\"background-color: #f4f4f4;border-radius: 50%;height: 12.5px;width: 12.5px\"><\/div>\n<div style=\"background-color: #f4f4f4;height: 12.5px;width: 12.5px;flex-grow: 0;margin-right: 14px;margin-left: 2px\"><\/div>\n<div style=\"background-color: #f4f4f4;border-radius: 50%;height: 12.5px;width: 12.5px\"><\/div>\n<\/div>\n<div style=\"margin-left: 8px\">\n<div style=\"background-color: #f4f4f4;border-radius: 50%;flex-grow: 0;height: 20px;width: 20px\"><\/div>\n<div style=\"width: 0;height: 0;border-top: 2px solid transparent;border-left: 6px solid #f4f4f4;border-bottom: 2px solid transparent\"><\/div>\n<\/div>\n<div style=\"margin-left: auto\">\n<div style=\"width: 0px;border-top: 8px solid #F4F4F4;border-right: 8px solid transparent\"><\/div>\n<div style=\"background-color: #f4f4f4;flex-grow: 0;height: 12px;width: 16px\"><\/div>\n<div style=\"width: 0;height: 0;border-top: 8px solid #F4F4F4;border-left: 8px solid transparent\"><\/div>\n<\/div>\n<\/div>\n<div style=\"flex-direction: column;flex-grow: 1;justify-content: center;margin-bottom: 24px\">\n<div style=\"background-color: #f4f4f4;border-radius: 4px;flex-grow: 0;height: 14px;margin-bottom: 6px;width: 224px\"><\/div>\n<div style=\"background-color: #f4f4f4;border-radius: 4px;flex-grow: 0;height: 14px;width: 144px\"><\/div>\n<\/div>\n<p>&nbsp;<\/p>\n<p style=\"color: #c9c8cd;font-family: Arial,sans-serif;font-size: 14px;line-height: 17px;margin-bottom: 0;margin-top: 8px;overflow: hidden;padding: 8px 0 7px;text-align: center;white-space: nowrap\"><a style=\"color: #c9c8cd;font-family: Arial,sans-serif;font-size: 14px;font-style: normal;font-weight: normal;line-height: 17px;text-decoration: none\" href=\"https:\/\/www.instagram.com\/p\/DGINIXdghW9\/?utm_source=ig_embed&amp;utm_campaign=loading\" target=\"_blank\" rel=\"noopener\">A post shared by Elodie Fre\u0301ge\u0301 (@elodiefrege)<\/a><\/p>\n<\/div>\n<\/blockquote>\n<h3 data-start=\"1542\" data-end=\"1568\">D\u00e9buts de carri\u00e8re<\/h3>\n<p data-start=\"1570\" data-end=\"1876\">\u00c9lodie Fr\u00e9g\u00e9 acc\u00e8de \u00e0 la notori\u00e9t\u00e9 en remportant la <strong data-start=\"1622\" data-end=\"1677\">troisi\u00e8me saison de Star Academy France (2003\u20132004)<\/strong>. Cette victoire lui permet de signer un <strong data-start=\"1718\" data-end=\"1746\">contrat d\u2019enregistrement<\/strong> et conduit \u00e0 la sortie de son <strong data-start=\"1777\" data-end=\"1802\">premier album \u00e9ponyme<\/strong> en <strong data-start=\"1806\" data-end=\"1814\">2004<\/strong>, qui l\u2019impose comme <strong data-start=\"1835\" data-end=\"1850\">artiste pop<\/strong> sur la sc\u00e8ne fran\u00e7aise.<\/p>\n<p data-start=\"1878\" data-end=\"2116\">Elle encha\u00eene avec un <strong data-start=\"1900\" data-end=\"1925\">deuxi\u00e8me album studio<\/strong>, <strong data-start=\"1927\" data-end=\"1951\">Le Jeu des 7 erreurs<\/strong>, sorti en <strong data-start=\"1962\" data-end=\"1970\">2006<\/strong>, dans lequel elle conserve une esth\u00e9tique pop tout en amor\u00e7ant une <strong data-start=\"2038\" data-end=\"2068\">recherche plus personnelle<\/strong> en mati\u00e8re d\u2019\u00e9criture et d\u2019identit\u00e9 artistique.<\/p>\n<h3 data-start=\"2123\" data-end=\"2166\">\u00c9volution de carri\u00e8re et r\u00f4les cl\u00e9s<\/h3>\n<p data-start=\"2168\" data-end=\"2422\">Au cours de la d\u00e9cennie suivante, \u00c9lodie Fr\u00e9g\u00e9 \u00e9largit son champ d\u2019action, tant sur le plan musical que m\u00e9diatique. Son <strong data-start=\"2288\" data-end=\"2307\">troisi\u00e8me album<\/strong>, <strong data-start=\"2309\" data-end=\"2337\">La Fille de l\u2019apr\u00e8s-midi<\/strong> (<strong data-start=\"2339\" data-end=\"2347\">2010<\/strong>), marque une \u00e9tape importante et co\u00efncide avec ses <strong data-start=\"2399\" data-end=\"2419\">d\u00e9buts au cin\u00e9ma<\/strong>.<\/p>\n<p data-start=\"2424\" data-end=\"2680\">Elle interpr\u00e8te le r\u00f4le de <strong data-start=\"2451\" data-end=\"2462\">Suzanne<\/strong> dans le film <strong data-start=\"2476\" data-end=\"2487\">Potiche<\/strong> de <strong data-start=\"2491\" data-end=\"2508\">Fran\u00e7ois Ozon<\/strong>, sorti en <strong data-start=\"2519\" data-end=\"2527\">2010<\/strong>. La m\u00eame ann\u00e9e, elle entreprend une <strong data-start=\"2564\" data-end=\"2590\">tourn\u00e9e internationale<\/strong>, la <strong data-start=\"2595\" data-end=\"2615\">French Kiss Tour<\/strong>, notamment en <strong data-start=\"2630\" data-end=\"2649\">Europe de l\u2019Est<\/strong>, afin de promouvoir l\u2019album.<\/p>\n<p data-start=\"2682\" data-end=\"3004\">En <strong data-start=\"2685\" data-end=\"2693\">2013<\/strong>, elle publie son <strong data-start=\"2711\" data-end=\"2730\">quatri\u00e8me album<\/strong>, <strong data-start=\"2732\" data-end=\"2749\">Amuse-Bouches<\/strong>, sur lequel elle s\u2019implique pleinement en tant que <strong data-start=\"2801\" data-end=\"2843\">auteure-compositrice et co-productrice<\/strong>, signant ou co\u00e9crivant la majorit\u00e9 des titres. Ce projet confirme son \u00e9volution d\u2019ancienne gagnante de t\u00e9l\u00e9-crochet vers une <strong data-start=\"2969\" data-end=\"3001\">v\u00e9ritable auteure-interpr\u00e8te<\/strong>.<\/p>\n<p data-start=\"3006\" data-end=\"3111\">Durant cette p\u00e9riode, elle participe \u00e9galement \u00e0 plusieurs <strong data-start=\"3065\" data-end=\"3107\">collaborations musicales prestigieuses<\/strong> :<\/p>\n<ul>\n<li data-start=\"3114\" data-end=\"3175\">participation \u00e0 la compilation <strong data-start=\"3145\" data-end=\"3166\">Forever Gentlemen<\/strong> (2013)<\/li>\n<li data-start=\"3178\" data-end=\"3264\">enregistrement de <strong data-start=\"3196\" data-end=\"3230\">\u00ab Un jour mon prince viendra \u00bb<\/strong> pour l\u2019album <strong data-start=\"3244\" data-end=\"3262\">We Love Disney<\/strong><\/li>\n<li data-start=\"3267\" data-end=\"3336\">duos avec <strong data-start=\"3277\" data-end=\"3294\">Pascal Obispo<\/strong> sur son album <strong data-start=\"3309\" data-end=\"3327\">Le Grand Amour<\/strong> (2013)<\/li>\n<\/ul>\n<p data-start=\"3338\" data-end=\"3642\">En parall\u00e8le, \u00c9lodie Fr\u00e9g\u00e9 d\u00e9veloppe une <strong data-start=\"3379\" data-end=\"3413\">pr\u00e9sence t\u00e9l\u00e9visuelle affirm\u00e9e<\/strong>. En <strong data-start=\"3418\" data-end=\"3426\">2014<\/strong>, elle devient <strong data-start=\"3441\" data-end=\"3450\">coach<\/strong> dans l\u2019\u00e9mission <strong data-start=\"3467\" data-end=\"3501\">The Voice : la plus belle voix<\/strong> sur <strong data-start=\"3506\" data-end=\"3513\">TF1<\/strong>, avant de s\u2019orienter vers des r\u00f4les de <strong data-start=\"3553\" data-end=\"3583\">com\u00e9dienne \u00e0 la t\u00e9l\u00e9vision<\/strong>, notamment dans la s\u00e9rie <strong data-start=\"3609\" data-end=\"3627\">La Main du mal<\/strong> en <strong data-start=\"3631\" data-end=\"3639\">2015<\/strong>.<\/p>\n<p data-start=\"3644\" data-end=\"3766\">Elle rejoint \u00e9galement le collectif musical <strong data-start=\"3688\" data-end=\"3706\">Nouvelle Vague<\/strong> en <strong data-start=\"3710\" data-end=\"3718\">2013<\/strong>, enrichissant encore son parcours artistique.<\/p>\n<p data-start=\"3768\" data-end=\"4055\">\u00c0 partir de <strong data-start=\"3780\" data-end=\"3788\">2015<\/strong>, elle endosse un r\u00f4le de <strong data-start=\"3814\" data-end=\"3830\">jury musical<\/strong>, participant aux saisons <strong data-start=\"3856\" data-end=\"3885\">11 et 12 de Nouvelle Star<\/strong> (<strong data-start=\"3887\" data-end=\"3900\">2015\u20132016<\/strong>). Cette fonction renforce sa visibilit\u00e9 nationale et son image d\u2019<strong data-start=\"3966\" data-end=\"3986\">experte musicale<\/strong>, tandis qu\u2019elle poursuit ses <strong data-start=\"4016\" data-end=\"4054\">tourn\u00e9es et performances sc\u00e9niques<\/strong>.<\/p>\n<blockquote class=\"instagram-media\" style=\"background: #FFF;border: 0;border-radius: 3px;margin: 1px;max-width: 540px;min-width: 326px;padding: 0;width: calc(100% - 2px)\" data-instgrm-permalink=\"https:\/\/www.instagram.com\/p\/CyoKKtgox9k\/?utm_source=ig_embed&amp;utm_campaign=loading\" data-instgrm-version=\"14\">\n<div style=\"padding: 16px\">\n<p>&nbsp;<\/p>\n<div style=\"flex-direction: row;align-items: center\">\n<div style=\"background-color: #f4f4f4;border-radius: 50%;flex-grow: 0;height: 40px;margin-right: 14px;width: 40px\"><\/div>\n<div style=\"flex-direction: column;flex-grow: 1;justify-content: center\">\n<div style=\"background-color: #f4f4f4;border-radius: 4px;flex-grow: 0;height: 14px;margin-bottom: 6px;width: 100px\"><\/div>\n<div style=\"background-color: #f4f4f4;border-radius: 4px;flex-grow: 0;height: 14px;width: 60px\"><\/div>\n<\/div>\n<\/div>\n<div style=\"padding: 19% 0\"><\/div>\n<div style=\"height: 50px;margin: 0 auto 12px;width: 50px\"><\/div>\n<div style=\"padding-top: 8px\">\n<div style=\"color: #3897f0;font-family: Arial,sans-serif;font-size: 14px;font-style: normal;font-weight: 550;line-height: 18px\">View this post on Instagram<\/div>\n<\/div>\n<div style=\"padding: 12.5% 0\"><\/div>\n<div style=\"flex-direction: row;margin-bottom: 14px;align-items: center\">\n<div>\n<div style=\"background-color: #f4f4f4;border-radius: 50%;height: 12.5px;width: 12.5px\"><\/div>\n<div style=\"background-color: #f4f4f4;height: 12.5px;width: 12.5px;flex-grow: 0;margin-right: 14px;margin-left: 2px\"><\/div>\n<div style=\"background-color: #f4f4f4;border-radius: 50%;height: 12.5px;width: 12.5px\"><\/div>\n<\/div>\n<div style=\"margin-left: 8px\">\n<div style=\"background-color: #f4f4f4;border-radius: 50%;flex-grow: 0;height: 20px;width: 20px\"><\/div>\n<div style=\"width: 0;height: 0;border-top: 2px solid transparent;border-left: 6px solid #f4f4f4;border-bottom: 2px solid transparent\"><\/div>\n<\/div>\n<div style=\"margin-left: auto\">\n<div style=\"width: 0px;border-top: 8px solid #F4F4F4;border-right: 8px solid transparent\"><\/div>\n<div style=\"background-color: #f4f4f4;flex-grow: 0;height: 12px;width: 16px\"><\/div>\n<div style=\"width: 0;height: 0;border-top: 8px solid #F4F4F4;border-left: 8px solid transparent\"><\/div>\n<\/div>\n<\/div>\n<div style=\"flex-direction: column;flex-grow: 1;justify-content: center;margin-bottom: 24px\">\n<div style=\"background-color: #f4f4f4;border-radius: 4px;flex-grow: 0;height: 14px;margin-bottom: 6px;width: 224px\"><\/div>\n<div style=\"background-color: #f4f4f4;border-radius: 4px;flex-grow: 0;height: 14px;width: 144px\"><\/div>\n<\/div>\n<p>&nbsp;<\/p>\n<p style=\"color: #c9c8cd;font-family: Arial,sans-serif;font-size: 14px;line-height: 17px;margin-bottom: 0;margin-top: 8px;overflow: hidden;padding: 8px 0 7px;text-align: center;white-space: nowrap\"><a style=\"color: #c9c8cd;font-family: Arial,sans-serif;font-size: 14px;font-style: normal;font-weight: normal;line-height: 17px;text-decoration: none\" href=\"https:\/\/www.instagram.com\/p\/CyoKKtgox9k\/?utm_source=ig_embed&amp;utm_campaign=loading\" target=\"_blank\" rel=\"noopener\">A post shared by Festival Belen (@festivalbelen)<\/a><\/p>\n<\/div>\n<\/blockquote>\n<h3 data-start=\"4062\" data-end=\"4091\">R\u00e9alisations majeures<\/h3>\n<p data-start=\"4093\" data-end=\"4266\">Au milieu des <strong data-start=\"4107\" data-end=\"4122\">ann\u00e9es 2010<\/strong>, \u00c9lodie Fr\u00e9g\u00e9 s\u2019impose comme une <strong data-start=\"4156\" data-end=\"4179\">artiste polyvalente<\/strong>. L\u2019album <strong data-start=\"4189\" data-end=\"4206\">Amuse-Bouches<\/strong> (2013) illustre particuli\u00e8rement sa maturit\u00e9 artistique :<\/p>\n<ul>\n<li data-start=\"4269\" data-end=\"4306\"><strong data-start=\"4269\" data-end=\"4288\">8 titres sur 11<\/strong> \u00e9crits par elle<\/li>\n<li data-start=\"4309\" data-end=\"4347\">co-composition de plusieurs m\u00e9lodies<\/li>\n<li data-start=\"4350\" data-end=\"4412\">influences m\u00ealant <strong data-start=\"4368\" data-end=\"4375\">pop<\/strong>, <strong data-start=\"4377\" data-end=\"4385\">jazz<\/strong> et <strong data-start=\"4389\" data-end=\"4410\">sonorit\u00e9s latines<\/strong><\/li>\n<\/ul>\n<p data-start=\"4414\" data-end=\"4565\">Cette \u00e9volution artistique lui permet de d\u00e9passer son image initiale issue de la t\u00e9l\u00e9r\u00e9alit\u00e9 et d\u2019\u00eatre reconnue comme une <strong data-start=\"4536\" data-end=\"4562\">artiste \u00e0 part enti\u00e8re<\/strong>.<\/p>\n<p data-start=\"4567\" data-end=\"4784\">Elle maintient une <strong data-start=\"4586\" data-end=\"4617\">activit\u00e9 cr\u00e9ative constante<\/strong>, alternant albums, collaborations, bandes originales et <strong data-start=\"4674\" data-end=\"4686\">tourn\u00e9es<\/strong>, y compris \u00e0 l\u2019international, avec des concerts \u00e0 <strong data-start=\"4737\" data-end=\"4749\">Istanbul<\/strong> aux c\u00f4t\u00e9s de <strong data-start=\"4763\" data-end=\"4781\">Nouvelle Vague<\/strong>.<\/p>\n<p data-start=\"4786\" data-end=\"4835\">Son parcours s\u2019\u00e9tend \u00e9galement au <strong data-start=\"4820\" data-end=\"4831\">th\u00e9\u00e2tre<\/strong> :<\/p>\n<ul>\n<li data-start=\"4838\" data-end=\"4888\">r\u00f4le principal dans <strong data-start=\"4858\" data-end=\"4879\">Norma Jean Monroe<\/strong> (2019)<\/li>\n<li data-start=\"4891\" data-end=\"4945\">participation \u00e0 <strong data-start=\"4907\" data-end=\"4936\">Le Principe d\u2019incertitude<\/strong> (2023)<\/li>\n<\/ul>\n<p data-start=\"4947\" data-end=\"5142\">Dans l\u2019ensemble, \u00c9lodie Fr\u00e9g\u00e9 a construit une carri\u00e8re solide, non seulement comme <strong data-start=\"5030\" data-end=\"5047\">chanteuse pop<\/strong>, mais aussi comme <strong data-start=\"5066\" data-end=\"5100\">auteure, interpr\u00e8te et actrice<\/strong>, active sur plusieurs sc\u00e8nes artistiques.<\/p>\n<h3 data-start=\"5149\" data-end=\"5179\">D\u00e9veloppements r\u00e9cents<\/h3>\n<p data-start=\"5181\" data-end=\"5452\">Ces derni\u00e8res ann\u00e9es, \u00c9lodie Fr\u00e9g\u00e9 demeure <strong data-start=\"5224\" data-end=\"5245\">active et visible<\/strong> dans le paysage culturel fran\u00e7ais. En <strong data-start=\"5284\" data-end=\"5292\">2023<\/strong>, elle revient en <strong data-start=\"5310\" data-end=\"5324\">prime time<\/strong> sur <strong data-start=\"5329\" data-end=\"5336\">TF1<\/strong> en tant qu\u2019enqu\u00eatrice dans la <strong data-start=\"5367\" data-end=\"5402\">cinqui\u00e8me saison de Mask Singer<\/strong>, marquant un <strong data-start=\"5416\" data-end=\"5449\">nouveau temps fort t\u00e9l\u00e9visuel<\/strong>.<\/p>\n<p data-start=\"5454\" data-end=\"5704\">Parall\u00e8lement, elle poursuit sa carri\u00e8re musicale avec la sortie de <strong data-start=\"5522\" data-end=\"5558\">nouveaux singles en 2023 et 2024<\/strong>. Des entretiens indiquent qu\u2019elle travaille sur un <strong data-start=\"5610\" data-end=\"5631\">nouvel album solo<\/strong>, dans lequel elle occupe un <strong data-start=\"5660\" data-end=\"5701\">r\u00f4le central de production artistique<\/strong>.<\/p>\n<p data-start=\"5706\" data-end=\"5841\">Elle continue \u00e9galement \u00e0 se produire sur sc\u00e8ne, notamment dans de <strong data-start=\"5773\" data-end=\"5807\">nouvelles cr\u00e9ations th\u00e9\u00e2trales<\/strong> pr\u00e9sent\u00e9es en <strong data-start=\"5822\" data-end=\"5838\">2023 et 2024<\/strong>.<\/p>\n<p data-start=\"5843\" data-end=\"6178\">Ces projets r\u00e9cents t\u00e9moignent de la <strong data-start=\"5880\" data-end=\"5912\">continuit\u00e9 et de l\u2019\u00e9volution<\/strong> de son parcours. Toujours identifi\u00e9e comme une artiste de <strong data-start=\"5971\" data-end=\"6002\">pop et de chanson fran\u00e7aise<\/strong>, \u00c9lodie Fr\u00e9g\u00e9 int\u00e8gre d\u00e9sormais de mani\u00e8re affirm\u00e9e des <strong data-start=\"6059\" data-end=\"6089\">influences jazz et latines<\/strong>, confirmant sa <strong data-start=\"6105\" data-end=\"6127\">pertinence durable<\/strong> dans l\u2019industrie musicale et m\u00e9diatique fran\u00e7aise.<\/p>\n<h2 data-start=\"6185\" data-end=\"6215\">Fortune d\u2019\u00c9lodie Fr\u00e9g\u00e9<\/h2>\n<p data-start=\"6217\" data-end=\"6491\">En <strong data-start=\"6220\" data-end=\"6228\">2026<\/strong>, la <strong data-start=\"6233\" data-end=\"6259\">fortune d\u2019\u00c9lodie Fr\u00e9g\u00e9<\/strong> est estim\u00e9e entre <strong data-start=\"6278\" data-end=\"6312\">200 et 250 millions de dollars<\/strong>, selon diverses sources en ligne aux <strong data-start=\"6350\" data-end=\"6382\">estimations tr\u00e8s divergentes<\/strong>. En l\u2019absence de confirmation par des <strong data-start=\"6421\" data-end=\"6454\">organismes financiers majeurs<\/strong>, ce chiffre demeure <strong data-start=\"6475\" data-end=\"6488\">incertain<\/strong>.<\/p>\n<p data-start=\"6493\" data-end=\"6587\">Ses revenus proviennent principalement de sa <strong data-start=\"6538\" data-end=\"6573\">carri\u00e8re musicale et artistique<\/strong>, incluant :<\/p>\n<ul>\n<li data-start=\"6590\" data-end=\"6607\">ventes d\u2019albums<\/li>\n<li data-start=\"6610\" data-end=\"6632\">tourn\u00e9es et concerts<\/li>\n<li data-start=\"6635\" data-end=\"6678\">apparitions t\u00e9l\u00e9vis\u00e9es et r\u00f4les d\u2019actrice<\/li>\n<\/ul>\n<p data-start=\"6680\" data-end=\"6844\" data-is-last-node=\"\" data-is-only-node=\"\">Elle compl\u00e8te ces revenus par des <strong data-start=\"6714\" data-end=\"6744\">partenariats publicitaires<\/strong> et des <strong data-start=\"6752\" data-end=\"6783\">op\u00e9rations de communication<\/strong>, contribuant \u00e0 la diversification de ses sources de revenus.<\/p>\n","protected":false},"excerpt":{"rendered":"<p>\u00c9lodie Fr\u00e9g\u00e9 est n\u00e9e le 15 f\u00e9vrier 1982 \u00e0 Cosne-sur-Loire, dans le d\u00e9partement de la Ni\u00e8vre, en France. Elle a grandi dans une famille modeste de cette r\u00e9gion du centre de la France ; ses parents n\u2019\u00e9taient pas musiciens. Sa premi\u00e8re influence musicale lui vient de son grand-p\u00e8re maternel, Giuseppe, accord\u00e9oniste professionnel, qui lui enseigne &hellip;<\/p>\n","protected":false},"author":4,"featured_media":2654,"comment_status":"open","ping_status":"open","sticky":false,"template":"","format":"standard","meta":{"footnotes":""},"categories":[44],"tags":[],"class_list":["post-2653","post","type-post","status-publish","format-standard","has-post-thumbnail","hentry","category-chanteuse"],"yoast_head":"<!-- This site is optimized with the Yoast SEO plugin v27.2 - https:\/\/yoast.com\/product\/yoast-seo-wordpress\/ -->\n<title>\u00c9lodie Fr\u00e9g\u00e9 Fortune : ce que l\u2019on sait r\u00e9ellement en 2026<\/title>\n<meta name=\"description\" content=\"\u00e9lodie fr\u00e9g\u00e9 Fortune expliqu\u00e9e \u00e0 partir de faits v\u00e9rifi\u00e9s, d\u2019estimations r\u00e9alistes et de l\u2019impact de sa carri\u00e8re musicale, t\u00e9l\u00e9visuelle et,\" \/>\n<meta name=\"robots\" content=\"index, follow, max-snippet:-1, max-image-preview:large, max-video-preview:-1\" \/>\n<link rel=\"canonical\" href=\"https:\/\/fashubash.com\/fr\/elodie-frege-fortune\/\" \/>\n<meta property=\"og:locale\" content=\"fr_FR\" \/>\n<meta property=\"og:type\" content=\"article\" \/>\n<meta property=\"og:title\" content=\"\u00c9lodie Fr\u00e9g\u00e9 Fortune : ce que l\u2019on sait r\u00e9ellement en 2026\" \/>\n<meta property=\"og:description\" content=\"\u00e9lodie fr\u00e9g\u00e9 Fortune expliqu\u00e9e \u00e0 partir de faits v\u00e9rifi\u00e9s, d\u2019estimations r\u00e9alistes et de l\u2019impact de sa carri\u00e8re musicale, t\u00e9l\u00e9visuelle et,\" \/>\n<meta property=\"og:url\" content=\"https:\/\/fashubash.com\/fr\/elodie-frege-fortune\/\" \/>\n<meta property=\"og:site_name\" content=\"FashuBash\" \/>\n<meta property=\"article:published_time\" content=\"2026-01-18T19:02:35+00:00\" \/>\n<meta property=\"og:image\" content=\"https:\/\/fashubash.com\/fr\/wp-content\/uploads\/2026\/01\/Elodie-Frege-Fortune-ce-que-lon-sait-reellement-en-2026.png\" \/>\n\t<meta property=\"og:image:width\" content=\"387\" \/>\n\t<meta property=\"og:image:height\" content=\"337\" \/>\n\t<meta property=\"og:image:type\" content=\"image\/png\" \/>\n<meta name=\"author\" content=\"Alex C\" \/>\n<meta name=\"twitter:card\" content=\"summary_large_image\" \/>\n<meta name=\"twitter:label1\" content=\"\u00c9crit par\" \/>\n\t<meta name=\"twitter:data1\" content=\"Alex C\" \/>\n\t<meta name=\"twitter:label2\" content=\"Dur\u00e9e de lecture estim\u00e9e\" \/>\n\t<meta name=\"twitter:data2\" content=\"6 minutes\" \/>\n<script type=\"application\/ld+json\" class=\"yoast-schema-graph\">{\"@context\":\"https:\/\/schema.org\",\"@graph\":[{\"@type\":\"Article\",\"@id\":\"https:\/\/fashubash.com\/fr\/elodie-frege-fortune\/#article\",\"isPartOf\":{\"@id\":\"https:\/\/fashubash.com\/fr\/elodie-frege-fortune\/\"},\"author\":{\"name\":\"Alex C\",\"@id\":\"https:\/\/fashubash.com\/fr\/#\/schema\/person\/8ff2ec71248c40fea373970020877682\"},\"headline\":\"\u00c9lodie Fr\u00e9g\u00e9 Fortune : ce que l\u2019on sait r\u00e9ellement en 2026\",\"datePublished\":\"2026-01-18T19:02:35+00:00\",\"mainEntityOfPage\":{\"@id\":\"https:\/\/fashubash.com\/fr\/elodie-frege-fortune\/\"},\"wordCount\":1227,\"commentCount\":0,\"image\":{\"@id\":\"https:\/\/fashubash.com\/fr\/elodie-frege-fortune\/#primaryimage\"},\"thumbnailUrl\":\"https:\/\/fashubash.com\/fr\/wp-content\/uploads\/2026\/01\/Elodie-Frege-Fortune-ce-que-lon-sait-reellement-en-2026.png\",\"articleSection\":[\"Chanteuse\"],\"inLanguage\":\"fr-FR\",\"potentialAction\":[{\"@type\":\"CommentAction\",\"name\":\"Comment\",\"target\":[\"https:\/\/fashubash.com\/fr\/elodie-frege-fortune\/#respond\"]}]},{\"@type\":\"WebPage\",\"@id\":\"https:\/\/fashubash.com\/fr\/elodie-frege-fortune\/\",\"url\":\"https:\/\/fashubash.com\/fr\/elodie-frege-fortune\/\",\"name\":\"\u00c9lodie Fr\u00e9g\u00e9 Fortune : ce que l\u2019on sait r\u00e9ellement en 2026\",\"isPartOf\":{\"@id\":\"https:\/\/fashubash.com\/fr\/#website\"},\"primaryImageOfPage\":{\"@id\":\"https:\/\/fashubash.com\/fr\/elodie-frege-fortune\/#primaryimage\"},\"image\":{\"@id\":\"https:\/\/fashubash.com\/fr\/elodie-frege-fortune\/#primaryimage\"},\"thumbnailUrl\":\"https:\/\/fashubash.com\/fr\/wp-content\/uploads\/2026\/01\/Elodie-Frege-Fortune-ce-que-lon-sait-reellement-en-2026.png\",\"datePublished\":\"2026-01-18T19:02:35+00:00\",\"author\":{\"@id\":\"https:\/\/fashubash.com\/fr\/#\/schema\/person\/8ff2ec71248c40fea373970020877682\"},\"description\":\"\u00e9lodie fr\u00e9g\u00e9 Fortune expliqu\u00e9e \u00e0 partir de faits v\u00e9rifi\u00e9s, d\u2019estimations r\u00e9alistes et de l\u2019impact de sa carri\u00e8re musicale, t\u00e9l\u00e9visuelle et,\",\"breadcrumb\":{\"@id\":\"https:\/\/fashubash.com\/fr\/elodie-frege-fortune\/#breadcrumb\"},\"inLanguage\":\"fr-FR\",\"potentialAction\":[{\"@type\":\"ReadAction\",\"target\":[\"https:\/\/fashubash.com\/fr\/elodie-frege-fortune\/\"]}]},{\"@type\":\"ImageObject\",\"inLanguage\":\"fr-FR\",\"@id\":\"https:\/\/fashubash.com\/fr\/elodie-frege-fortune\/#primaryimage\",\"url\":\"https:\/\/fashubash.com\/fr\/wp-content\/uploads\/2026\/01\/Elodie-Frege-Fortune-ce-que-lon-sait-reellement-en-2026.png\",\"contentUrl\":\"https:\/\/fashubash.com\/fr\/wp-content\/uploads\/2026\/01\/Elodie-Frege-Fortune-ce-que-lon-sait-reellement-en-2026.png\",\"width\":387,\"height\":337,\"caption\":\"\u00e9lodie fr\u00e9g\u00e9 fortune\"},{\"@type\":\"BreadcrumbList\",\"@id\":\"https:\/\/fashubash.com\/fr\/elodie-frege-fortune\/#breadcrumb\",\"itemListElement\":[{\"@type\":\"ListItem\",\"position\":1,\"name\":\"Accueil\",\"item\":\"https:\/\/fashubash.com\/fr\/\"},{\"@type\":\"ListItem\",\"position\":2,\"name\":\"\u00c9lodie Fr\u00e9g\u00e9 Fortune : ce que l\u2019on sait r\u00e9ellement en 2026\"}]},{\"@type\":\"WebSite\",\"@id\":\"https:\/\/fashubash.com\/fr\/#website\",\"url\":\"https:\/\/fashubash.com\/fr\/\",\"name\":\"FashuBash\",\"description\":\"Estime Fortune\",\"potentialAction\":[{\"@type\":\"SearchAction\",\"target\":{\"@type\":\"EntryPoint\",\"urlTemplate\":\"https:\/\/fashubash.com\/fr\/?s={search_term_string}\"},\"query-input\":{\"@type\":\"PropertyValueSpecification\",\"valueRequired\":true,\"valueName\":\"search_term_string\"}}],\"inLanguage\":\"fr-FR\"},{\"@type\":\"Person\",\"@id\":\"https:\/\/fashubash.com\/fr\/#\/schema\/person\/8ff2ec71248c40fea373970020877682\",\"name\":\"Alex C\",\"image\":{\"@type\":\"ImageObject\",\"inLanguage\":\"fr-FR\",\"@id\":\"https:\/\/secure.gravatar.com\/avatar\/4171ee932dff73cb47d6416e67667dcab1f489bd31739fbb405732d7d700ea3d?s=96&d=mm&r=g\",\"url\":\"https:\/\/secure.gravatar.com\/avatar\/4171ee932dff73cb47d6416e67667dcab1f489bd31739fbb405732d7d700ea3d?s=96&d=mm&r=g\",\"contentUrl\":\"https:\/\/secure.gravatar.com\/avatar\/4171ee932dff73cb47d6416e67667dcab1f489bd31739fbb405732d7d700ea3d?s=96&d=mm&r=g\",\"caption\":\"Alex C\"},\"sameAs\":[\"https:\/\/fashubash.com\/fr\/\"],\"url\":\"https:\/\/fashubash.com\/fr\/author\/alexander-c22\/\"}]}<\/script>\n<!-- \/ Yoast SEO plugin. -->","yoast_head_json":{"title":"\u00c9lodie Fr\u00e9g\u00e9 Fortune : ce que l\u2019on sait r\u00e9ellement en 2026","description":"\u00e9lodie fr\u00e9g\u00e9 Fortune expliqu\u00e9e \u00e0 partir de faits v\u00e9rifi\u00e9s, d\u2019estimations r\u00e9alistes et de l\u2019impact de sa carri\u00e8re musicale, t\u00e9l\u00e9visuelle et,","robots":{"index":"index","follow":"follow","max-snippet":"max-snippet:-1","max-image-preview":"max-image-preview:large","max-video-preview":"max-video-preview:-1"},"canonical":"https:\/\/fashubash.com\/fr\/elodie-frege-fortune\/","og_locale":"fr_FR","og_type":"article","og_title":"\u00c9lodie Fr\u00e9g\u00e9 Fortune : ce que l\u2019on sait r\u00e9ellement en 2026","og_description":"\u00e9lodie fr\u00e9g\u00e9 Fortune expliqu\u00e9e \u00e0 partir de faits v\u00e9rifi\u00e9s, d\u2019estimations r\u00e9alistes et de l\u2019impact de sa carri\u00e8re musicale, t\u00e9l\u00e9visuelle et,","og_url":"https:\/\/fashubash.com\/fr\/elodie-frege-fortune\/","og_site_name":"FashuBash","article_published_time":"2026-01-18T19:02:35+00:00","og_image":[{"width":387,"height":337,"url":"https:\/\/fashubash.com\/fr\/wp-content\/uploads\/2026\/01\/Elodie-Frege-Fortune-ce-que-lon-sait-reellement-en-2026.png","type":"image\/png"}],"author":"Alex C","twitter_card":"summary_large_image","twitter_misc":{"\u00c9crit par":"Alex C","Dur\u00e9e de lecture estim\u00e9e":"6 minutes"},"schema":{"@context":"https:\/\/schema.org","@graph":[{"@type":"Article","@id":"https:\/\/fashubash.com\/fr\/elodie-frege-fortune\/#article","isPartOf":{"@id":"https:\/\/fashubash.com\/fr\/elodie-frege-fortune\/"},"author":{"name":"Alex C","@id":"https:\/\/fashubash.com\/fr\/#\/schema\/person\/8ff2ec71248c40fea373970020877682"},"headline":"\u00c9lodie Fr\u00e9g\u00e9 Fortune : ce que l\u2019on sait r\u00e9ellement en 2026","datePublished":"2026-01-18T19:02:35+00:00","mainEntityOfPage":{"@id":"https:\/\/fashubash.com\/fr\/elodie-frege-fortune\/"},"wordCount":1227,"commentCount":0,"image":{"@id":"https:\/\/fashubash.com\/fr\/elodie-frege-fortune\/#primaryimage"},"thumbnailUrl":"https:\/\/fashubash.com\/fr\/wp-content\/uploads\/2026\/01\/Elodie-Frege-Fortune-ce-que-lon-sait-reellement-en-2026.png","articleSection":["Chanteuse"],"inLanguage":"fr-FR","potentialAction":[{"@type":"CommentAction","name":"Comment","target":["https:\/\/fashubash.com\/fr\/elodie-frege-fortune\/#respond"]}]},{"@type":"WebPage","@id":"https:\/\/fashubash.com\/fr\/elodie-frege-fortune\/","url":"https:\/\/fashubash.com\/fr\/elodie-frege-fortune\/","name":"\u00c9lodie Fr\u00e9g\u00e9 Fortune : ce que l\u2019on sait r\u00e9ellement en 2026","isPartOf":{"@id":"https:\/\/fashubash.com\/fr\/#website"},"primaryImageOfPage":{"@id":"https:\/\/fashubash.com\/fr\/elodie-frege-fortune\/#primaryimage"},"image":{"@id":"https:\/\/fashubash.com\/fr\/elodie-frege-fortune\/#primaryimage"},"thumbnailUrl":"https:\/\/fashubash.com\/fr\/wp-content\/uploads\/2026\/01\/Elodie-Frege-Fortune-ce-que-lon-sait-reellement-en-2026.png","datePublished":"2026-01-18T19:02:35+00:00","author":{"@id":"https:\/\/fashubash.com\/fr\/#\/schema\/person\/8ff2ec71248c40fea373970020877682"},"description":"\u00e9lodie fr\u00e9g\u00e9 Fortune expliqu\u00e9e \u00e0 partir de faits v\u00e9rifi\u00e9s, d\u2019estimations r\u00e9alistes et de l\u2019impact de sa carri\u00e8re musicale, t\u00e9l\u00e9visuelle et,","breadcrumb":{"@id":"https:\/\/fashubash.com\/fr\/elodie-frege-fortune\/#breadcrumb"},"inLanguage":"fr-FR","potentialAction":[{"@type":"ReadAction","target":["https:\/\/fashubash.com\/fr\/elodie-frege-fortune\/"]}]},{"@type":"ImageObject","inLanguage":"fr-FR","@id":"https:\/\/fashubash.com\/fr\/elodie-frege-fortune\/#primaryimage","url":"https:\/\/fashubash.com\/fr\/wp-content\/uploads\/2026\/01\/Elodie-Frege-Fortune-ce-que-lon-sait-reellement-en-2026.png","contentUrl":"https:\/\/fashubash.com\/fr\/wp-content\/uploads\/2026\/01\/Elodie-Frege-Fortune-ce-que-lon-sait-reellement-en-2026.png","width":387,"height":337,"caption":"\u00e9lodie fr\u00e9g\u00e9 fortune"},{"@type":"BreadcrumbList","@id":"https:\/\/fashubash.com\/fr\/elodie-frege-fortune\/#breadcrumb","itemListElement":[{"@type":"ListItem","position":1,"name":"Accueil","item":"https:\/\/fashubash.com\/fr\/"},{"@type":"ListItem","position":2,"name":"\u00c9lodie Fr\u00e9g\u00e9 Fortune : ce que l\u2019on sait r\u00e9ellement en 2026"}]},{"@type":"WebSite","@id":"https:\/\/fashubash.com\/fr\/#website","url":"https:\/\/fashubash.com\/fr\/","name":"FashuBash","description":"Estime Fortune","potentialAction":[{"@type":"SearchAction","target":{"@type":"EntryPoint","urlTemplate":"https:\/\/fashubash.com\/fr\/?s={search_term_string}"},"query-input":{"@type":"PropertyValueSpecification","valueRequired":true,"valueName":"search_term_string"}}],"inLanguage":"fr-FR"},{"@type":"Person","@id":"https:\/\/fashubash.com\/fr\/#\/schema\/person\/8ff2ec71248c40fea373970020877682","name":"Alex C","image":{"@type":"ImageObject","inLanguage":"fr-FR","@id":"https:\/\/secure.gravatar.com\/avatar\/4171ee932dff73cb47d6416e67667dcab1f489bd31739fbb405732d7d700ea3d?s=96&d=mm&r=g","url":"https:\/\/secure.gravatar.com\/avatar\/4171ee932dff73cb47d6416e67667dcab1f489bd31739fbb405732d7d700ea3d?s=96&d=mm&r=g","contentUrl":"https:\/\/secure.gravatar.com\/avatar\/4171ee932dff73cb47d6416e67667dcab1f489bd31739fbb405732d7d700ea3d?s=96&d=mm&r=g","caption":"Alex C"},"sameAs":["https:\/\/fashubash.com\/fr\/"],"url":"https:\/\/fashubash.com\/fr\/author\/alexander-c22\/"}]}},"_links":{"self":[{"href":"https:\/\/fashubash.com\/fr\/wp-json\/wp\/v2\/posts\/2653","targetHints":{"allow":["GET"]}}],"collection":[{"href":"https:\/\/fashubash.com\/fr\/wp-json\/wp\/v2\/posts"}],"about":[{"href":"https:\/\/fashubash.com\/fr\/wp-json\/wp\/v2\/types\/post"}],"author":[{"embeddable":true,"href":"https:\/\/fashubash.com\/fr\/wp-json\/wp\/v2\/users\/4"}],"replies":[{"embeddable":true,"href":"https:\/\/fashubash.com\/fr\/wp-json\/wp\/v2\/comments?post=2653"}],"version-history":[{"count":1,"href":"https:\/\/fashubash.com\/fr\/wp-json\/wp\/v2\/posts\/2653\/revisions"}],"predecessor-version":[{"id":2655,"href":"https:\/\/fashubash.com\/fr\/wp-json\/wp\/v2\/posts\/2653\/revisions\/2655"}],"wp:featuredmedia":[{"embeddable":true,"href":"https:\/\/fashubash.com\/fr\/wp-json\/wp\/v2\/media\/2654"}],"wp:attachment":[{"href":"https:\/\/fashubash.com\/fr\/wp-json\/wp\/v2\/media?parent=2653"}],"wp:term":[{"taxonomy":"category","embeddable":true,"href":"https:\/\/fashubash.com\/fr\/wp-json\/wp\/v2\/categories?post=2653"},{"taxonomy":"post_tag","embeddable":true,"href":"https:\/\/fashubash.com\/fr\/wp-json\/wp\/v2\/tags?post=2653"}],"curies":[{"name":"wp","href":"https:\/\/api.w.org\/{rel}","templated":true}]}}